{"id":5871,"date":"2023-05-19T10:13:46","date_gmt":"2023-05-19T08:13:46","guid":{"rendered":"https:\/\/agora.xtec.cat\/escolabacdecerdanya\/?p=5871"},"modified":"2023-06-23T11:13:10","modified_gmt":"2023-06-23T09:13:10","slug":"hem-anat-al-parc-animalier-de-les-angles","status":"publish","type":"post","link":"https:\/\/agora.xtec.cat\/escolabacdecerdanya\/general\/hem-anat-al-parc-animalier-de-les-angles\/","title":{"rendered":"HEM ANAT AL &#8220;PARC ANIMALIER&#8221; DE LES ANGLES"},"content":{"rendered":"<p>Aquest dimecres, dia 17 de maig els nens i les nenes d&#8217;Educaci\u00f3 Infantil hem anat a passar el dia a Les Angles. Hem passejat durant tot el mat\u00ed pel parc d&#8217;animals i hem pogut veure i observar els animals de muntanya dins el seu h\u00e0bitat natural.<\/p>\n<p>Ha estat emocionant veure el ramat de Muflons amb una munt de cries passant pel mig del bosc, hem vist els cervols, com l&#8217;Alpi, les cabres, els cabirols i els isards que ens van acompanyar un tros del cam\u00ed.<\/p>\n<p>Ha estat molt graci\u00f3s veure les marmotes com entraven i sortien dels seus caus, com menjaven i com ens miraven fixament.<\/p>\n<p>Els llops estaven molt amagats i no es deixaven veure gaire, en canvi si vam veure superb\u00e9 els tres \u00f3ssos.<\/p>\n<p>Una mica abans de sortir ens hem trobat les daines que ens han fet passar una bona estona, ens han fet un munt de &#8220;petonets&#8221;.<\/p>\n<p>Pel cam\u00ed tamb\u00e9 hem anat observant les plantes, petjades i altres coses curioses que ens hem anat trobant, com formiguers&#8230;<a href=\"https:\/\/agora.xtec.cat\/escolabacdecerdanya\/albums-de-fotos\/educacio-infantil\/\"><img loading=\"lazy\" decoding=\"async\" class=\"alignnone size-large wp-image-5872\" src=\"https:\/\/agora.xtec.cat\/escolabacdecerdanya\/wp-content\/uploads\/usu1753\/2023\/06\/IMG_20230517_114302-1024x769.jpg\" alt=\"\" width=\"1024\" height=\"769\" srcset=\"https:\/\/agora.xtec.cat\/escolabacdecerdanya\/wp-content\/uploads\/usu1753\/2023\/06\/IMG_20230517_114302-1024x769.jpg 1024w, https:\/\/agora.xtec.cat\/escolabacdecerdanya\/wp-content\/uploads\/usu1753\/2023\/06\/IMG_20230517_114302-300x225.jpg 300w, https:\/\/agora.xtec.cat\/escolabacdecerdanya\/wp-content\/uploads\/usu1753\/2023\/06\/IMG_20230517_114302-768x577.jpg 768w, https:\/\/agora.xtec.cat\/escolabacdecerdanya\/wp-content\/uploads\/usu1753\/2023\/06\/IMG_20230517_114302-1536x1153.jpg 1536w, https:\/\/agora.xtec.cat\/escolabacdecerdanya\/wp-content\/uploads\/usu1753\/2023\/06\/IMG_20230517_114302-2048x1538.jpg 2048w, https:\/\/agora.xtec.cat\/escolabacdecerdanya\/wp-content\/uploads\/usu1753\/2023\/06\/IMG_20230517_114302-200x150.jpg 200w\" sizes=\"auto, (max-width: 1024px) 100vw, 1024px\" \/><\/a><\/p>\n","protected":false},"excerpt":{"rendered":"<p>Aquest dimecres, dia 17 de maig els nens i les nenes d&#8217;Educaci\u00f3 Infantil hem anat a passar el dia a Les Angles. Hem passejat durant tot el mat\u00ed pel parc d&#8217;animals i hem pogut veure i observar els animals de muntanya dins el seu h\u00e0bitat&hellip;  <a href=\"https:\/\/agora.xtec.cat\/escolabacdecerdanya\/general\/hem-anat-al-parc-animalier-de-les-angles\/\" title=\"Read HEM ANAT AL &#8220;PARC ANIMALIER&#8221; DE LES ANGLES\">Llegeix m\u00e9s\u00bb<\/a><\/p>\n","protected":false},"author":10,"featured_media":5872,"comment_status":"open","ping_status":"closed","sticky":false,"template":"","format":"standard","meta":{"_bbp_topic_count":0,"_bbp_reply_count":0,"_bbp_total_topic_count":0,"_bbp_total_reply_count":0,"_bbp_voice_count":0,"_bbp_anonymous_reply_count":0,"_bbp_topic_count_hidden":0,"_bbp_reply_count_hidden":0,"_bbp_forum_subforum_count":0,"footnotes":""},"categories":[103,1,61,3,8,9,4,86],"tags":[],"class_list":["post-5871","post","type-post","status-publish","format-standard","has-post-thumbnail","hentry","category-infantil-2","category-general","category-novetats","category-p3","category-p4","category-p5","category-portada","category-sortida"],"post_mailing_queue_ids":[],"_links":{"self":[{"href":"https:\/\/agora.xtec.cat\/escolabacdecerdanya\/wp-json\/wp\/v2\/posts\/5871","targetHints":{"allow":["GET"]}}],"collection":[{"href":"https:\/\/agora.xtec.cat\/escolabacdecerdanya\/wp-json\/wp\/v2\/posts"}],"about":[{"href":"https:\/\/agora.xtec.cat\/escolabacdecerdanya\/wp-json\/wp\/v2\/types\/post"}],"author":[{"embeddable":true,"href":"https:\/\/agora.xtec.cat\/escolabacdecerdanya\/wp-json\/wp\/v2\/users\/10"}],"replies":[{"embeddable":true,"href":"https:\/\/agora.xtec.cat\/escolabacdecerdanya\/wp-json\/wp\/v2\/comments?post=5871"}],"version-history":[{"count":1,"href":"https:\/\/agora.xtec.cat\/escolabacdecerdanya\/wp-json\/wp\/v2\/posts\/5871\/revisions"}],"predecessor-version":[{"id":5875,"href":"https:\/\/agora.xtec.cat\/escolabacdecerdanya\/wp-json\/wp\/v2\/posts\/5871\/revisions\/5875"}],"wp:featuredmedia":[{"embeddable":true,"href":"https:\/\/agora.xtec.cat\/escolabacdecerdanya\/wp-json\/wp\/v2\/media\/5872"}],"wp:attachment":[{"href":"https:\/\/agora.xtec.cat\/escolabacdecerdanya\/wp-json\/wp\/v2\/media?parent=5871"}],"wp:term":[{"taxonomy":"category","embeddable":true,"href":"https:\/\/agora.xtec.cat\/escolabacdecerdanya\/wp-json\/wp\/v2\/categories?post=5871"},{"taxonomy":"post_tag","embeddable":true,"href":"https:\/\/agora.xtec.cat\/escolabacdecerdanya\/wp-json\/wp\/v2\/tags?post=5871"}],"curies":[{"name":"wp","href":"https:\/\/api.w.org\/{rel}","templated":true}]}}