{"id":5860,"date":"2023-06-22T07:51:59","date_gmt":"2023-06-22T05:51:59","guid":{"rendered":"https:\/\/agora.xtec.cat\/escolabacdecerdanya\/?p=5860"},"modified":"2023-06-22T07:52:56","modified_gmt":"2023-06-22T05:52:56","slug":"fem-curtmetratges","status":"publish","type":"post","link":"https:\/\/agora.xtec.cat\/escolabacdecerdanya\/general\/fem-curtmetratges\/","title":{"rendered":"Fem CURTMETRATGES"},"content":{"rendered":"<p>Aquest trimestre, els alumnes de Cicle Superior hem estat fent uns curtmetratges.<\/p>\n<p>Separats en dos grups, cada grup va pensar idees i en van decidir una, despr\u00e9s van elaborar la hist\u00f2ria i, separant per escenes, van crear els di\u00e0legs. Finalment, vam fer les gravacions.<\/p>\n<p>El dimarts vam poder fer una mini sessi\u00f3 de cinema per poder visualitzar els dos curts. Els voleu veure? Doncs cliqueu sobre els t\u00edtols i us portaran a la p\u00e0gina on els podreu veure.<\/p>\n<p><a href=\"https:\/\/agora.xtec.cat\/escolabacdecerdanya\/wp-content\/uploads\/usu1753\/2023\/06\/ASSASSINATS.png\"><img loading=\"lazy\" decoding=\"async\" class=\"wp-image-5864 alignnone\" src=\"https:\/\/agora.xtec.cat\/escolabacdecerdanya\/wp-content\/uploads\/usu1753\/2023\/06\/ASSASSINATS-300x145.png\" alt=\"\" width=\"366\" height=\"177\" srcset=\"https:\/\/agora.xtec.cat\/escolabacdecerdanya\/wp-content\/uploads\/usu1753\/2023\/06\/ASSASSINATS-300x145.png 300w, https:\/\/agora.xtec.cat\/escolabacdecerdanya\/wp-content\/uploads\/usu1753\/2023\/06\/ASSASSINATS-1024x496.png 1024w, https:\/\/agora.xtec.cat\/escolabacdecerdanya\/wp-content\/uploads\/usu1753\/2023\/06\/ASSASSINATS-768x372.png 768w, https:\/\/agora.xtec.cat\/escolabacdecerdanya\/wp-content\/uploads\/usu1753\/2023\/06\/ASSASSINATS-1536x743.png 1536w, https:\/\/agora.xtec.cat\/escolabacdecerdanya\/wp-content\/uploads\/usu1753\/2023\/06\/ASSASSINATS.png 1849w\" sizes=\"auto, (max-width: 366px) 100vw, 366px\" \/><\/a> <a href=\"https:\/\/agora.xtec.cat\/escolabacdecerdanya\/wp-content\/uploads\/usu1753\/2023\/06\/NEN.png\"><img loading=\"lazy\" decoding=\"async\" class=\"wp-image-5861 alignnone\" src=\"https:\/\/agora.xtec.cat\/escolabacdecerdanya\/wp-content\/uploads\/usu1753\/2023\/06\/NEN-300x144.png\" alt=\"\" width=\"371\" height=\"178\" srcset=\"https:\/\/agora.xtec.cat\/escolabacdecerdanya\/wp-content\/uploads\/usu1753\/2023\/06\/NEN-300x144.png 300w, https:\/\/agora.xtec.cat\/escolabacdecerdanya\/wp-content\/uploads\/usu1753\/2023\/06\/NEN-1024x493.png 1024w, https:\/\/agora.xtec.cat\/escolabacdecerdanya\/wp-content\/uploads\/usu1753\/2023\/06\/NEN-768x370.png 768w, https:\/\/agora.xtec.cat\/escolabacdecerdanya\/wp-content\/uploads\/usu1753\/2023\/06\/NEN-1536x739.png 1536w, https:\/\/agora.xtec.cat\/escolabacdecerdanya\/wp-content\/uploads\/usu1753\/2023\/06\/NEN.png 1847w\" sizes=\"auto, (max-width: 371px) 100vw, 371px\" \/><\/a><\/p>\n<p>3&#8230;..2&#8230;..1&#8230;&#8230;acci\u00f3!<\/p>\n<p><a href=\"https:\/\/agora.xtec.cat\/escolabacdecerdanya\/albums-de-fotos\/cicle-superior\/\">CURTMETRATGES DE CICLE SUPERIOR<\/a><\/p>\n","protected":false},"excerpt":{"rendered":"<p>Aquest trimestre, els alumnes de Cicle Superior hem estat fent uns curtmetratges.<br \/>\nSeparats en dos grups, cada grup va pensar idees i en van decidir una, despr\u00e9s van elaborar la hist\u00f2ria i, separant per escenes, van crear els di\u00e0legs. Finalment, vam fer les gravacions.<br \/>\nEl dimarts vam&hellip;  <a href=\"https:\/\/agora.xtec.cat\/escolabacdecerdanya\/general\/fem-curtmetratges\/\" title=\"Read Fem CURTMETRATGES\">Llegeix m\u00e9s\u00bb<\/a><\/p>\n","protected":false},"author":3,"featured_media":5865,"comment_status":"open","ping_status":"closed","sticky":false,"template":"","format":"standard","meta":{"_bbp_topic_count":0,"_bbp_reply_count":0,"_bbp_total_topic_count":0,"_bbp_total_reply_count":0,"_bbp_voice_count":0,"_bbp_anonymous_reply_count":0,"_bbp_topic_count_hidden":0,"_bbp_reply_count_hidden":0,"_bbp_forum_subforum_count":0,"footnotes":""},"categories":[14,15,76,1,61,4,116],"tags":[266,202],"class_list":["post-5860","post","type-post","status-publish","format-standard","has-post-thumbnail","hentry","category-5e","category-6e","category-cicle-superior","category-general","category-novetats","category-portada","category-tac","tag-curts","tag-tac"],"post_mailing_queue_ids":[],"_links":{"self":[{"href":"https:\/\/agora.xtec.cat\/escolabacdecerdanya\/wp-json\/wp\/v2\/posts\/5860","targetHints":{"allow":["GET"]}}],"collection":[{"href":"https:\/\/agora.xtec.cat\/escolabacdecerdanya\/wp-json\/wp\/v2\/posts"}],"about":[{"href":"https:\/\/agora.xtec.cat\/escolabacdecerdanya\/wp-json\/wp\/v2\/types\/post"}],"author":[{"embeddable":true,"href":"https:\/\/agora.xtec.cat\/escolabacdecerdanya\/wp-json\/wp\/v2\/users\/3"}],"replies":[{"embeddable":true,"href":"https:\/\/agora.xtec.cat\/escolabacdecerdanya\/wp-json\/wp\/v2\/comments?post=5860"}],"version-history":[{"count":1,"href":"https:\/\/agora.xtec.cat\/escolabacdecerdanya\/wp-json\/wp\/v2\/posts\/5860\/revisions"}],"predecessor-version":[{"id":5867,"href":"https:\/\/agora.xtec.cat\/escolabacdecerdanya\/wp-json\/wp\/v2\/posts\/5860\/revisions\/5867"}],"wp:featuredmedia":[{"embeddable":true,"href":"https:\/\/agora.xtec.cat\/escolabacdecerdanya\/wp-json\/wp\/v2\/media\/5865"}],"wp:attachment":[{"href":"https:\/\/agora.xtec.cat\/escolabacdecerdanya\/wp-json\/wp\/v2\/media?parent=5860"}],"wp:term":[{"taxonomy":"category","embeddable":true,"href":"https:\/\/agora.xtec.cat\/escolabacdecerdanya\/wp-json\/wp\/v2\/categories?post=5860"},{"taxonomy":"post_tag","embeddable":true,"href":"https:\/\/agora.xtec.cat\/escolabacdecerdanya\/wp-json\/wp\/v2\/tags?post=5860"}],"curies":[{"name":"wp","href":"https:\/\/api.w.org\/{rel}","templated":true}]}}