{"id":5782,"date":"2023-05-31T17:23:04","date_gmt":"2023-05-31T15:23:04","guid":{"rendered":"https:\/\/agora.xtec.cat\/escolabacdecerdanya\/?p=5782"},"modified":"2023-05-31T17:26:49","modified_gmt":"2023-05-31T15:26:49","slug":"colonies-a-mas-gircos","status":"publish","type":"post","link":"https:\/\/agora.xtec.cat\/escolabacdecerdanya\/general\/colonies-a-mas-gircos\/","title":{"rendered":"COL\u00d2NIES A MAS GIRC\u00d3S"},"content":{"rendered":"<p>Avui comencem les col\u00f2nies a Mas Girc\u00f3s.\u00a0 Els de prim\u00e0ria hem visitat el volc\u00e0 de Santa Margarida i hem arribat fins el mig del cr\u00e0ter a veure l&#8217;ermita.\u00a0 Els d&#8217;infantil hem fet una volta per la Fageda d&#8217;en Jord\u00e0 acompanyats del Follet Bolet i la Fada Fulla.<\/p>\n<p><a href=\"https:\/\/agora.xtec.cat\/escolabacdecerdanya\/wp-content\/uploads\/usu1753\/2023\/05\/IMG-20230531-WA0010.jpg\"><img loading=\"lazy\" decoding=\"async\" class=\"alignnone size-large wp-image-5783\" src=\"https:\/\/agora.xtec.cat\/escolabacdecerdanya\/wp-content\/uploads\/usu1753\/2023\/05\/IMG-20230531-WA0010-768x1024.jpg\" alt=\"\" width=\"768\" height=\"1024\" srcset=\"https:\/\/agora.xtec.cat\/escolabacdecerdanya\/wp-content\/uploads\/usu1753\/2023\/05\/IMG-20230531-WA0010-768x1024.jpg 768w, https:\/\/agora.xtec.cat\/escolabacdecerdanya\/wp-content\/uploads\/usu1753\/2023\/05\/IMG-20230531-WA0010-225x300.jpg 225w, https:\/\/agora.xtec.cat\/escolabacdecerdanya\/wp-content\/uploads\/usu1753\/2023\/05\/IMG-20230531-WA0010-1152x1536.jpg 1152w, https:\/\/agora.xtec.cat\/escolabacdecerdanya\/wp-content\/uploads\/usu1753\/2023\/05\/IMG-20230531-WA0010.jpg 1536w\" sizes=\"auto, (max-width: 768px) 100vw, 768px\" \/><\/a> <a href=\"https:\/\/agora.xtec.cat\/escolabacdecerdanya\/wp-content\/uploads\/usu1753\/2023\/05\/IMG-20230531-WA0011.jpg\"><img loading=\"lazy\" decoding=\"async\" class=\"alignnone size-large wp-image-5784\" src=\"https:\/\/agora.xtec.cat\/escolabacdecerdanya\/wp-content\/uploads\/usu1753\/2023\/05\/IMG-20230531-WA0011-768x1024.jpg\" alt=\"\" width=\"768\" height=\"1024\" srcset=\"https:\/\/agora.xtec.cat\/escolabacdecerdanya\/wp-content\/uploads\/usu1753\/2023\/05\/IMG-20230531-WA0011-768x1024.jpg 768w, https:\/\/agora.xtec.cat\/escolabacdecerdanya\/wp-content\/uploads\/usu1753\/2023\/05\/IMG-20230531-WA0011-225x300.jpg 225w, https:\/\/agora.xtec.cat\/escolabacdecerdanya\/wp-content\/uploads\/usu1753\/2023\/05\/IMG-20230531-WA0011-1152x1536.jpg 1152w, https:\/\/agora.xtec.cat\/escolabacdecerdanya\/wp-content\/uploads\/usu1753\/2023\/05\/IMG-20230531-WA0011.jpg 1536w\" sizes=\"auto, (max-width: 768px) 100vw, 768px\" \/><\/a> <a href=\"https:\/\/agora.xtec.cat\/escolabacdecerdanya\/wp-content\/uploads\/usu1753\/2023\/05\/IMG-20230531-WA0012.jpg\"><img loading=\"lazy\" decoding=\"async\" class=\"alignnone size-large wp-image-5785\" src=\"https:\/\/agora.xtec.cat\/escolabacdecerdanya\/wp-content\/uploads\/usu1753\/2023\/05\/IMG-20230531-WA0012-768x1024.jpg\" alt=\"\" width=\"768\" height=\"1024\" srcset=\"https:\/\/agora.xtec.cat\/escolabacdecerdanya\/wp-content\/uploads\/usu1753\/2023\/05\/IMG-20230531-WA0012-768x1024.jpg 768w, https:\/\/agora.xtec.cat\/escolabacdecerdanya\/wp-content\/uploads\/usu1753\/2023\/05\/IMG-20230531-WA0012-225x300.jpg 225w, https:\/\/agora.xtec.cat\/escolabacdecerdanya\/wp-content\/uploads\/usu1753\/2023\/05\/IMG-20230531-WA0012-1152x1536.jpg 1152w, https:\/\/agora.xtec.cat\/escolabacdecerdanya\/wp-content\/uploads\/usu1753\/2023\/05\/IMG-20230531-WA0012.jpg 1536w\" sizes=\"auto, (max-width: 768px) 100vw, 768px\" \/><\/a> <a href=\"https:\/\/agora.xtec.cat\/escolabacdecerdanya\/wp-content\/uploads\/usu1753\/2023\/05\/IMG-20230531-WA0015.jpg\"><img loading=\"lazy\" decoding=\"async\" class=\"alignnone size-large wp-image-5786\" src=\"https:\/\/agora.xtec.cat\/escolabacdecerdanya\/wp-content\/uploads\/usu1753\/2023\/05\/IMG-20230531-WA0015-768x1024.jpg\" alt=\"\" width=\"768\" height=\"1024\" srcset=\"https:\/\/agora.xtec.cat\/escolabacdecerdanya\/wp-content\/uploads\/usu1753\/2023\/05\/IMG-20230531-WA0015-768x1024.jpg 768w, https:\/\/agora.xtec.cat\/escolabacdecerdanya\/wp-content\/uploads\/usu1753\/2023\/05\/IMG-20230531-WA0015-225x300.jpg 225w, https:\/\/agora.xtec.cat\/escolabacdecerdanya\/wp-content\/uploads\/usu1753\/2023\/05\/IMG-20230531-WA0015-1152x1536.jpg 1152w, https:\/\/agora.xtec.cat\/escolabacdecerdanya\/wp-content\/uploads\/usu1753\/2023\/05\/IMG-20230531-WA0015.jpg 1536w\" sizes=\"auto, (max-width: 768px) 100vw, 768px\" \/><\/a><\/p>\n<p><a href=\"https:\/\/agora.xtec.cat\/escolabacdecerdanya\/wp-content\/uploads\/usu1753\/2023\/05\/IMG-20230531-WA0016.jpg\"><img loading=\"lazy\" decoding=\"async\" class=\"alignnone size-full wp-image-5787\" src=\"https:\/\/agora.xtec.cat\/escolabacdecerdanya\/wp-content\/uploads\/usu1753\/2023\/05\/IMG-20230531-WA0016.jpg\" alt=\"\" width=\"1024\" height=\"768\" srcset=\"https:\/\/agora.xtec.cat\/escolabacdecerdanya\/wp-content\/uploads\/usu1753\/2023\/05\/IMG-20230531-WA0016.jpg 1024w, https:\/\/agora.xtec.cat\/escolabacdecerdanya\/wp-content\/uploads\/usu1753\/2023\/05\/IMG-20230531-WA0016-300x225.jpg 300w, https:\/\/agora.xtec.cat\/escolabacdecerdanya\/wp-content\/uploads\/usu1753\/2023\/05\/IMG-20230531-WA0016-768x576.jpg 768w, https:\/\/agora.xtec.cat\/escolabacdecerdanya\/wp-content\/uploads\/usu1753\/2023\/05\/IMG-20230531-WA0016-200x150.jpg 200w\" sizes=\"auto, (max-width: 1024px) 100vw, 1024px\" \/><\/a><\/p>\n","protected":false},"excerpt":{"rendered":"<p>Avui comencem les col\u00f2nies a Mas Girc\u00f3s.\u00a0 Els de prim\u00e0ria hem visitat el volc\u00e0 de Santa Margarida i hem arribat fins el mig del cr\u00e0ter a veure l&#8217;ermita.\u00a0 Els d&#8217;infantil hem fet una volta per la Fageda d&#8217;en Jord\u00e0 acompanyats del Follet Bolet i la&hellip;  <a href=\"https:\/\/agora.xtec.cat\/escolabacdecerdanya\/general\/colonies-a-mas-gircos\/\" title=\"Read COL\u00d2NIES A MAS GIRC\u00d3S\">Llegeix m\u00e9s\u00bb<\/a><\/p>\n","protected":false},"author":13,"featured_media":5788,"comment_status":"open","ping_status":"closed","sticky":false,"template":"","format":"standard","meta":{"_bbp_topic_count":0,"_bbp_reply_count":0,"_bbp_total_topic_count":0,"_bbp_total_reply_count":0,"_bbp_voice_count":0,"_bbp_anonymous_reply_count":0,"_bbp_topic_count_hidden":0,"_bbp_reply_count_hidden":0,"_bbp_forum_subforum_count":0,"footnotes":""},"categories":[89,1,61,4],"tags":[],"class_list":["post-5782","post","type-post","status-publish","format-standard","has-post-thumbnail","hentry","category-colonies","category-general","category-novetats","category-portada"],"post_mailing_queue_ids":[],"_links":{"self":[{"href":"https:\/\/agora.xtec.cat\/escolabacdecerdanya\/wp-json\/wp\/v2\/posts\/5782","targetHints":{"allow":["GET"]}}],"collection":[{"href":"https:\/\/agora.xtec.cat\/escolabacdecerdanya\/wp-json\/wp\/v2\/posts"}],"about":[{"href":"https:\/\/agora.xtec.cat\/escolabacdecerdanya\/wp-json\/wp\/v2\/types\/post"}],"author":[{"embeddable":true,"href":"https:\/\/agora.xtec.cat\/escolabacdecerdanya\/wp-json\/wp\/v2\/users\/13"}],"replies":[{"embeddable":true,"href":"https:\/\/agora.xtec.cat\/escolabacdecerdanya\/wp-json\/wp\/v2\/comments?post=5782"}],"version-history":[{"count":3,"href":"https:\/\/agora.xtec.cat\/escolabacdecerdanya\/wp-json\/wp\/v2\/posts\/5782\/revisions"}],"predecessor-version":[{"id":5792,"href":"https:\/\/agora.xtec.cat\/escolabacdecerdanya\/wp-json\/wp\/v2\/posts\/5782\/revisions\/5792"}],"wp:featuredmedia":[{"embeddable":true,"href":"https:\/\/agora.xtec.cat\/escolabacdecerdanya\/wp-json\/wp\/v2\/media\/5788"}],"wp:attachment":[{"href":"https:\/\/agora.xtec.cat\/escolabacdecerdanya\/wp-json\/wp\/v2\/media?parent=5782"}],"wp:term":[{"taxonomy":"category","embeddable":true,"href":"https:\/\/agora.xtec.cat\/escolabacdecerdanya\/wp-json\/wp\/v2\/categories?post=5782"},{"taxonomy":"post_tag","embeddable":true,"href":"https:\/\/agora.xtec.cat\/escolabacdecerdanya\/wp-json\/wp\/v2\/tags?post=5782"}],"curies":[{"name":"wp","href":"https:\/\/api.w.org\/{rel}","templated":true}]}}