{"id":5778,"date":"2023-05-29T09:52:13","date_gmt":"2023-05-29T07:52:13","guid":{"rendered":"https:\/\/agora.xtec.cat\/escolabacdecerdanya\/?p=5778"},"modified":"2023-05-29T09:52:13","modified_gmt":"2023-05-29T07:52:13","slug":"projecte-transfronterer-les-jardins-des-hirondelles-ur-cicle-superior","status":"publish","type":"post","link":"https:\/\/agora.xtec.cat\/escolabacdecerdanya\/general\/projecte-transfronterer-les-jardins-des-hirondelles-ur-cicle-superior\/","title":{"rendered":"Projecte transfronterer: Les jardins des hirondelles (Ur) Cicle superior"},"content":{"rendered":"<p>On continue avec le projet transfrontalier! Ce d\u00e9rnier jour-l\u00e0 on est all\u00e9 visit\u00e9 <strong>&#8220;Les jardins des Hirondelles&#8221; a Ur<\/strong>. Il s&#8217;agit d&#8217;un lieu naturel ger\u00e9 par un producteur local qui a un gros <strong>potager<\/strong>. Dans se potager il y a des l\u00e9gumes sourtout, et quelques fruits plant\u00e9s. On s&#8217;est rajout\u00e9 avec<strong> l&#8217;\u00e9cole de Bolvir et l&#8217;\u00e9cole d&#8217;Ur<\/strong> une autre fois pour r\u00e9aliser des diff\u00e9rents <strong>ateliers de connaissance<\/strong> et des activit\u00e9s en relation aux produits du potager. La m\u00e9t\u00e9o nous a respect\u00e9. \u00c0 la prochaine!<\/p>\n<p>(Continuem amb el projecte transfronterer! Aquest \u00faltim dia vam anar a visitar &#8220;Els jardins de les orenetes&#8221; d&#8217;Ur. Es tracta d&#8217;un lloc natural dirigit per un productor local que gestiona un gran hort. En aquest hort hi ha llegums sobretot i fruites plantades. Ens vam ajuntar un altra vegada amb les escoles de Bolvir i d&#8217;Ur\u00a0 per tal de realitzar diferents tallers de coneixen\u00e7a i activitats relacionades amb els productes de l&#8217;hort. El temps ens va respectar. Fins la pr\u00f2xima!)<\/p>\n<p><a href=\"https:\/\/agora.xtec.cat\/escolabacdecerdanya\/albums-de-fotos\/cicle-superior\/\"><img loading=\"lazy\" decoding=\"async\" class=\"aligncenter wp-image-5779 size-medium\" src=\"https:\/\/agora.xtec.cat\/escolabacdecerdanya\/wp-content\/uploads\/usu1753\/2023\/05\/20230526_140501-min-300x225.jpg\" alt=\"\" width=\"300\" height=\"225\" srcset=\"https:\/\/agora.xtec.cat\/escolabacdecerdanya\/wp-content\/uploads\/usu1753\/2023\/05\/20230526_140501-min-300x225.jpg 300w, https:\/\/agora.xtec.cat\/escolabacdecerdanya\/wp-content\/uploads\/usu1753\/2023\/05\/20230526_140501-min-1024x768.jpg 1024w, https:\/\/agora.xtec.cat\/escolabacdecerdanya\/wp-content\/uploads\/usu1753\/2023\/05\/20230526_140501-min-768x576.jpg 768w, https:\/\/agora.xtec.cat\/escolabacdecerdanya\/wp-content\/uploads\/usu1753\/2023\/05\/20230526_140501-min-1536x1152.jpg 1536w, https:\/\/agora.xtec.cat\/escolabacdecerdanya\/wp-content\/uploads\/usu1753\/2023\/05\/20230526_140501-min-2048x1536.jpg 2048w, https:\/\/agora.xtec.cat\/escolabacdecerdanya\/wp-content\/uploads\/usu1753\/2023\/05\/20230526_140501-min-200x150.jpg 200w\" sizes=\"auto, (max-width: 300px) 100vw, 300px\" \/><\/a><\/p>\n","protected":false},"excerpt":{"rendered":"<p>On continue avec le projet transfrontalier! Ce d\u00e9rnier jour-l\u00e0 on est all\u00e9 visit\u00e9 &#8220;Les jardins des Hirondelles&#8221; a Ur. Il s&#8217;agit d&#8217;un lieu naturel ger\u00e9 par un producteur local qui a un gros potager. Dans se potager il y a des l\u00e9gumes sourtout, et quelques&hellip;  <a href=\"https:\/\/agora.xtec.cat\/escolabacdecerdanya\/general\/projecte-transfronterer-les-jardins-des-hirondelles-ur-cicle-superior\/\" title=\"Read Projecte transfronterer: Les jardins des hirondelles (Ur) Cicle superior\">Llegeix m\u00e9s\u00bb<\/a><\/p>\n","protected":false},"author":6,"featured_media":5779,"comment_status":"open","ping_status":"closed","sticky":false,"template":"","format":"standard","meta":{"_bbp_topic_count":0,"_bbp_reply_count":0,"_bbp_total_topic_count":0,"_bbp_total_reply_count":0,"_bbp_voice_count":0,"_bbp_anonymous_reply_count":0,"_bbp_topic_count_hidden":0,"_bbp_reply_count_hidden":0,"_bbp_forum_subforum_count":0,"footnotes":""},"categories":[14,15,239,76,156,241,1,162,61,4,86],"tags":[],"class_list":["post-5778","post","type-post","status-publish","format-standard","has-post-thumbnail","hentry","category-5e","category-6e","category-album-de-fotos","category-cicle-superior","category-francais","category-ft-cicle-superior","category-general","category-llengues-estrangeres","category-novetats","category-portada","category-sortida"],"post_mailing_queue_ids":[],"_links":{"self":[{"href":"https:\/\/agora.xtec.cat\/escolabacdecerdanya\/wp-json\/wp\/v2\/posts\/5778","targetHints":{"allow":["GET"]}}],"collection":[{"href":"https:\/\/agora.xtec.cat\/escolabacdecerdanya\/wp-json\/wp\/v2\/posts"}],"about":[{"href":"https:\/\/agora.xtec.cat\/escolabacdecerdanya\/wp-json\/wp\/v2\/types\/post"}],"author":[{"embeddable":true,"href":"https:\/\/agora.xtec.cat\/escolabacdecerdanya\/wp-json\/wp\/v2\/users\/6"}],"replies":[{"embeddable":true,"href":"https:\/\/agora.xtec.cat\/escolabacdecerdanya\/wp-json\/wp\/v2\/comments?post=5778"}],"version-history":[{"count":1,"href":"https:\/\/agora.xtec.cat\/escolabacdecerdanya\/wp-json\/wp\/v2\/posts\/5778\/revisions"}],"predecessor-version":[{"id":5781,"href":"https:\/\/agora.xtec.cat\/escolabacdecerdanya\/wp-json\/wp\/v2\/posts\/5778\/revisions\/5781"}],"wp:featuredmedia":[{"embeddable":true,"href":"https:\/\/agora.xtec.cat\/escolabacdecerdanya\/wp-json\/wp\/v2\/media\/5779"}],"wp:attachment":[{"href":"https:\/\/agora.xtec.cat\/escolabacdecerdanya\/wp-json\/wp\/v2\/media?parent=5778"}],"wp:term":[{"taxonomy":"category","embeddable":true,"href":"https:\/\/agora.xtec.cat\/escolabacdecerdanya\/wp-json\/wp\/v2\/categories?post=5778"},{"taxonomy":"post_tag","embeddable":true,"href":"https:\/\/agora.xtec.cat\/escolabacdecerdanya\/wp-json\/wp\/v2\/tags?post=5778"}],"curies":[{"name":"wp","href":"https:\/\/api.w.org\/{rel}","templated":true}]}}