{"id":5745,"date":"2023-05-21T18:18:00","date_gmt":"2023-05-21T16:18:00","guid":{"rendered":"https:\/\/agora.xtec.cat\/escolabacdecerdanya\/?p=5745"},"modified":"2023-05-21T18:21:20","modified_gmt":"2023-05-21T16:21:20","slug":"trobada-de-families","status":"publish","type":"post","link":"https:\/\/agora.xtec.cat\/escolabacdecerdanya\/general\/trobada-de-families\/","title":{"rendered":"TROBADA DE FAM\u00cdLIES"},"content":{"rendered":"<p><a href=\"https:\/\/agora.xtec.cat\/escolabacdecerdanya\/wp-content\/uploads\/usu1753\/2023\/05\/IMG-20230521-WA0005.jpg\"><img loading=\"lazy\" decoding=\"async\" class=\"wp-image-5747 alignleft\" src=\"https:\/\/agora.xtec.cat\/escolabacdecerdanya\/wp-content\/uploads\/usu1753\/2023\/05\/IMG-20230521-WA0005-1024x768.jpg\" alt=\"\" width=\"222\" height=\"167\" srcset=\"https:\/\/agora.xtec.cat\/escolabacdecerdanya\/wp-content\/uploads\/usu1753\/2023\/05\/IMG-20230521-WA0005-1024x768.jpg 1024w, https:\/\/agora.xtec.cat\/escolabacdecerdanya\/wp-content\/uploads\/usu1753\/2023\/05\/IMG-20230521-WA0005-300x225.jpg 300w, https:\/\/agora.xtec.cat\/escolabacdecerdanya\/wp-content\/uploads\/usu1753\/2023\/05\/IMG-20230521-WA0005-768x576.jpg 768w, https:\/\/agora.xtec.cat\/escolabacdecerdanya\/wp-content\/uploads\/usu1753\/2023\/05\/IMG-20230521-WA0005-1536x1152.jpg 1536w, https:\/\/agora.xtec.cat\/escolabacdecerdanya\/wp-content\/uploads\/usu1753\/2023\/05\/IMG-20230521-WA0005-200x150.jpg 200w, https:\/\/agora.xtec.cat\/escolabacdecerdanya\/wp-content\/uploads\/usu1753\/2023\/05\/IMG-20230521-WA0005.jpg 2048w\" sizes=\"auto, (max-width: 222px) 100vw, 222px\" \/><\/a>El diumenge 21 de maig ens hem trobat a l&#8217;escola fam\u00edlies i mestres per fer millores al centre, compartir una bona estona, xerrar, esmorzar,&#8230;. i fer pinya!<\/p>\n<p>Ha estat molt b\u00e9!&#8230; hem arribat cap a les 9:30h i hem comen\u00e7at a treballar: hem pintat els dibuixos dels lavabos d&#8217;infantil que dijous passat la Marta Ch\u00eda va venir a dibuixar (\u00e9s una artista!).<a href=\"https:\/\/agora.xtec.cat\/escolabacdecerdanya\/wp-content\/uploads\/usu1753\/2023\/05\/IMG-20230521-WA0006.jpg\"><img loading=\"lazy\" decoding=\"async\" class=\"wp-image-5748 alignright\" src=\"https:\/\/agora.xtec.cat\/escolabacdecerdanya\/wp-content\/uploads\/usu1753\/2023\/05\/IMG-20230521-WA0006-768x1024.jpg\" alt=\"\" width=\"169\" height=\"226\" srcset=\"https:\/\/agora.xtec.cat\/escolabacdecerdanya\/wp-content\/uploads\/usu1753\/2023\/05\/IMG-20230521-WA0006-768x1024.jpg 768w, https:\/\/agora.xtec.cat\/escolabacdecerdanya\/wp-content\/uploads\/usu1753\/2023\/05\/IMG-20230521-WA0006-225x300.jpg 225w, https:\/\/agora.xtec.cat\/escolabacdecerdanya\/wp-content\/uploads\/usu1753\/2023\/05\/IMG-20230521-WA0006-1152x1536.jpg 1152w, https:\/\/agora.xtec.cat\/escolabacdecerdanya\/wp-content\/uploads\/usu1753\/2023\/05\/IMG-20230521-WA0006.jpg 1536w\" sizes=\"auto, (max-width: 169px) 100vw, 169px\" \/><\/a><\/p>\n<p>Hem replantat les jardineres del pati amb les flors i arom\u00e0tiques que hem anat portant aquests dies a l&#8217;escola, hem arreglat el teulat de l&#8217;armari de joguines d&#8217;infantil i la taula de fusta del pati, hem col\u00b7locat troncs de fusta nous, hem posat a punt el gota a gota de l&#8217;hort, hem dibuixat i pintat un circu\u00eft de cotxes al pati dels petits i, fins i tot, hem ideat un banc nou amb unes fustes per la caseta del pati.<\/p>\n<p><a href=\"https:\/\/agora.xtec.cat\/escolabacdecerdanya\/wp-content\/uploads\/usu1753\/2023\/05\/IMG-20230521-WA0007.jpg\"><img loading=\"lazy\" decoding=\"async\" class=\"wp-image-5749 alignleft\" src=\"https:\/\/agora.xtec.cat\/escolabacdecerdanya\/wp-content\/uploads\/usu1753\/2023\/05\/IMG-20230521-WA0007-1024x768.jpg\" alt=\"\" width=\"230\" height=\"172\" srcset=\"https:\/\/agora.xtec.cat\/escolabacdecerdanya\/wp-content\/uploads\/usu1753\/2023\/05\/IMG-20230521-WA0007-1024x768.jpg 1024w, https:\/\/agora.xtec.cat\/escolabacdecerdanya\/wp-content\/uploads\/usu1753\/2023\/05\/IMG-20230521-WA0007-300x225.jpg 300w, https:\/\/agora.xtec.cat\/escolabacdecerdanya\/wp-content\/uploads\/usu1753\/2023\/05\/IMG-20230521-WA0007-768x576.jpg 768w, https:\/\/agora.xtec.cat\/escolabacdecerdanya\/wp-content\/uploads\/usu1753\/2023\/05\/IMG-20230521-WA0007-1536x1152.jpg 1536w, https:\/\/agora.xtec.cat\/escolabacdecerdanya\/wp-content\/uploads\/usu1753\/2023\/05\/IMG-20230521-WA0007-200x150.jpg 200w, https:\/\/agora.xtec.cat\/escolabacdecerdanya\/wp-content\/uploads\/usu1753\/2023\/05\/IMG-20230521-WA0007.jpg 2048w\" sizes=\"auto, (max-width: 230px) 100vw, 230px\" \/><\/a>La veritat \u00e9s que hem fet molta feina per\u00f2 amb l&#8217;esfor\u00e7 de tots ha estat molt divertit!&#8230; i aix\u00f2 \u00e9s el m\u00e9s important que hem fet avui &#8230; COMPARTIR UNA BONA ESTONA AMB COMPANYS, FAM\u00cdLIES, MESTRES&#8230; HEM FET ESCOLA!<a href=\"https:\/\/agora.xtec.cat\/escolabacdecerdanya\/wp-content\/uploads\/usu1753\/2023\/05\/IMG-20230521-WA0009.jpg\"><img loading=\"lazy\" decoding=\"async\" class=\"wp-image-5751 alignright\" src=\"https:\/\/agora.xtec.cat\/escolabacdecerdanya\/wp-content\/uploads\/usu1753\/2023\/05\/IMG-20230521-WA0009-1024x768.jpg\" alt=\"\" width=\"223\" height=\"167\" srcset=\"https:\/\/agora.xtec.cat\/escolabacdecerdanya\/wp-content\/uploads\/usu1753\/2023\/05\/IMG-20230521-WA0009-1024x768.jpg 1024w, https:\/\/agora.xtec.cat\/escolabacdecerdanya\/wp-content\/uploads\/usu1753\/2023\/05\/IMG-20230521-WA0009-300x225.jpg 300w, https:\/\/agora.xtec.cat\/escolabacdecerdanya\/wp-content\/uploads\/usu1753\/2023\/05\/IMG-20230521-WA0009-768x576.jpg 768w, https:\/\/agora.xtec.cat\/escolabacdecerdanya\/wp-content\/uploads\/usu1753\/2023\/05\/IMG-20230521-WA0009-1536x1152.jpg 1536w, https:\/\/agora.xtec.cat\/escolabacdecerdanya\/wp-content\/uploads\/usu1753\/2023\/05\/IMG-20230521-WA0009-200x150.jpg 200w, https:\/\/agora.xtec.cat\/escolabacdecerdanya\/wp-content\/uploads\/usu1753\/2023\/05\/IMG-20230521-WA0009.jpg 2048w\" sizes=\"auto, (max-width: 223px) 100vw, 223px\" \/><\/a><\/p>\n<p>Tamb\u00e9 hem fet una paradeta per esmorzar&#8230; hi havia un munt de menjar bon\u00edssim que hem portat entre tots.<\/p>\n<p>Aqu\u00ed teniu un <a href=\"https:\/\/drive.google.com\/file\/d\/1aI2OPxyhB4Lu8Dh2cnWI65HQFBCH5Yos\/view?usp=sharing\">V\u00cdDEO<\/a> resum de la trobada&#8230; si en voleu veure m\u00e9s <a href=\"https:\/\/agora.xtec.cat\/escolabacdecerdanya\/albums-de-fotos\/escola\/\">cliqueu aqu\u00ed<\/a> per accedir a totes les imatges.<\/p>\n<p style=\"text-align: center;\">MOLTES GR\u00c0CIES A TOTS ELS QUE<\/p>\n<p style=\"text-align: center;\">HO HEU FET POSSIBLE!<\/p>\n<p><a href=\"https:\/\/agora.xtec.cat\/escolabacdecerdanya\/wp-content\/uploads\/usu1753\/2023\/05\/IMG-20230521-WA0008.jpg\"><img loading=\"lazy\" decoding=\"async\" class=\"alignnone size-large wp-image-5750\" src=\"https:\/\/agora.xtec.cat\/escolabacdecerdanya\/wp-content\/uploads\/usu1753\/2023\/05\/IMG-20230521-WA0008-768x1024.jpg\" alt=\"\" width=\"768\" height=\"1024\" srcset=\"https:\/\/agora.xtec.cat\/escolabacdecerdanya\/wp-content\/uploads\/usu1753\/2023\/05\/IMG-20230521-WA0008-768x1024.jpg 768w, https:\/\/agora.xtec.cat\/escolabacdecerdanya\/wp-content\/uploads\/usu1753\/2023\/05\/IMG-20230521-WA0008-225x300.jpg 225w, https:\/\/agora.xtec.cat\/escolabacdecerdanya\/wp-content\/uploads\/usu1753\/2023\/05\/IMG-20230521-WA0008-1152x1536.jpg 1152w, https:\/\/agora.xtec.cat\/escolabacdecerdanya\/wp-content\/uploads\/usu1753\/2023\/05\/IMG-20230521-WA0008.jpg 1536w\" sizes=\"auto, (max-width: 768px) 100vw, 768px\" \/><\/a><\/p>\n","protected":false},"excerpt":{"rendered":"<p><a href=\"https:\/\/agora.xtec.cat\/escolabacdecerdanya\/wp-content\/uploads\/usu1753\/2023\/05\/IMG-20230521-WA0005.jpg\"><\/a>El diumenge 21 de maig ens hem trobat a l&#8217;escola fam\u00edlies i mestres per fer millores al centre, compartir una bona estona, xerrar, esmorzar,&#8230;. i fer pinya!<br \/>\nHa estat molt b\u00e9!&#8230; hem arribat cap a les 9:30h i hem comen\u00e7at a treballar: hem pintat els&hellip;  <a href=\"https:\/\/agora.xtec.cat\/escolabacdecerdanya\/general\/trobada-de-families\/\" title=\"Read TROBADA DE FAM\u00cdLIES\">Llegeix m\u00e9s\u00bb<\/a><\/p>\n","protected":false},"author":8,"featured_media":5747,"comment_status":"open","ping_status":"closed","sticky":false,"template":"","format":"standard","meta":{"_bbp_topic_count":0,"_bbp_reply_count":0,"_bbp_total_topic_count":0,"_bbp_total_reply_count":0,"_bbp_voice_count":0,"_bbp_anonymous_reply_count":0,"_bbp_topic_count_hidden":0,"_bbp_reply_count_hidden":0,"_bbp_forum_subforum_count":0,"footnotes":""},"categories":[7,60,88,161,1,61,83,4],"tags":[],"class_list":["post-5745","post","type-post","status-publish","format-standard","has-post-thumbnail","hentry","category-ampa","category-families","category-festa-del-pati","category-festes","category-general","category-novetats","category-pati","category-portada"],"post_mailing_queue_ids":[],"_links":{"self":[{"href":"https:\/\/agora.xtec.cat\/escolabacdecerdanya\/wp-json\/wp\/v2\/posts\/5745","targetHints":{"allow":["GET"]}}],"collection":[{"href":"https:\/\/agora.xtec.cat\/escolabacdecerdanya\/wp-json\/wp\/v2\/posts"}],"about":[{"href":"https:\/\/agora.xtec.cat\/escolabacdecerdanya\/wp-json\/wp\/v2\/types\/post"}],"author":[{"embeddable":true,"href":"https:\/\/agora.xtec.cat\/escolabacdecerdanya\/wp-json\/wp\/v2\/users\/8"}],"replies":[{"embeddable":true,"href":"https:\/\/agora.xtec.cat\/escolabacdecerdanya\/wp-json\/wp\/v2\/comments?post=5745"}],"version-history":[{"count":2,"href":"https:\/\/agora.xtec.cat\/escolabacdecerdanya\/wp-json\/wp\/v2\/posts\/5745\/revisions"}],"predecessor-version":[{"id":5754,"href":"https:\/\/agora.xtec.cat\/escolabacdecerdanya\/wp-json\/wp\/v2\/posts\/5745\/revisions\/5754"}],"wp:featuredmedia":[{"embeddable":true,"href":"https:\/\/agora.xtec.cat\/escolabacdecerdanya\/wp-json\/wp\/v2\/media\/5747"}],"wp:attachment":[{"href":"https:\/\/agora.xtec.cat\/escolabacdecerdanya\/wp-json\/wp\/v2\/media?parent=5745"}],"wp:term":[{"taxonomy":"category","embeddable":true,"href":"https:\/\/agora.xtec.cat\/escolabacdecerdanya\/wp-json\/wp\/v2\/categories?post=5745"},{"taxonomy":"post_tag","embeddable":true,"href":"https:\/\/agora.xtec.cat\/escolabacdecerdanya\/wp-json\/wp\/v2\/tags?post=5745"}],"curies":[{"name":"wp","href":"https:\/\/api.w.org\/{rel}","templated":true}]}}