{"id":5725,"date":"2023-05-18T10:05:25","date_gmt":"2023-05-18T08:05:25","guid":{"rendered":"https:\/\/agora.xtec.cat\/escolabacdecerdanya\/?p=5725"},"modified":"2023-05-18T10:05:25","modified_gmt":"2023-05-18T08:05:25","slug":"edificis-antics-dalp","status":"publish","type":"post","link":"https:\/\/agora.xtec.cat\/escolabacdecerdanya\/general\/edificis-antics-dalp\/","title":{"rendered":"EDIFICIS ANTICS D&#8217;ALP"},"content":{"rendered":"<p>El dimarts passat, la classe de segon, vam anar a visitar edificis antics d&#8217;Alp perqu\u00e8 estem treballant el passat, el present i el futur.<\/p>\n<p>Fins ara, hem vist com ha passat el temps amb nosaltres i en alguns objectes que ten\u00edem per casa. Ara tocava veure com ha passat el temps a Alp.<\/p>\n<p>Primer ens vam trobar l&#8217;<strong>ESGL\u00c9SIA DE SANT PERE<\/strong>, llegint el cartell d&#8217;informaci\u00f3 vam descobrir que tenia 1.000 anys!\u00a0<a href=\"https:\/\/agora.xtec.cat\/escolabacdecerdanya\/wp-content\/uploads\/usu1753\/2023\/05\/esglesia.jpg\"><img loading=\"lazy\" decoding=\"async\" class=\"aligncenter wp-image-5726 size-medium\" src=\"https:\/\/agora.xtec.cat\/escolabacdecerdanya\/wp-content\/uploads\/usu1753\/2023\/05\/esglesia-222x300.jpg\" alt=\"\" width=\"222\" height=\"300\" srcset=\"https:\/\/agora.xtec.cat\/escolabacdecerdanya\/wp-content\/uploads\/usu1753\/2023\/05\/esglesia-222x300.jpg 222w, https:\/\/agora.xtec.cat\/escolabacdecerdanya\/wp-content\/uploads\/usu1753\/2023\/05\/esglesia-759x1024.jpg 759w, https:\/\/agora.xtec.cat\/escolabacdecerdanya\/wp-content\/uploads\/usu1753\/2023\/05\/esglesia-768x1036.jpg 768w, https:\/\/agora.xtec.cat\/escolabacdecerdanya\/wp-content\/uploads\/usu1753\/2023\/05\/esglesia-1139x1536.jpg 1139w, https:\/\/agora.xtec.cat\/escolabacdecerdanya\/wp-content\/uploads\/usu1753\/2023\/05\/esglesia-1518x2048.jpg 1518w, https:\/\/agora.xtec.cat\/escolabacdecerdanya\/wp-content\/uploads\/usu1753\/2023\/05\/esglesia.jpg 1560w\" sizes=\"auto, (max-width: 222px) 100vw, 222px\" \/><\/a><\/p>\n<p>Despr\u00e9s vam trobar la <strong>FONT DE SANT ISIDRE<\/strong>, al costat hi havia un abeurador que servia perqu\u00e8 els animals beguessin aigua.<\/p>\n<p><a href=\"https:\/\/agora.xtec.cat\/escolabacdecerdanya\/wp-content\/uploads\/usu1753\/2023\/05\/fons-sant-isidre.jpg\"><img loading=\"lazy\" decoding=\"async\" class=\"alignnone size-large wp-image-5727\" src=\"https:\/\/agora.xtec.cat\/escolabacdecerdanya\/wp-content\/uploads\/usu1753\/2023\/05\/fons-sant-isidre-1024x768.jpg\" alt=\"\" width=\"1024\" height=\"768\" srcset=\"https:\/\/agora.xtec.cat\/escolabacdecerdanya\/wp-content\/uploads\/usu1753\/2023\/05\/fons-sant-isidre-1024x768.jpg 1024w, https:\/\/agora.xtec.cat\/escolabacdecerdanya\/wp-content\/uploads\/usu1753\/2023\/05\/fons-sant-isidre-300x225.jpg 300w, https:\/\/agora.xtec.cat\/escolabacdecerdanya\/wp-content\/uploads\/usu1753\/2023\/05\/fons-sant-isidre-768x576.jpg 768w, https:\/\/agora.xtec.cat\/escolabacdecerdanya\/wp-content\/uploads\/usu1753\/2023\/05\/fons-sant-isidre-200x150.jpg 200w, https:\/\/agora.xtec.cat\/escolabacdecerdanya\/wp-content\/uploads\/usu1753\/2023\/05\/fons-sant-isidre.jpg 1448w\" sizes=\"auto, (max-width: 1024px) 100vw, 1024px\" \/><\/a><\/p>\n<p>Despr\u00e9s vam voler trobar el <strong>SAFAREIG<\/strong> per\u00f2 com que el no el trob\u00e0vem, vam haver de mirar Google Maps perqu\u00e8 ens indiqu\u00e9s. Finalment vam trobar el <strong>SAFAREIG<\/strong> i vam saber que servia perqu\u00e8 les dones netegessin la roba i xerraven. D&#8217;aqu\u00ed surt l&#8217;expressi\u00f3 &#8220;<em><strong>fer safareig<\/strong><\/em>&#8220;.<\/p>\n<p><a href=\"https:\/\/agora.xtec.cat\/escolabacdecerdanya\/wp-content\/uploads\/usu1753\/2023\/05\/safareig.jpg\"><img loading=\"lazy\" decoding=\"async\" class=\"alignnone size-large wp-image-5728\" src=\"https:\/\/agora.xtec.cat\/escolabacdecerdanya\/wp-content\/uploads\/usu1753\/2023\/05\/safareig-1024x768.jpg\" alt=\"\" width=\"1024\" height=\"768\" srcset=\"https:\/\/agora.xtec.cat\/escolabacdecerdanya\/wp-content\/uploads\/usu1753\/2023\/05\/safareig-1024x768.jpg 1024w, https:\/\/agora.xtec.cat\/escolabacdecerdanya\/wp-content\/uploads\/usu1753\/2023\/05\/safareig-300x225.jpg 300w, https:\/\/agora.xtec.cat\/escolabacdecerdanya\/wp-content\/uploads\/usu1753\/2023\/05\/safareig-768x576.jpg 768w, https:\/\/agora.xtec.cat\/escolabacdecerdanya\/wp-content\/uploads\/usu1753\/2023\/05\/safareig-1536x1152.jpg 1536w, https:\/\/agora.xtec.cat\/escolabacdecerdanya\/wp-content\/uploads\/usu1753\/2023\/05\/safareig-200x150.jpg 200w, https:\/\/agora.xtec.cat\/escolabacdecerdanya\/wp-content\/uploads\/usu1753\/2023\/05\/safareig.jpg 2016w\" sizes=\"auto, (max-width: 1024px) 100vw, 1024px\" \/><\/a><\/p>\n<p>Per acabar l&#8217;excursi\u00f3 vam arribar fins el <strong>MAS DE SANT JOSEP<\/strong>, una masia feta el 1.896 per\u00f2 que ara est\u00e0 convertida en apartaments.<\/p>\n<p><a href=\"https:\/\/agora.xtec.cat\/escolabacdecerdanya\/wp-content\/uploads\/usu1753\/2023\/05\/mas-sant-josep.jpg\"><img loading=\"lazy\" decoding=\"async\" class=\"alignnone size-large wp-image-5729\" src=\"https:\/\/agora.xtec.cat\/escolabacdecerdanya\/wp-content\/uploads\/usu1753\/2023\/05\/mas-sant-josep-768x1024.jpg\" alt=\"\" width=\"768\" height=\"1024\" srcset=\"https:\/\/agora.xtec.cat\/escolabacdecerdanya\/wp-content\/uploads\/usu1753\/2023\/05\/mas-sant-josep-768x1024.jpg 768w, https:\/\/agora.xtec.cat\/escolabacdecerdanya\/wp-content\/uploads\/usu1753\/2023\/05\/mas-sant-josep-225x300.jpg 225w, https:\/\/agora.xtec.cat\/escolabacdecerdanya\/wp-content\/uploads\/usu1753\/2023\/05\/mas-sant-josep.jpg 1086w\" sizes=\"auto, (max-width: 768px) 100vw, 768px\" \/><\/a><\/p>\n<p>Tamb\u00e9 hi ha m\u00e9s edificis antics que no vam poder anar veure perqu\u00e8 estaven massa lluny per anar-hi caminant: l&#8217;<strong>ESTACI\u00d3 DE TREN<\/strong>, la <strong>TORRE DE RIU<\/strong>,&#8230; Per\u00f2 ja hem apr\u00e8s una mica m\u00e9s del poble a on hi ha l&#8217;escola.<\/p>\n","protected":false},"excerpt":{"rendered":"<p>El dimarts passat, la classe de segon, vam anar a visitar edificis antics d&#8217;Alp perqu\u00e8 estem treballant el passat, el present i el futur.<br \/>\nFins ara, hem vist com ha passat el temps amb nosaltres i en alguns objectes que ten\u00edem per casa. Ara tocava veure&hellip;  <a href=\"https:\/\/agora.xtec.cat\/escolabacdecerdanya\/general\/edificis-antics-dalp\/\" title=\"Read EDIFICIS ANTICS D&#8217;ALP\">Llegeix m\u00e9s\u00bb<\/a><\/p>\n","protected":false},"author":3,"featured_media":5730,"comment_status":"open","ping_status":"closed","sticky":false,"template":"","format":"standard","meta":{"_bbp_topic_count":0,"_bbp_reply_count":0,"_bbp_total_topic_count":0,"_bbp_total_reply_count":0,"_bbp_voice_count":0,"_bbp_anonymous_reply_count":0,"_bbp_topic_count_hidden":0,"_bbp_reply_count_hidden":0,"_bbp_forum_subforum_count":0,"footnotes":""},"categories":[11,104,1,61,4,86],"tags":[262,166],"class_list":["post-5725","post","type-post","status-publish","format-standard","has-post-thumbnail","hentry","category-2n","category-inicial","category-general","category-novetats","category-portada","category-sortida","tag-historia","tag-projecte"],"post_mailing_queue_ids":[],"_links":{"self":[{"href":"https:\/\/agora.xtec.cat\/escolabacdecerdanya\/wp-json\/wp\/v2\/posts\/5725","targetHints":{"allow":["GET"]}}],"collection":[{"href":"https:\/\/agora.xtec.cat\/escolabacdecerdanya\/wp-json\/wp\/v2\/posts"}],"about":[{"href":"https:\/\/agora.xtec.cat\/escolabacdecerdanya\/wp-json\/wp\/v2\/types\/post"}],"author":[{"embeddable":true,"href":"https:\/\/agora.xtec.cat\/escolabacdecerdanya\/wp-json\/wp\/v2\/users\/3"}],"replies":[{"embeddable":true,"href":"https:\/\/agora.xtec.cat\/escolabacdecerdanya\/wp-json\/wp\/v2\/comments?post=5725"}],"version-history":[{"count":1,"href":"https:\/\/agora.xtec.cat\/escolabacdecerdanya\/wp-json\/wp\/v2\/posts\/5725\/revisions"}],"predecessor-version":[{"id":5731,"href":"https:\/\/agora.xtec.cat\/escolabacdecerdanya\/wp-json\/wp\/v2\/posts\/5725\/revisions\/5731"}],"wp:featuredmedia":[{"embeddable":true,"href":"https:\/\/agora.xtec.cat\/escolabacdecerdanya\/wp-json\/wp\/v2\/media\/5730"}],"wp:attachment":[{"href":"https:\/\/agora.xtec.cat\/escolabacdecerdanya\/wp-json\/wp\/v2\/media?parent=5725"}],"wp:term":[{"taxonomy":"category","embeddable":true,"href":"https:\/\/agora.xtec.cat\/escolabacdecerdanya\/wp-json\/wp\/v2\/categories?post=5725"},{"taxonomy":"post_tag","embeddable":true,"href":"https:\/\/agora.xtec.cat\/escolabacdecerdanya\/wp-json\/wp\/v2\/tags?post=5725"}],"curies":[{"name":"wp","href":"https:\/\/api.w.org\/{rel}","templated":true}]}}