{"id":5717,"date":"2023-05-16T22:50:30","date_gmt":"2023-05-16T20:50:30","guid":{"rendered":"https:\/\/agora.xtec.cat\/escolabacdecerdanya\/?p=5717"},"modified":"2023-05-16T22:50:30","modified_gmt":"2023-05-16T20:50:30","slug":"taller-de-rajoles","status":"publish","type":"post","link":"https:\/\/agora.xtec.cat\/escolabacdecerdanya\/general\/taller-de-rajoles\/","title":{"rendered":"TALLER DE RAJOLES"},"content":{"rendered":"<p>Avui el Miquel del Taller d&#8217;Arts de Puigcerd\u00e0, ha vingut a fer el taller de rajoles als alumnes de 6\u00e8. Cada un s&#8217;ha resseguit la seva m\u00e0, ha decorat la rajola com ha volgut i, finalment, l&#8217;ha pintat amb uns pigments. El Miquel s&#8217;ha endut les rajoles al taller per ficar-les al forn. Ja \u00e9s una tradici\u00f3 que l&#8217;\u00faltim dia de curs, els grans de l&#8217;escola les descobreixen penjades a la fa\u00e7ana de l&#8217;escola.<\/p>\n<p><a href=\"https:\/\/agora.xtec.cat\/escolabacdecerdanya\/wp-content\/uploads\/usu1753\/2023\/05\/IMG_8701.jpg\"><img loading=\"lazy\" decoding=\"async\" class=\"alignnone size-full wp-image-5721\" src=\"https:\/\/agora.xtec.cat\/escolabacdecerdanya\/wp-content\/uploads\/usu1753\/2023\/05\/IMG_8701.jpg\" alt=\"\" width=\"640\" height=\"480\" srcset=\"https:\/\/agora.xtec.cat\/escolabacdecerdanya\/wp-content\/uploads\/usu1753\/2023\/05\/IMG_8701.jpg 640w, https:\/\/agora.xtec.cat\/escolabacdecerdanya\/wp-content\/uploads\/usu1753\/2023\/05\/IMG_8701-300x225.jpg 300w, https:\/\/agora.xtec.cat\/escolabacdecerdanya\/wp-content\/uploads\/usu1753\/2023\/05\/IMG_8701-200x150.jpg 200w\" sizes=\"auto, (max-width: 640px) 100vw, 640px\" \/><\/a> <a href=\"https:\/\/agora.xtec.cat\/escolabacdecerdanya\/wp-content\/uploads\/usu1753\/2023\/05\/IMG_8710.jpg\"><img loading=\"lazy\" decoding=\"async\" class=\"alignnone size-large wp-image-5722\" src=\"https:\/\/agora.xtec.cat\/escolabacdecerdanya\/wp-content\/uploads\/usu1753\/2023\/05\/IMG_8710.jpg\" alt=\"\" width=\"640\" height=\"480\" srcset=\"https:\/\/agora.xtec.cat\/escolabacdecerdanya\/wp-content\/uploads\/usu1753\/2023\/05\/IMG_8710.jpg 640w, https:\/\/agora.xtec.cat\/escolabacdecerdanya\/wp-content\/uploads\/usu1753\/2023\/05\/IMG_8710-300x225.jpg 300w, https:\/\/agora.xtec.cat\/escolabacdecerdanya\/wp-content\/uploads\/usu1753\/2023\/05\/IMG_8710-200x150.jpg 200w\" sizes=\"auto, (max-width: 640px) 100vw, 640px\" \/><\/a> <a href=\"https:\/\/agora.xtec.cat\/escolabacdecerdanya\/wp-content\/uploads\/usu1753\/2023\/05\/IMG_8715.jpg\"><img loading=\"lazy\" decoding=\"async\" class=\"alignnone size-large wp-image-5723\" src=\"https:\/\/agora.xtec.cat\/escolabacdecerdanya\/wp-content\/uploads\/usu1753\/2023\/05\/IMG_8715.jpg\" alt=\"\" width=\"640\" height=\"480\" srcset=\"https:\/\/agora.xtec.cat\/escolabacdecerdanya\/wp-content\/uploads\/usu1753\/2023\/05\/IMG_8715.jpg 640w, https:\/\/agora.xtec.cat\/escolabacdecerdanya\/wp-content\/uploads\/usu1753\/2023\/05\/IMG_8715-300x225.jpg 300w, https:\/\/agora.xtec.cat\/escolabacdecerdanya\/wp-content\/uploads\/usu1753\/2023\/05\/IMG_8715-200x150.jpg 200w\" sizes=\"auto, (max-width: 640px) 100vw, 640px\" \/><\/a><\/p>\n","protected":false},"excerpt":{"rendered":"<p>Avui el Miquel del Taller d&#8217;Arts de Puigcerd\u00e0, ha vingut a fer el taller de rajoles als alumnes de 6\u00e8. Cada un s&#8217;ha resseguit la seva m\u00e0, ha decorat la rajola com ha volgut i, finalment, l&#8217;ha pintat amb uns pigments. El Miquel s&#8217;ha endut&hellip;  <a href=\"https:\/\/agora.xtec.cat\/escolabacdecerdanya\/general\/taller-de-rajoles\/\" title=\"Read TALLER DE RAJOLES\">Llegeix m\u00e9s\u00bb<\/a><\/p>\n","protected":false},"author":15,"featured_media":5721,"comment_status":"open","ping_status":"closed","sticky":false,"template":"","format":"standard","meta":{"_bbp_topic_count":0,"_bbp_reply_count":0,"_bbp_total_topic_count":0,"_bbp_total_reply_count":0,"_bbp_voice_count":0,"_bbp_anonymous_reply_count":0,"_bbp_topic_count_hidden":0,"_bbp_reply_count_hidden":0,"_bbp_forum_subforum_count":0,"footnotes":""},"categories":[15,239,76,241,1,4],"tags":[],"class_list":["post-5717","post","type-post","status-publish","format-standard","has-post-thumbnail","hentry","category-6e","category-album-de-fotos","category-cicle-superior","category-ft-cicle-superior","category-general","category-portada"],"post_mailing_queue_ids":[],"_links":{"self":[{"href":"https:\/\/agora.xtec.cat\/escolabacdecerdanya\/wp-json\/wp\/v2\/posts\/5717","targetHints":{"allow":["GET"]}}],"collection":[{"href":"https:\/\/agora.xtec.cat\/escolabacdecerdanya\/wp-json\/wp\/v2\/posts"}],"about":[{"href":"https:\/\/agora.xtec.cat\/escolabacdecerdanya\/wp-json\/wp\/v2\/types\/post"}],"author":[{"embeddable":true,"href":"https:\/\/agora.xtec.cat\/escolabacdecerdanya\/wp-json\/wp\/v2\/users\/15"}],"replies":[{"embeddable":true,"href":"https:\/\/agora.xtec.cat\/escolabacdecerdanya\/wp-json\/wp\/v2\/comments?post=5717"}],"version-history":[{"count":1,"href":"https:\/\/agora.xtec.cat\/escolabacdecerdanya\/wp-json\/wp\/v2\/posts\/5717\/revisions"}],"predecessor-version":[{"id":5724,"href":"https:\/\/agora.xtec.cat\/escolabacdecerdanya\/wp-json\/wp\/v2\/posts\/5717\/revisions\/5724"}],"wp:featuredmedia":[{"embeddable":true,"href":"https:\/\/agora.xtec.cat\/escolabacdecerdanya\/wp-json\/wp\/v2\/media\/5721"}],"wp:attachment":[{"href":"https:\/\/agora.xtec.cat\/escolabacdecerdanya\/wp-json\/wp\/v2\/media?parent=5717"}],"wp:term":[{"taxonomy":"category","embeddable":true,"href":"https:\/\/agora.xtec.cat\/escolabacdecerdanya\/wp-json\/wp\/v2\/categories?post=5717"},{"taxonomy":"post_tag","embeddable":true,"href":"https:\/\/agora.xtec.cat\/escolabacdecerdanya\/wp-json\/wp\/v2\/tags?post=5717"}],"curies":[{"name":"wp","href":"https:\/\/api.w.org\/{rel}","templated":true}]}}