{"id":5699,"date":"2023-05-16T21:45:22","date_gmt":"2023-05-16T19:45:22","guid":{"rendered":"https:\/\/agora.xtec.cat\/escolabacdecerdanya\/?p=5699"},"modified":"2023-05-16T22:18:57","modified_gmt":"2023-05-16T20:18:57","slug":"ma-famille-3r","status":"publish","type":"post","link":"https:\/\/agora.xtec.cat\/escolabacdecerdanya\/general\/ma-famille-3r\/","title":{"rendered":"MA FAMILLE (3R)"},"content":{"rendered":"<p>Dans la classe de fran\u00e7ais on a appris a parler de notre famille \ud83d\udc6a\ud83d\udc6a. On a cr\u00e9e des phrases sur leurs caract\u00e9ristiques physiques et leurs accessoires \ud83d\udd76\ud83c\udfa9\ud83d\udc5c. En plus, nous avons fait une comparaison avec une autre famille pour voire la diversit\u00e9 de familles qui existent dans le monde \ud83c\udf0f\ud83c\udf0f\ud83c\udf0f\ud83c\udf0f. \u00c0 la fin, nous avons fait un expos\u00e9 du travail. Ici nos productions!<\/p>\n<p>(A la classe de franc\u00e8s hem apr\u00e8s a parlar sobre la nostra fam\u00edlia. Hem creat frases relacionades amb les seves caracter\u00edstiques f\u00edsiques i els seus accessoris. A m\u00e9s a m\u00e9s, hem comparat la nostra fam\u00edlia amb una altra fam\u00edlia per tal de veure la diversitat que hi ha al m\u00f3n. Finalment, hem exposat el treball. Aqui teniu les nostres produccions!)<\/p>\n<p><em><a href=\"https:\/\/agora.xtec.cat\/escolabacdecerdanya\/albums-de-fotos\/cicle-mitja\/\"><img loading=\"lazy\" decoding=\"async\" class=\"aligncenter wp-image-5710 size-medium\" src=\"https:\/\/agora.xtec.cat\/escolabacdecerdanya\/wp-content\/uploads\/usu1753\/2023\/05\/fotoefectos.com_-300x225.jpg\" alt=\"\" width=\"300\" height=\"225\" srcset=\"https:\/\/agora.xtec.cat\/escolabacdecerdanya\/wp-content\/uploads\/usu1753\/2023\/05\/fotoefectos.com_-300x225.jpg 300w, https:\/\/agora.xtec.cat\/escolabacdecerdanya\/wp-content\/uploads\/usu1753\/2023\/05\/fotoefectos.com_-768x576.jpg 768w, https:\/\/agora.xtec.cat\/escolabacdecerdanya\/wp-content\/uploads\/usu1753\/2023\/05\/fotoefectos.com_-200x150.jpg 200w, https:\/\/agora.xtec.cat\/escolabacdecerdanya\/wp-content\/uploads\/usu1753\/2023\/05\/fotoefectos.com_.jpg 1024w\" sizes=\"auto, (max-width: 300px) 100vw, 300px\" \/><\/a><\/em><\/p>\n<p>&nbsp;<\/p>\n<p>&nbsp;<\/p>\n<p>&nbsp;<\/p>\n","protected":false},"excerpt":{"rendered":"<p>Dans la classe de fran\u00e7ais on a appris a parler de notre famille \ud83d\udc6a\ud83d\udc6a. On a cr\u00e9e des phrases sur leurs caract\u00e9ristiques physiques et leurs accessoires \ud83d\udd76\ud83c\udfa9\ud83d\udc5c. En plus, nous avons fait une comparaison avec une autre famille pour voire la diversit\u00e9 de familles qui&hellip;  <a href=\"https:\/\/agora.xtec.cat\/escolabacdecerdanya\/general\/ma-famille-3r\/\" title=\"Read MA FAMILLE (3R)\">Llegeix m\u00e9s\u00bb<\/a><\/p>\n","protected":false},"author":6,"featured_media":5710,"comment_status":"open","ping_status":"closed","sticky":false,"template":"","format":"standard","meta":{"_bbp_topic_count":0,"_bbp_reply_count":0,"_bbp_total_topic_count":0,"_bbp_total_reply_count":0,"_bbp_voice_count":0,"_bbp_anonymous_reply_count":0,"_bbp_topic_count_hidden":0,"_bbp_reply_count_hidden":0,"_bbp_forum_subforum_count":0,"footnotes":""},"categories":[12,239,105,156,242,1,162,61,4],"tags":[],"class_list":["post-5699","post","type-post","status-publish","format-standard","has-post-thumbnail","hentry","category-3r","category-album-de-fotos","category-mitja","category-francais","category-ft-cicle-mitja","category-general","category-llengues-estrangeres","category-novetats","category-portada"],"post_mailing_queue_ids":[],"_links":{"self":[{"href":"https:\/\/agora.xtec.cat\/escolabacdecerdanya\/wp-json\/wp\/v2\/posts\/5699","targetHints":{"allow":["GET"]}}],"collection":[{"href":"https:\/\/agora.xtec.cat\/escolabacdecerdanya\/wp-json\/wp\/v2\/posts"}],"about":[{"href":"https:\/\/agora.xtec.cat\/escolabacdecerdanya\/wp-json\/wp\/v2\/types\/post"}],"author":[{"embeddable":true,"href":"https:\/\/agora.xtec.cat\/escolabacdecerdanya\/wp-json\/wp\/v2\/users\/6"}],"replies":[{"embeddable":true,"href":"https:\/\/agora.xtec.cat\/escolabacdecerdanya\/wp-json\/wp\/v2\/comments?post=5699"}],"version-history":[{"count":3,"href":"https:\/\/agora.xtec.cat\/escolabacdecerdanya\/wp-json\/wp\/v2\/posts\/5699\/revisions"}],"predecessor-version":[{"id":5708,"href":"https:\/\/agora.xtec.cat\/escolabacdecerdanya\/wp-json\/wp\/v2\/posts\/5699\/revisions\/5708"}],"wp:featuredmedia":[{"embeddable":true,"href":"https:\/\/agora.xtec.cat\/escolabacdecerdanya\/wp-json\/wp\/v2\/media\/5710"}],"wp:attachment":[{"href":"https:\/\/agora.xtec.cat\/escolabacdecerdanya\/wp-json\/wp\/v2\/media?parent=5699"}],"wp:term":[{"taxonomy":"category","embeddable":true,"href":"https:\/\/agora.xtec.cat\/escolabacdecerdanya\/wp-json\/wp\/v2\/categories?post=5699"},{"taxonomy":"post_tag","embeddable":true,"href":"https:\/\/agora.xtec.cat\/escolabacdecerdanya\/wp-json\/wp\/v2\/tags?post=5699"}],"curies":[{"name":"wp","href":"https:\/\/api.w.org\/{rel}","templated":true}]}}