{"id":5673,"date":"2023-05-12T19:06:50","date_gmt":"2023-05-12T17:06:50","guid":{"rendered":"https:\/\/agora.xtec.cat\/escolabacdecerdanya\/?p=5673"},"modified":"2023-05-12T19:16:32","modified_gmt":"2023-05-12T17:16:32","slug":"projecte-transfronterer-llivins-cicle-superior","status":"publish","type":"post","link":"https:\/\/agora.xtec.cat\/escolabacdecerdanya\/general\/projecte-transfronterer-llivins-cicle-superior\/","title":{"rendered":"PROJECTE TRANSFRONTERER: LLIVINS (CICLE SUPERIOR)"},"content":{"rendered":"<p>Aujourd&#8217;hui, les \u00e9l\u00e8ves de l&#8217;\u00e9cole d&#8217;Alp, Bolvir et Ur se sont rencontr\u00e9s a Llivins \ud83c\udf77\ud83c\udf77\ud83c\udf77\ud83c\udf77(une cave \u00e0 vin) pour voir le processus de l&#8217;\u00e9laboration du vin. Un des propi\u00e9taires de la cave nous a expliqu\u00e9 les diff\u00e9rents types du vin qu&#8217;ils produissent, comme ils font grandir le raisin et comme le vin arrive <span style=\"font-family: inherit; font-size: 1em;\">dans les bouteilles. En outre, ils nous ont dit qu&#8217;ils ont gagn\u00e9 un prix pour obtenir un des meilleurs vins blancs du monde.<\/span><\/p>\n<p>(Avui, els alumnes de l&#8217;escola d&#8217;Alp, Bolvir i Ur s&#8217;han trobat a Llivins (un celler de vins) per tal de veure el proc\u00e9s d&#8217;elaboraci\u00f3 del vi. Uns dels propietaris del celler ens ha explicat les diferents classes de vi que produeixen, com fan cr\u00e9ixer el ra\u00efm i com arriba el vi a l&#8217;ampolla. A m\u00e9s a m\u00e9s, ens han dit que han guanyat un premi per un dels millors vins blancs del m\u00f3n)<\/p>\n<p>Au m\u00eame temps, on a practiqu\u00e9 un petit peu le fran\u00e7ais avec les coll\u00e8gues fran\u00e7ais\ud83d\udde3\ud83d\udde3\ud83d\udde3\ud83d\udde3. On a particip\u00e9 aux ateliers, organis\u00e9s pour le &#8220;Consell Comarcal de la Cerdagne&#8221;, pour r\u00e9frechir l&#8217;origine de certaines aliments et le processus d&#8217;elaboration, la reconnaissance de quelques types de graines,&#8230;<\/p>\n<p>(A la vegada, hem practicat una mica el franc\u00e8s amb els companys francesos. Hem participat en uns tallers, organitzats pel Consell Comarcal, on hem recordat d&#8217;on venen certs aliments i com s&#8217;elaboren, el reconeixement d&#8217;algunes llavors,&#8230;)<\/p>\n<p><a href=\"https:\/\/agora.xtec.cat\/escolabacdecerdanya\/albums-de-fotos\/cicle-superior\/\"><img loading=\"lazy\" decoding=\"async\" class=\"wp-image-5677 aligncenter\" src=\"https:\/\/agora.xtec.cat\/escolabacdecerdanya\/wp-content\/uploads\/usu1753\/2023\/05\/llivins-1-1024x768.jpg\" alt=\"\" width=\"537\" height=\"403\" srcset=\"https:\/\/agora.xtec.cat\/escolabacdecerdanya\/wp-content\/uploads\/usu1753\/2023\/05\/llivins-1-1024x768.jpg 1024w, https:\/\/agora.xtec.cat\/escolabacdecerdanya\/wp-content\/uploads\/usu1753\/2023\/05\/llivins-1-300x225.jpg 300w, https:\/\/agora.xtec.cat\/escolabacdecerdanya\/wp-content\/uploads\/usu1753\/2023\/05\/llivins-1-768x576.jpg 768w, https:\/\/agora.xtec.cat\/escolabacdecerdanya\/wp-content\/uploads\/usu1753\/2023\/05\/llivins-1-200x150.jpg 200w, https:\/\/agora.xtec.cat\/escolabacdecerdanya\/wp-content\/uploads\/usu1753\/2023\/05\/llivins-1.jpg 1280w\" sizes=\"auto, (max-width: 537px) 100vw, 537px\" \/><\/a><\/p>\n","protected":false},"excerpt":{"rendered":"<p>Aujourd&#8217;hui, les \u00e9l\u00e8ves de l&#8217;\u00e9cole d&#8217;Alp, Bolvir et Ur se sont rencontr\u00e9s a Llivins \ud83c\udf77\ud83c\udf77\ud83c\udf77\ud83c\udf77(une cave \u00e0 vin) pour voir le processus de l&#8217;\u00e9laboration du vin. Un des propi\u00e9taires de la cave nous a expliqu\u00e9 les diff\u00e9rents types du vin qu&#8217;ils produissent, comme ils font&hellip;  <a href=\"https:\/\/agora.xtec.cat\/escolabacdecerdanya\/general\/projecte-transfronterer-llivins-cicle-superior\/\" title=\"Read PROJECTE TRANSFRONTERER: LLIVINS (CICLE SUPERIOR)\">Llegeix m\u00e9s\u00bb<\/a><\/p>\n","protected":false},"author":6,"featured_media":5677,"comment_status":"open","ping_status":"closed","sticky":false,"template":"","format":"standard","meta":{"_bbp_topic_count":0,"_bbp_reply_count":0,"_bbp_total_topic_count":0,"_bbp_total_reply_count":0,"_bbp_voice_count":0,"_bbp_anonymous_reply_count":0,"_bbp_topic_count_hidden":0,"_bbp_reply_count_hidden":0,"_bbp_forum_subforum_count":0,"footnotes":""},"categories":[14,15,239,76,156,241,1,162,61,4],"tags":[],"class_list":["post-5673","post","type-post","status-publish","format-standard","has-post-thumbnail","hentry","category-5e","category-6e","category-album-de-fotos","category-cicle-superior","category-francais","category-ft-cicle-superior","category-general","category-llengues-estrangeres","category-novetats","category-portada"],"post_mailing_queue_ids":[],"_links":{"self":[{"href":"https:\/\/agora.xtec.cat\/escolabacdecerdanya\/wp-json\/wp\/v2\/posts\/5673","targetHints":{"allow":["GET"]}}],"collection":[{"href":"https:\/\/agora.xtec.cat\/escolabacdecerdanya\/wp-json\/wp\/v2\/posts"}],"about":[{"href":"https:\/\/agora.xtec.cat\/escolabacdecerdanya\/wp-json\/wp\/v2\/types\/post"}],"author":[{"embeddable":true,"href":"https:\/\/agora.xtec.cat\/escolabacdecerdanya\/wp-json\/wp\/v2\/users\/6"}],"replies":[{"embeddable":true,"href":"https:\/\/agora.xtec.cat\/escolabacdecerdanya\/wp-json\/wp\/v2\/comments?post=5673"}],"version-history":[{"count":3,"href":"https:\/\/agora.xtec.cat\/escolabacdecerdanya\/wp-json\/wp\/v2\/posts\/5673\/revisions"}],"predecessor-version":[{"id":5680,"href":"https:\/\/agora.xtec.cat\/escolabacdecerdanya\/wp-json\/wp\/v2\/posts\/5673\/revisions\/5680"}],"wp:featuredmedia":[{"embeddable":true,"href":"https:\/\/agora.xtec.cat\/escolabacdecerdanya\/wp-json\/wp\/v2\/media\/5677"}],"wp:attachment":[{"href":"https:\/\/agora.xtec.cat\/escolabacdecerdanya\/wp-json\/wp\/v2\/media?parent=5673"}],"wp:term":[{"taxonomy":"category","embeddable":true,"href":"https:\/\/agora.xtec.cat\/escolabacdecerdanya\/wp-json\/wp\/v2\/categories?post=5673"},{"taxonomy":"post_tag","embeddable":true,"href":"https:\/\/agora.xtec.cat\/escolabacdecerdanya\/wp-json\/wp\/v2\/tags?post=5673"}],"curies":[{"name":"wp","href":"https:\/\/api.w.org\/{rel}","templated":true}]}}