{"id":5667,"date":"2023-05-11T12:40:08","date_gmt":"2023-05-11T10:40:08","guid":{"rendered":"https:\/\/agora.xtec.cat\/escolabacdecerdanya\/?p=5667"},"modified":"2023-05-12T15:58:28","modified_gmt":"2023-05-12T13:58:28","slug":"sortida-alpi","status":"publish","type":"post","link":"https:\/\/agora.xtec.cat\/escolabacdecerdanya\/general\/sortida-alpi\/","title":{"rendered":"SORTIDA ALPI"},"content":{"rendered":"<p>Durant aquesta setmana els infants han escoltat la hist\u00f2ria d&#8217;aquest petit c\u00e9rvol carism\u00e0tic que va viure al municipi. Ahir dimecres els nens i les nenes d&#8217;infantil vam passejar pels carrers d&#8217;Alp fins arribar a l&#8217;Ajuntament, on van poder veure i tocar a l&#8217;Alpi.<\/p>\n<p>Tamb\u00e9 vam passar per la pla\u00e7a de l&#8217;esgl\u00e9sia on fa uns anys van fer un homenatge a l&#8217;Alpi posant una escultura.<\/p>\n<p>Si voleu veure m\u00e9s fotografies cliqueu a la imatge.<\/p>\n<p>&nbsp;<\/p>\n<p><a href=\"https:\/\/agora.xtec.cat\/escolabacdecerdanya\/albums-de-fotos\/educacio-infantil\/\"><img loading=\"lazy\" decoding=\"async\" class=\"alignnone wp-image-5669\" src=\"https:\/\/agora.xtec.cat\/escolabacdecerdanya\/wp-content\/uploads\/usu1753\/2023\/05\/IMG-20230511-WA0010-768x1024.jpg\" alt=\"\" width=\"414\" height=\"552\" srcset=\"https:\/\/agora.xtec.cat\/escolabacdecerdanya\/wp-content\/uploads\/usu1753\/2023\/05\/IMG-20230511-WA0010-768x1024.jpg 768w, https:\/\/agora.xtec.cat\/escolabacdecerdanya\/wp-content\/uploads\/usu1753\/2023\/05\/IMG-20230511-WA0010-225x300.jpg 225w, https:\/\/agora.xtec.cat\/escolabacdecerdanya\/wp-content\/uploads\/usu1753\/2023\/05\/IMG-20230511-WA0010-1152x1536.jpg 1152w, https:\/\/agora.xtec.cat\/escolabacdecerdanya\/wp-content\/uploads\/usu1753\/2023\/05\/IMG-20230511-WA0010.jpg 1536w\" sizes=\"auto, (max-width: 414px) 100vw, 414px\" \/><\/a><\/p>\n<p>&nbsp;<\/p>\n<p>&nbsp;<\/p>\n","protected":false},"excerpt":{"rendered":"<p>Durant aquesta setmana els infants han escoltat la hist\u00f2ria d&#8217;aquest petit c\u00e9rvol carism\u00e0tic que va viure al municipi. Ahir dimecres els nens i les nenes d&#8217;infantil vam passejar pels carrers d&#8217;Alp fins arribar a l&#8217;Ajuntament, on van poder veure i tocar a l&#8217;Alpi.<br \/>\nTamb\u00e9 vam passar&hellip;  <a href=\"https:\/\/agora.xtec.cat\/escolabacdecerdanya\/general\/sortida-alpi\/\" title=\"Read SORTIDA ALPI\">Llegeix m\u00e9s\u00bb<\/a><\/p>\n","protected":false},"author":50,"featured_media":0,"comment_status":"open","ping_status":"closed","sticky":false,"template":"","format":"standard","meta":{"_bbp_topic_count":0,"_bbp_reply_count":0,"_bbp_total_topic_count":0,"_bbp_total_reply_count":0,"_bbp_voice_count":0,"_bbp_anonymous_reply_count":0,"_bbp_topic_count_hidden":0,"_bbp_reply_count_hidden":0,"_bbp_forum_subforum_count":0,"footnotes":""},"categories":[103,1,3,8,9,4],"tags":[198,195,197,204],"class_list":["post-5667","post","type-post","status-publish","format-standard","hentry","category-infantil-2","category-general","category-p3","category-p4","category-p5","category-portada","tag-educacio-infantil","tag-general","tag-infantil","tag-portada"],"post_mailing_queue_ids":[],"_links":{"self":[{"href":"https:\/\/agora.xtec.cat\/escolabacdecerdanya\/wp-json\/wp\/v2\/posts\/5667","targetHints":{"allow":["GET"]}}],"collection":[{"href":"https:\/\/agora.xtec.cat\/escolabacdecerdanya\/wp-json\/wp\/v2\/posts"}],"about":[{"href":"https:\/\/agora.xtec.cat\/escolabacdecerdanya\/wp-json\/wp\/v2\/types\/post"}],"author":[{"embeddable":true,"href":"https:\/\/agora.xtec.cat\/escolabacdecerdanya\/wp-json\/wp\/v2\/users\/50"}],"replies":[{"embeddable":true,"href":"https:\/\/agora.xtec.cat\/escolabacdecerdanya\/wp-json\/wp\/v2\/comments?post=5667"}],"version-history":[{"count":2,"href":"https:\/\/agora.xtec.cat\/escolabacdecerdanya\/wp-json\/wp\/v2\/posts\/5667\/revisions"}],"predecessor-version":[{"id":5671,"href":"https:\/\/agora.xtec.cat\/escolabacdecerdanya\/wp-json\/wp\/v2\/posts\/5667\/revisions\/5671"}],"wp:attachment":[{"href":"https:\/\/agora.xtec.cat\/escolabacdecerdanya\/wp-json\/wp\/v2\/media?parent=5667"}],"wp:term":[{"taxonomy":"category","embeddable":true,"href":"https:\/\/agora.xtec.cat\/escolabacdecerdanya\/wp-json\/wp\/v2\/categories?post=5667"},{"taxonomy":"post_tag","embeddable":true,"href":"https:\/\/agora.xtec.cat\/escolabacdecerdanya\/wp-json\/wp\/v2\/tags?post=5667"}],"curies":[{"name":"wp","href":"https:\/\/api.w.org\/{rel}","templated":true}]}}