{"id":5641,"date":"2023-05-10T15:27:14","date_gmt":"2023-05-10T13:27:14","guid":{"rendered":"https:\/\/agora.xtec.cat\/escolabacdecerdanya\/?p=5641"},"modified":"2023-05-10T15:28:06","modified_gmt":"2023-05-10T13:28:06","slug":"cantem-amb-la-clika","status":"publish","type":"post","link":"https:\/\/agora.xtec.cat\/escolabacdecerdanya\/general\/cantem-amb-la-clika\/","title":{"rendered":"Cantem amb LA CLIKA"},"content":{"rendered":"<p>Aquest curs els i les alumnes de segon de l&#8217;escola hem participat a la cantata de <strong>LA CLIKA<\/strong>. Durant tot el curs, hem estat compartint moltes estones amb els personatges de La Clika, hem apr\u00e8s les seves can\u00e7ons i hem reflexionat sobre tots els valors que ens han ensenyat.<a href=\"https:\/\/agora.xtec.cat\/escolabacdecerdanya\/albums-de-fotos\/cicle-inicial\/\"><img loading=\"lazy\" decoding=\"async\" class=\"wp-image-5642 aligncenter\" src=\"https:\/\/agora.xtec.cat\/escolabacdecerdanya\/wp-content\/uploads\/usu1753\/2023\/05\/maxresdefault-1-1024x576.jpg\" alt=\"\" width=\"622\" height=\"350\" srcset=\"https:\/\/agora.xtec.cat\/escolabacdecerdanya\/wp-content\/uploads\/usu1753\/2023\/05\/maxresdefault-1-1024x576.jpg 1024w, https:\/\/agora.xtec.cat\/escolabacdecerdanya\/wp-content\/uploads\/usu1753\/2023\/05\/maxresdefault-1-300x169.jpg 300w, https:\/\/agora.xtec.cat\/escolabacdecerdanya\/wp-content\/uploads\/usu1753\/2023\/05\/maxresdefault-1-768x432.jpg 768w, https:\/\/agora.xtec.cat\/escolabacdecerdanya\/wp-content\/uploads\/usu1753\/2023\/05\/maxresdefault-1.jpg 1280w\" sizes=\"auto, (max-width: 622px) 100vw, 622px\" \/><\/a><\/p>\n<p>Avui, finalment, ens hem reunit amb tres escoles m\u00e9s de la comarca i hem fet el concert de La Clika al Casino de Puigcerd\u00e0. Ha sigut molt divertit i emocionant cantar tots junts davant les fam\u00edlies. Hem cantat, hem ballat i ens ho hem passat d&#8217;all\u00f2 m\u00e9s b\u00e9!<\/p>\n<p>Si voleu veure m\u00e9s fotos i alguns v\u00eddeos, cliqueu damunt les fotos i busqueu l&#8217;\u00e0lbum de LA CLIKA.<a href=\"https:\/\/agora.xtec.cat\/escolabacdecerdanya\/albums-de-fotos\/cicle-inicial\/\"><br \/>\n<img loading=\"lazy\" decoding=\"async\" class=\"wp-image-5644 aligncenter\" src=\"https:\/\/agora.xtec.cat\/escolabacdecerdanya\/wp-content\/uploads\/usu1753\/2023\/05\/laclika.png\" alt=\"\" width=\"627\" height=\"353\" srcset=\"https:\/\/agora.xtec.cat\/escolabacdecerdanya\/wp-content\/uploads\/usu1753\/2023\/05\/laclika.png 979w, https:\/\/agora.xtec.cat\/escolabacdecerdanya\/wp-content\/uploads\/usu1753\/2023\/05\/laclika-300x169.png 300w, https:\/\/agora.xtec.cat\/escolabacdecerdanya\/wp-content\/uploads\/usu1753\/2023\/05\/laclika-768x432.png 768w\" sizes=\"auto, (max-width: 627px) 100vw, 627px\" \/><\/a><\/p>\n","protected":false},"excerpt":{"rendered":"<p>Els i les laumnes de segon hem participat a la cantatat de La Clika i ha sigut s\u00faper divertit!&hellip;  <a href=\"https:\/\/agora.xtec.cat\/escolabacdecerdanya\/general\/cantem-amb-la-clika\/\" title=\"Read Cantem amb LA CLIKA\">Llegeix m\u00e9s\u00bb<\/a><\/p>\n","protected":false},"author":3,"featured_media":5642,"comment_status":"open","ping_status":"closed","sticky":false,"template":"","format":"standard","meta":{"_bbp_topic_count":0,"_bbp_reply_count":0,"_bbp_total_topic_count":0,"_bbp_total_reply_count":0,"_bbp_voice_count":0,"_bbp_anonymous_reply_count":0,"_bbp_topic_count_hidden":0,"_bbp_reply_count_hidden":0,"_bbp_forum_subforum_count":0,"footnotes":""},"categories":[11,104,1,121,61,4,86],"tags":[260,261,247],"class_list":["post-5641","post","type-post","status-publish","format-standard","has-post-thumbnail","hentry","category-2n","category-inicial","category-general","category-musica","category-novetats","category-portada","category-sortida","tag-cantata","tag-la-clika","tag-musica"],"post_mailing_queue_ids":[],"_links":{"self":[{"href":"https:\/\/agora.xtec.cat\/escolabacdecerdanya\/wp-json\/wp\/v2\/posts\/5641","targetHints":{"allow":["GET"]}}],"collection":[{"href":"https:\/\/agora.xtec.cat\/escolabacdecerdanya\/wp-json\/wp\/v2\/posts"}],"about":[{"href":"https:\/\/agora.xtec.cat\/escolabacdecerdanya\/wp-json\/wp\/v2\/types\/post"}],"author":[{"embeddable":true,"href":"https:\/\/agora.xtec.cat\/escolabacdecerdanya\/wp-json\/wp\/v2\/users\/3"}],"replies":[{"embeddable":true,"href":"https:\/\/agora.xtec.cat\/escolabacdecerdanya\/wp-json\/wp\/v2\/comments?post=5641"}],"version-history":[{"count":2,"href":"https:\/\/agora.xtec.cat\/escolabacdecerdanya\/wp-json\/wp\/v2\/posts\/5641\/revisions"}],"predecessor-version":[{"id":5647,"href":"https:\/\/agora.xtec.cat\/escolabacdecerdanya\/wp-json\/wp\/v2\/posts\/5641\/revisions\/5647"}],"wp:featuredmedia":[{"embeddable":true,"href":"https:\/\/agora.xtec.cat\/escolabacdecerdanya\/wp-json\/wp\/v2\/media\/5642"}],"wp:attachment":[{"href":"https:\/\/agora.xtec.cat\/escolabacdecerdanya\/wp-json\/wp\/v2\/media?parent=5641"}],"wp:term":[{"taxonomy":"category","embeddable":true,"href":"https:\/\/agora.xtec.cat\/escolabacdecerdanya\/wp-json\/wp\/v2\/categories?post=5641"},{"taxonomy":"post_tag","embeddable":true,"href":"https:\/\/agora.xtec.cat\/escolabacdecerdanya\/wp-json\/wp\/v2\/tags?post=5641"}],"curies":[{"name":"wp","href":"https:\/\/api.w.org\/{rel}","templated":true}]}}