{"id":5622,"date":"2023-04-28T14:01:54","date_gmt":"2023-04-28T12:01:54","guid":{"rendered":"https:\/\/agora.xtec.cat\/escolabacdecerdanya\/?p=5622"},"modified":"2023-04-28T14:02:49","modified_gmt":"2023-04-28T12:02:49","slug":"les-families-ens-expliquen-contes","status":"publish","type":"post","link":"https:\/\/agora.xtec.cat\/escolabacdecerdanya\/general\/les-families-ens-expliquen-contes\/","title":{"rendered":"LES FAM\u00cdLIES ENS EXPLIQUEN CONTES!"},"content":{"rendered":"<p>Aquesta setmana, aprofitant que estem dins la setmana de la lectura, hem invitat a les fam\u00edlies de segon que volguessin i\/o poguessin a explicar-nos un conte.<\/p>\n<p>La <strong>Lucy<\/strong>, la mare del Brodie, ens va venir a explicar uns quants contes en angl\u00e8s, o m\u00e9s aviat, en <strong>scottish<\/strong>! Un sobre una nena que es traga una mosca i moltes coses m\u00e9s, una balena que ho volia tenir tot, i una granota que col\u00b7locava a tots els animals a on ella volia!<\/p>\n<p><a href=\"https:\/\/agora.xtec.cat\/escolabacdecerdanya\/wp-content\/uploads\/usu1753\/2023\/04\/lucy1.jpg\"><img loading=\"lazy\" decoding=\"async\" class=\"alignnone size-large wp-image-5623\" src=\"https:\/\/agora.xtec.cat\/escolabacdecerdanya\/wp-content\/uploads\/usu1753\/2023\/04\/lucy1-1024x768.jpg\" alt=\"\" width=\"1024\" height=\"768\" srcset=\"https:\/\/agora.xtec.cat\/escolabacdecerdanya\/wp-content\/uploads\/usu1753\/2023\/04\/lucy1-1024x768.jpg 1024w, https:\/\/agora.xtec.cat\/escolabacdecerdanya\/wp-content\/uploads\/usu1753\/2023\/04\/lucy1-300x225.jpg 300w, https:\/\/agora.xtec.cat\/escolabacdecerdanya\/wp-content\/uploads\/usu1753\/2023\/04\/lucy1-768x576.jpg 768w, https:\/\/agora.xtec.cat\/escolabacdecerdanya\/wp-content\/uploads\/usu1753\/2023\/04\/lucy1-1536x1152.jpg 1536w, https:\/\/agora.xtec.cat\/escolabacdecerdanya\/wp-content\/uploads\/usu1753\/2023\/04\/lucy1-200x150.jpg 200w, https:\/\/agora.xtec.cat\/escolabacdecerdanya\/wp-content\/uploads\/usu1753\/2023\/04\/lucy1.jpg 2016w\" sizes=\"auto, (max-width: 1024px) 100vw, 1024px\" \/><\/a><\/p>\n<p>El <strong>Jose<\/strong>, el pare del David, ens ha explicat nu conte en castell\u00e0 sobre l&#8217;ajudant del Ratoncito P\u00e9rez, que pel qu\u00e8 hem descobert, li agradava molt dormir i al final es despistava una mica&#8230; Tamb\u00e9 ens ha explicat un altre sobre la motxilla de coses bones i dolentes que portem a sobre.<\/p>\n<p><a href=\"https:\/\/agora.xtec.cat\/escolabacdecerdanya\/wp-content\/uploads\/usu1753\/2023\/04\/jose1.jpg\"><img loading=\"lazy\" decoding=\"async\" class=\"alignnone size-large wp-image-5624\" src=\"https:\/\/agora.xtec.cat\/escolabacdecerdanya\/wp-content\/uploads\/usu1753\/2023\/04\/jose1-1024x768.jpg\" alt=\"\" width=\"1024\" height=\"768\" srcset=\"https:\/\/agora.xtec.cat\/escolabacdecerdanya\/wp-content\/uploads\/usu1753\/2023\/04\/jose1-1024x768.jpg 1024w, https:\/\/agora.xtec.cat\/escolabacdecerdanya\/wp-content\/uploads\/usu1753\/2023\/04\/jose1-300x225.jpg 300w, https:\/\/agora.xtec.cat\/escolabacdecerdanya\/wp-content\/uploads\/usu1753\/2023\/04\/jose1-768x576.jpg 768w, https:\/\/agora.xtec.cat\/escolabacdecerdanya\/wp-content\/uploads\/usu1753\/2023\/04\/jose1-1536x1152.jpg 1536w, https:\/\/agora.xtec.cat\/escolabacdecerdanya\/wp-content\/uploads\/usu1753\/2023\/04\/jose1-200x150.jpg 200w, https:\/\/agora.xtec.cat\/escolabacdecerdanya\/wp-content\/uploads\/usu1753\/2023\/04\/jose1.jpg 2016w\" sizes=\"auto, (max-width: 1024px) 100vw, 1024px\" \/><\/a><\/p>\n<p>I finalment, la <strong>Laura<\/strong>, la tieta de la Martina, ens ha enviat un v\u00eddeo sobre un conte que van gravar entre tota la fam\u00edlia, i all\u00e0 hem pogut escoltar la veu de la Martina!<\/p>\n<p><a href=\"https:\/\/agora.xtec.cat\/escolabacdecerdanya\/wp-content\/uploads\/usu1753\/2023\/04\/aquae.jpg\"><img loading=\"lazy\" decoding=\"async\" class=\"alignnone size-full wp-image-5625\" src=\"https:\/\/agora.xtec.cat\/escolabacdecerdanya\/wp-content\/uploads\/usu1753\/2023\/04\/aquae.jpg\" alt=\"\" width=\"693\" height=\"385\" srcset=\"https:\/\/agora.xtec.cat\/escolabacdecerdanya\/wp-content\/uploads\/usu1753\/2023\/04\/aquae.jpg 693w, https:\/\/agora.xtec.cat\/escolabacdecerdanya\/wp-content\/uploads\/usu1753\/2023\/04\/aquae-300x167.jpg 300w\" sizes=\"auto, (max-width: 693px) 100vw, 693px\" \/><\/a><\/p>\n<p style=\"text-align: center;\"><strong>Moltes gr\u00e0cies fam\u00edlies!! <\/strong><\/p>\n<p style=\"text-align: center;\">Ens ha encantat descobrir contes nous!!<\/p>\n","protected":false},"excerpt":{"rendered":"<p>Aquesta setmana, aprofitant que estem dins la setmana de la lectura, hem invitat a les fam\u00edlies de segon que volguessin i\/o poguessin a explicar-nos un conte.<br \/>\nLa Lucy, la mare del Brodie, ens va venir a explicar uns quants contes en angl\u00e8s, o m\u00e9s aviat, en&hellip;  <a href=\"https:\/\/agora.xtec.cat\/escolabacdecerdanya\/general\/les-families-ens-expliquen-contes\/\" title=\"Read LES FAM\u00cdLIES ENS EXPLIQUEN CONTES!\">Llegeix m\u00e9s\u00bb<\/a><\/p>\n","protected":false},"author":3,"featured_media":5626,"comment_status":"open","ping_status":"closed","sticky":false,"template":"","format":"standard","meta":{"_bbp_topic_count":0,"_bbp_reply_count":0,"_bbp_total_topic_count":0,"_bbp_total_reply_count":0,"_bbp_voice_count":0,"_bbp_anonymous_reply_count":0,"_bbp_topic_count_hidden":0,"_bbp_reply_count_hidden":0,"_bbp_forum_subforum_count":0,"footnotes":""},"categories":[11,104,1,61,4,92],"tags":[259,189],"class_list":["post-5622","post","type-post","status-publish","format-standard","has-post-thumbnail","hentry","category-2n","category-inicial","category-general","category-novetats","category-portada","category-sant-jordi","tag-families","tag-sant-jordi"],"post_mailing_queue_ids":[],"_links":{"self":[{"href":"https:\/\/agora.xtec.cat\/escolabacdecerdanya\/wp-json\/wp\/v2\/posts\/5622","targetHints":{"allow":["GET"]}}],"collection":[{"href":"https:\/\/agora.xtec.cat\/escolabacdecerdanya\/wp-json\/wp\/v2\/posts"}],"about":[{"href":"https:\/\/agora.xtec.cat\/escolabacdecerdanya\/wp-json\/wp\/v2\/types\/post"}],"author":[{"embeddable":true,"href":"https:\/\/agora.xtec.cat\/escolabacdecerdanya\/wp-json\/wp\/v2\/users\/3"}],"replies":[{"embeddable":true,"href":"https:\/\/agora.xtec.cat\/escolabacdecerdanya\/wp-json\/wp\/v2\/comments?post=5622"}],"version-history":[{"count":2,"href":"https:\/\/agora.xtec.cat\/escolabacdecerdanya\/wp-json\/wp\/v2\/posts\/5622\/revisions"}],"predecessor-version":[{"id":5628,"href":"https:\/\/agora.xtec.cat\/escolabacdecerdanya\/wp-json\/wp\/v2\/posts\/5622\/revisions\/5628"}],"wp:featuredmedia":[{"embeddable":true,"href":"https:\/\/agora.xtec.cat\/escolabacdecerdanya\/wp-json\/wp\/v2\/media\/5626"}],"wp:attachment":[{"href":"https:\/\/agora.xtec.cat\/escolabacdecerdanya\/wp-json\/wp\/v2\/media?parent=5622"}],"wp:term":[{"taxonomy":"category","embeddable":true,"href":"https:\/\/agora.xtec.cat\/escolabacdecerdanya\/wp-json\/wp\/v2\/categories?post=5622"},{"taxonomy":"post_tag","embeddable":true,"href":"https:\/\/agora.xtec.cat\/escolabacdecerdanya\/wp-json\/wp\/v2\/tags?post=5622"}],"curies":[{"name":"wp","href":"https:\/\/api.w.org\/{rel}","templated":true}]}}