{"id":5616,"date":"2023-04-28T13:32:02","date_gmt":"2023-04-28T11:32:02","guid":{"rendered":"https:\/\/agora.xtec.cat\/escolabacdecerdanya\/?p=5616"},"modified":"2023-04-28T13:32:02","modified_gmt":"2023-04-28T11:32:02","slug":"hem-jugat-amb-lequip-kunitas-de-la-queens-league","status":"publish","type":"post","link":"https:\/\/agora.xtec.cat\/escolabacdecerdanya\/general\/hem-jugat-amb-lequip-kunitas-de-la-queens-league\/","title":{"rendered":"Hem jugat amb l&#8217;equip KUNITAS de la Queens league!"},"content":{"rendered":"<p><a href=\"https:\/\/agora.xtec.cat\/escolabacdecerdanya\/wp-content\/uploads\/usu1753\/2023\/04\/IMG-20230428-WA0005.jpg\"><img loading=\"lazy\" decoding=\"async\" class=\"wp-image-5617 alignleft\" src=\"https:\/\/agora.xtec.cat\/escolabacdecerdanya\/wp-content\/uploads\/usu1753\/2023\/04\/IMG-20230428-WA0005-768x1024.jpg\" alt=\"\" width=\"191\" height=\"255\" srcset=\"https:\/\/agora.xtec.cat\/escolabacdecerdanya\/wp-content\/uploads\/usu1753\/2023\/04\/IMG-20230428-WA0005-768x1024.jpg 768w, https:\/\/agora.xtec.cat\/escolabacdecerdanya\/wp-content\/uploads\/usu1753\/2023\/04\/IMG-20230428-WA0005-225x300.jpg 225w, https:\/\/agora.xtec.cat\/escolabacdecerdanya\/wp-content\/uploads\/usu1753\/2023\/04\/IMG-20230428-WA0005-1152x1536.jpg 1152w, https:\/\/agora.xtec.cat\/escolabacdecerdanya\/wp-content\/uploads\/usu1753\/2023\/04\/IMG-20230428-WA0005.jpg 1536w\" sizes=\"auto, (max-width: 191px) 100vw, 191px\" \/><\/a>Aquest mat\u00ed els i les alumnes dels cicles mitj\u00e0 i superior hem anat al camp de futbol d&#8217;Alp a veure l&#8217;equip femen\u00ed KUNITAS que estan fent un stage a Alp per preparar la queens league. Ha estat genial!&#8230; hem vist com entrenaven i, fins i tot, ens han convidat a jugar una estona amb elles.<\/p>\n<p>Per acabar ens hem fet algunes fotos, ens han signat aut\u00f2grafs i les hem animat a gaudir del seu pas per la queens league.<\/p>\n<p>Ens han explicat que estan molt contentes d&#8217;haver vingut a entrenar al nostre poble i de totes les facilitats que han tingut per venir. hem quedat que quan guanyin el campionat tornaran a Alp a celebrar-ho!<\/p>\n<p style=\"text-align: center;\"><strong>FOR\u00c7A\u00a0 KUNITAS!<\/strong><\/p>\n<p><a href=\"https:\/\/agora.xtec.cat\/escolabacdecerdanya\/wp-content\/uploads\/usu1753\/2023\/04\/IMG-20230428-WA0003.jpg\"><img loading=\"lazy\" decoding=\"async\" class=\"alignnone  wp-image-5620\" src=\"https:\/\/agora.xtec.cat\/escolabacdecerdanya\/wp-content\/uploads\/usu1753\/2023\/04\/IMG-20230428-WA0003-1024x768.jpg\" alt=\"\" width=\"343\" height=\"257\" srcset=\"https:\/\/agora.xtec.cat\/escolabacdecerdanya\/wp-content\/uploads\/usu1753\/2023\/04\/IMG-20230428-WA0003-1024x768.jpg 1024w, https:\/\/agora.xtec.cat\/escolabacdecerdanya\/wp-content\/uploads\/usu1753\/2023\/04\/IMG-20230428-WA0003-300x225.jpg 300w, https:\/\/agora.xtec.cat\/escolabacdecerdanya\/wp-content\/uploads\/usu1753\/2023\/04\/IMG-20230428-WA0003-768x576.jpg 768w, https:\/\/agora.xtec.cat\/escolabacdecerdanya\/wp-content\/uploads\/usu1753\/2023\/04\/IMG-20230428-WA0003-1536x1152.jpg 1536w, https:\/\/agora.xtec.cat\/escolabacdecerdanya\/wp-content\/uploads\/usu1753\/2023\/04\/IMG-20230428-WA0003-200x150.jpg 200w, https:\/\/agora.xtec.cat\/escolabacdecerdanya\/wp-content\/uploads\/usu1753\/2023\/04\/IMG-20230428-WA0003.jpg 2048w\" sizes=\"auto, (max-width: 343px) 100vw, 343px\" \/> <\/a><a href=\"https:\/\/agora.xtec.cat\/escolabacdecerdanya\/wp-content\/uploads\/usu1753\/2023\/04\/IMG-20230428-WA0006.jpg\"><img loading=\"lazy\" decoding=\"async\" class=\"alignnone  wp-image-5618\" src=\"https:\/\/agora.xtec.cat\/escolabacdecerdanya\/wp-content\/uploads\/usu1753\/2023\/04\/IMG-20230428-WA0006-1024x768.jpg\" alt=\"\" width=\"343\" height=\"258\" srcset=\"https:\/\/agora.xtec.cat\/escolabacdecerdanya\/wp-content\/uploads\/usu1753\/2023\/04\/IMG-20230428-WA0006-1024x768.jpg 1024w, https:\/\/agora.xtec.cat\/escolabacdecerdanya\/wp-content\/uploads\/usu1753\/2023\/04\/IMG-20230428-WA0006-300x225.jpg 300w, https:\/\/agora.xtec.cat\/escolabacdecerdanya\/wp-content\/uploads\/usu1753\/2023\/04\/IMG-20230428-WA0006-768x576.jpg 768w, https:\/\/agora.xtec.cat\/escolabacdecerdanya\/wp-content\/uploads\/usu1753\/2023\/04\/IMG-20230428-WA0006-1536x1152.jpg 1536w, https:\/\/agora.xtec.cat\/escolabacdecerdanya\/wp-content\/uploads\/usu1753\/2023\/04\/IMG-20230428-WA0006-200x150.jpg 200w, https:\/\/agora.xtec.cat\/escolabacdecerdanya\/wp-content\/uploads\/usu1753\/2023\/04\/IMG-20230428-WA0006.jpg 2048w\" sizes=\"auto, (max-width: 343px) 100vw, 343px\" \/> <\/a><a href=\"https:\/\/agora.xtec.cat\/escolabacdecerdanya\/wp-content\/uploads\/usu1753\/2023\/04\/IMG-20230428-WA0004.jpg\"><img loading=\"lazy\" decoding=\"async\" class=\"alignnone  wp-image-5619\" src=\"https:\/\/agora.xtec.cat\/escolabacdecerdanya\/wp-content\/uploads\/usu1753\/2023\/04\/IMG-20230428-WA0004-1024x768.jpg\" alt=\"\" width=\"343\" height=\"257\" srcset=\"https:\/\/agora.xtec.cat\/escolabacdecerdanya\/wp-content\/uploads\/usu1753\/2023\/04\/IMG-20230428-WA0004-1024x768.jpg 1024w, https:\/\/agora.xtec.cat\/escolabacdecerdanya\/wp-content\/uploads\/usu1753\/2023\/04\/IMG-20230428-WA0004-300x225.jpg 300w, https:\/\/agora.xtec.cat\/escolabacdecerdanya\/wp-content\/uploads\/usu1753\/2023\/04\/IMG-20230428-WA0004-768x576.jpg 768w, https:\/\/agora.xtec.cat\/escolabacdecerdanya\/wp-content\/uploads\/usu1753\/2023\/04\/IMG-20230428-WA0004-1536x1152.jpg 1536w, https:\/\/agora.xtec.cat\/escolabacdecerdanya\/wp-content\/uploads\/usu1753\/2023\/04\/IMG-20230428-WA0004-200x150.jpg 200w, https:\/\/agora.xtec.cat\/escolabacdecerdanya\/wp-content\/uploads\/usu1753\/2023\/04\/IMG-20230428-WA0004.jpg 2048w\" sizes=\"auto, (max-width: 343px) 100vw, 343px\" \/><\/a><\/p>\n","protected":false},"excerpt":{"rendered":"<p><a href=\"https:\/\/agora.xtec.cat\/escolabacdecerdanya\/wp-content\/uploads\/usu1753\/2023\/04\/IMG-20230428-WA0005.jpg\"><\/a>Aquest mat\u00ed els i les alumnes dels cicles mitj\u00e0 i superior hem anat al camp de futbol d&#8217;Alp a veure l&#8217;equip femen\u00ed KUNITAS que estan fent un stage a Alp per preparar la queens league. Ha estat genial!&#8230; hem vist com entrenaven i, fins&hellip;  <a href=\"https:\/\/agora.xtec.cat\/escolabacdecerdanya\/general\/hem-jugat-amb-lequip-kunitas-de-la-queens-league\/\" title=\"Read Hem jugat amb l&#8217;equip KUNITAS de la Queens league!\">Llegeix m\u00e9s\u00bb<\/a><\/p>\n","protected":false},"author":8,"featured_media":5618,"comment_status":"open","ping_status":"closed","sticky":false,"template":"","format":"standard","meta":{"_bbp_topic_count":0,"_bbp_reply_count":0,"_bbp_total_topic_count":0,"_bbp_total_reply_count":0,"_bbp_voice_count":0,"_bbp_anonymous_reply_count":0,"_bbp_topic_count_hidden":0,"_bbp_reply_count_hidden":0,"_bbp_forum_subforum_count":0,"footnotes":""},"categories":[105,76,143,1,61,4],"tags":[],"class_list":["post-5616","post","type-post","status-publish","format-standard","has-post-thumbnail","hentry","category-mitja","category-cicle-superior","category-educacio-fisica","category-general","category-novetats","category-portada"],"post_mailing_queue_ids":[],"_links":{"self":[{"href":"https:\/\/agora.xtec.cat\/escolabacdecerdanya\/wp-json\/wp\/v2\/posts\/5616","targetHints":{"allow":["GET"]}}],"collection":[{"href":"https:\/\/agora.xtec.cat\/escolabacdecerdanya\/wp-json\/wp\/v2\/posts"}],"about":[{"href":"https:\/\/agora.xtec.cat\/escolabacdecerdanya\/wp-json\/wp\/v2\/types\/post"}],"author":[{"embeddable":true,"href":"https:\/\/agora.xtec.cat\/escolabacdecerdanya\/wp-json\/wp\/v2\/users\/8"}],"replies":[{"embeddable":true,"href":"https:\/\/agora.xtec.cat\/escolabacdecerdanya\/wp-json\/wp\/v2\/comments?post=5616"}],"version-history":[{"count":1,"href":"https:\/\/agora.xtec.cat\/escolabacdecerdanya\/wp-json\/wp\/v2\/posts\/5616\/revisions"}],"predecessor-version":[{"id":5621,"href":"https:\/\/agora.xtec.cat\/escolabacdecerdanya\/wp-json\/wp\/v2\/posts\/5616\/revisions\/5621"}],"wp:featuredmedia":[{"embeddable":true,"href":"https:\/\/agora.xtec.cat\/escolabacdecerdanya\/wp-json\/wp\/v2\/media\/5618"}],"wp:attachment":[{"href":"https:\/\/agora.xtec.cat\/escolabacdecerdanya\/wp-json\/wp\/v2\/media?parent=5616"}],"wp:term":[{"taxonomy":"category","embeddable":true,"href":"https:\/\/agora.xtec.cat\/escolabacdecerdanya\/wp-json\/wp\/v2\/categories?post=5616"},{"taxonomy":"post_tag","embeddable":true,"href":"https:\/\/agora.xtec.cat\/escolabacdecerdanya\/wp-json\/wp\/v2\/tags?post=5616"}],"curies":[{"name":"wp","href":"https:\/\/api.w.org\/{rel}","templated":true}]}}