{"id":5601,"date":"2023-04-24T12:40:46","date_gmt":"2023-04-24T10:40:46","guid":{"rendered":"https:\/\/agora.xtec.cat\/escolabacdecerdanya\/?p=5601"},"modified":"2023-04-24T12:43:03","modified_gmt":"2023-04-24T10:43:03","slug":"sant-jordi-2023","status":"publish","type":"post","link":"https:\/\/agora.xtec.cat\/escolabacdecerdanya\/general\/sant-jordi-2023\/","title":{"rendered":"Sant Jordi 2023"},"content":{"rendered":"<p><a href=\"https:\/\/agora.xtec.cat\/escolabacdecerdanya\/wp-content\/uploads\/usu1753\/2023\/04\/IMG-20230423-WA0000.jpg\"><img loading=\"lazy\" decoding=\"async\" class=\"wp-image-5602 alignleft\" src=\"https:\/\/agora.xtec.cat\/escolabacdecerdanya\/wp-content\/uploads\/usu1753\/2023\/04\/IMG-20230423-WA0000-1024x768.jpg\" alt=\"\" width=\"265\" height=\"199\" srcset=\"https:\/\/agora.xtec.cat\/escolabacdecerdanya\/wp-content\/uploads\/usu1753\/2023\/04\/IMG-20230423-WA0000-1024x768.jpg 1024w, https:\/\/agora.xtec.cat\/escolabacdecerdanya\/wp-content\/uploads\/usu1753\/2023\/04\/IMG-20230423-WA0000-300x225.jpg 300w, https:\/\/agora.xtec.cat\/escolabacdecerdanya\/wp-content\/uploads\/usu1753\/2023\/04\/IMG-20230423-WA0000-768x576.jpg 768w, https:\/\/agora.xtec.cat\/escolabacdecerdanya\/wp-content\/uploads\/usu1753\/2023\/04\/IMG-20230423-WA0000-1536x1152.jpg 1536w, https:\/\/agora.xtec.cat\/escolabacdecerdanya\/wp-content\/uploads\/usu1753\/2023\/04\/IMG-20230423-WA0000-200x150.jpg 200w, https:\/\/agora.xtec.cat\/escolabacdecerdanya\/wp-content\/uploads\/usu1753\/2023\/04\/IMG-20230423-WA0000.jpg 1600w\" sizes=\"auto, (max-width: 265px) 100vw, 265px\" \/><\/a>El passat diumenge 23 d&#8217;abril vam celebrar la diada de Sant Jordi!<\/p>\n<p>Els nens i nenes de 6\u00e8 van preparar una parada plena de pastissos i galetes casolans, manualitats i roses vermelles. L&#8217;AFA de l&#8217;escola va organitzar la parada de llibres. Al mat\u00ed les parades van estar a la pla\u00e7a de l&#8217;esgl\u00e9sia i a la tarda a la placeta del Casino; totes les persones que van venir van poder triar i remenar entre un munt de llibres, pastissos i manualitats xules. <a href=\"https:\/\/agora.xtec.cat\/escolabacdecerdanya\/wp-content\/uploads\/usu1753\/2023\/04\/WhatsApp-Image-2023-04-24-at-12.17.50-1.jpeg\"><img loading=\"lazy\" decoding=\"async\" class=\"wp-image-5603 alignright\" src=\"https:\/\/agora.xtec.cat\/escolabacdecerdanya\/wp-content\/uploads\/usu1753\/2023\/04\/WhatsApp-Image-2023-04-24-at-12.17.50-1-768x1024.jpeg\" alt=\"\" width=\"241\" height=\"321\" srcset=\"https:\/\/agora.xtec.cat\/escolabacdecerdanya\/wp-content\/uploads\/usu1753\/2023\/04\/WhatsApp-Image-2023-04-24-at-12.17.50-1-768x1024.jpeg 768w, https:\/\/agora.xtec.cat\/escolabacdecerdanya\/wp-content\/uploads\/usu1753\/2023\/04\/WhatsApp-Image-2023-04-24-at-12.17.50-1-225x300.jpeg 225w, https:\/\/agora.xtec.cat\/escolabacdecerdanya\/wp-content\/uploads\/usu1753\/2023\/04\/WhatsApp-Image-2023-04-24-at-12.17.50-1-1152x1536.jpeg 1152w, https:\/\/agora.xtec.cat\/escolabacdecerdanya\/wp-content\/uploads\/usu1753\/2023\/04\/WhatsApp-Image-2023-04-24-at-12.17.50-1.jpeg 1200w\" sizes=\"auto, (max-width: 241px) 100vw, 241px\" \/><\/a><\/p>\n<p>A les 18:00h, al Teatre del Casino, va tenir lloc l&#8217;entrega de premis de la 40a edici\u00f3 dels Jocs Florals de Cerdanya. El Teatre estava ple de gom a gom. Va ser una acte molt emotiu perqu\u00e8 es va explicar que aquests Jocs Florals els va idear i iniciar l&#8217;APA de la nostra escola del curs 1983\/84 !. \u00c9s un veritable orgull per nosaltres poder dir que la llavor que es va plantar fa 40 anys encara avui \u00e9s ben arrelada i dona cada any els seus fruits literaris. Com a reconeixement la Dolors Tan\u00e9, que presentava l&#8217;acte i era mestra de la nostra escola en aquella \u00e8poca, va nomenar i fer pujar a l&#8217;escenari els membres d&#8217;aquella antiga APA que van poder venir a l&#8217;acte i se&#8217;ls va fer entrega d&#8217;un petit obsequi.<a href=\"https:\/\/agora.xtec.cat\/escolabacdecerdanya\/wp-content\/uploads\/usu1753\/2023\/04\/WhatsApp-Image-2023-04-24-at-12.17.50-3.jpeg\"><img loading=\"lazy\" decoding=\"async\" class=\"wp-image-5605 alignleft\" src=\"https:\/\/agora.xtec.cat\/escolabacdecerdanya\/wp-content\/uploads\/usu1753\/2023\/04\/WhatsApp-Image-2023-04-24-at-12.17.50-3-768x1024.jpeg\" alt=\"\" width=\"196\" height=\"261\" srcset=\"https:\/\/agora.xtec.cat\/escolabacdecerdanya\/wp-content\/uploads\/usu1753\/2023\/04\/WhatsApp-Image-2023-04-24-at-12.17.50-3-768x1024.jpeg 768w, https:\/\/agora.xtec.cat\/escolabacdecerdanya\/wp-content\/uploads\/usu1753\/2023\/04\/WhatsApp-Image-2023-04-24-at-12.17.50-3-225x300.jpeg 225w, https:\/\/agora.xtec.cat\/escolabacdecerdanya\/wp-content\/uploads\/usu1753\/2023\/04\/WhatsApp-Image-2023-04-24-at-12.17.50-3-1152x1536.jpeg 1152w, https:\/\/agora.xtec.cat\/escolabacdecerdanya\/wp-content\/uploads\/usu1753\/2023\/04\/WhatsApp-Image-2023-04-24-at-12.17.50-3.jpeg 1200w\" sizes=\"auto, (max-width: 196px) 100vw, 196px\" \/><\/a><\/p>\n<p>A l&#8217;entrega de premis del certamen literari d&#8217;aquest any la nostra escola tamb\u00e9 va ser excel\u00b7lentment representada pels nens i nenes finalistes i guanyadors que podreu veure a les <a href=\"https:\/\/agora.xtec.cat\/escolabacdecerdanya\/albums-de-fotos\/escola\/\">fotografies de l&#8217;\u00e0lbum adjunt<\/a>.<\/p>\n<p>Moltes gr\u00e0cies a totes les fam\u00edlies que vau ajudar a organitzar i muntar les parades, i a tothom que en algun moment del dia vau venir a veure&#8217;ns.<\/p>\n<p>I tamb\u00e9 donar les gr\u00e0cies al claustre de mestres de l&#8217;escola que cada curs, amb molta il\u00b7lusi\u00f3, engresca la mainada a escriure, a fer volar la imaginaci\u00f3 i a presentar les seves obres als Jocs Florals de Cerdanya i de Catalunya.<\/p>\n<p><a href=\"https:\/\/agora.xtec.cat\/escolabacdecerdanya\/wp-content\/uploads\/usu1753\/2023\/04\/WhatsApp-Image-2023-04-24-at-12.17.50-4.jpeg\"><img loading=\"lazy\" decoding=\"async\" class=\"alignnone wp-image-5606\" src=\"https:\/\/agora.xtec.cat\/escolabacdecerdanya\/wp-content\/uploads\/usu1753\/2023\/04\/WhatsApp-Image-2023-04-24-at-12.17.50-4-768x1024.jpeg\" alt=\"\" width=\"201\" height=\"268\" srcset=\"https:\/\/agora.xtec.cat\/escolabacdecerdanya\/wp-content\/uploads\/usu1753\/2023\/04\/WhatsApp-Image-2023-04-24-at-12.17.50-4-768x1024.jpeg 768w, https:\/\/agora.xtec.cat\/escolabacdecerdanya\/wp-content\/uploads\/usu1753\/2023\/04\/WhatsApp-Image-2023-04-24-at-12.17.50-4-225x300.jpeg 225w, https:\/\/agora.xtec.cat\/escolabacdecerdanya\/wp-content\/uploads\/usu1753\/2023\/04\/WhatsApp-Image-2023-04-24-at-12.17.50-4-1152x1536.jpeg 1152w, https:\/\/agora.xtec.cat\/escolabacdecerdanya\/wp-content\/uploads\/usu1753\/2023\/04\/WhatsApp-Image-2023-04-24-at-12.17.50-4.jpeg 1200w\" sizes=\"auto, (max-width: 201px) 100vw, 201px\" \/>\u00a0 <\/a><a href=\"https:\/\/agora.xtec.cat\/escolabacdecerdanya\/wp-content\/uploads\/usu1753\/2023\/04\/WhatsApp-Image-2023-04-24-at-12.17.50-2.jpeg\"><img loading=\"lazy\" decoding=\"async\" class=\"alignnone wp-image-5604\" src=\"https:\/\/agora.xtec.cat\/escolabacdecerdanya\/wp-content\/uploads\/usu1753\/2023\/04\/WhatsApp-Image-2023-04-24-at-12.17.50-2-768x1024.jpeg\" alt=\"\" width=\"201\" height=\"268\" srcset=\"https:\/\/agora.xtec.cat\/escolabacdecerdanya\/wp-content\/uploads\/usu1753\/2023\/04\/WhatsApp-Image-2023-04-24-at-12.17.50-2-768x1024.jpeg 768w, https:\/\/agora.xtec.cat\/escolabacdecerdanya\/wp-content\/uploads\/usu1753\/2023\/04\/WhatsApp-Image-2023-04-24-at-12.17.50-2-225x300.jpeg 225w, https:\/\/agora.xtec.cat\/escolabacdecerdanya\/wp-content\/uploads\/usu1753\/2023\/04\/WhatsApp-Image-2023-04-24-at-12.17.50-2-1152x1536.jpeg 1152w, https:\/\/agora.xtec.cat\/escolabacdecerdanya\/wp-content\/uploads\/usu1753\/2023\/04\/WhatsApp-Image-2023-04-24-at-12.17.50-2.jpeg 1200w\" sizes=\"auto, (max-width: 201px) 100vw, 201px\" \/><\/a><\/p>\n","protected":false},"excerpt":{"rendered":"<p><a href=\"https:\/\/agora.xtec.cat\/escolabacdecerdanya\/wp-content\/uploads\/usu1753\/2023\/04\/IMG-20230423-WA0000.jpg\"><\/a>El passat diumenge 23 d&#8217;abril vam celebrar la diada de Sant Jordi!<br \/>\nEls nens i nenes de 6\u00e8 van preparar una parada plena de pastissos i galetes casolans, manualitats i roses vermelles. L&#8217;AFA de l&#8217;escola va organitzar la parada de llibres. Al mat\u00ed les parades&hellip;  <a href=\"https:\/\/agora.xtec.cat\/escolabacdecerdanya\/general\/sant-jordi-2023\/\" title=\"Read Sant Jordi 2023\">Llegeix m\u00e9s\u00bb<\/a><\/p>\n","protected":false},"author":8,"featured_media":5607,"comment_status":"open","ping_status":"closed","sticky":false,"template":"","format":"standard","meta":{"_bbp_topic_count":0,"_bbp_reply_count":0,"_bbp_total_topic_count":0,"_bbp_total_reply_count":0,"_bbp_voice_count":0,"_bbp_anonymous_reply_count":0,"_bbp_topic_count_hidden":0,"_bbp_reply_count_hidden":0,"_bbp_forum_subforum_count":0,"footnotes":""},"categories":[15,239,7,76,60,161,1,61,4,92],"tags":[],"class_list":["post-5601","post","type-post","status-publish","format-standard","has-post-thumbnail","hentry","category-6e","category-album-de-fotos","category-ampa","category-cicle-superior","category-families","category-festes","category-general","category-novetats","category-portada","category-sant-jordi"],"post_mailing_queue_ids":[],"_links":{"self":[{"href":"https:\/\/agora.xtec.cat\/escolabacdecerdanya\/wp-json\/wp\/v2\/posts\/5601","targetHints":{"allow":["GET"]}}],"collection":[{"href":"https:\/\/agora.xtec.cat\/escolabacdecerdanya\/wp-json\/wp\/v2\/posts"}],"about":[{"href":"https:\/\/agora.xtec.cat\/escolabacdecerdanya\/wp-json\/wp\/v2\/types\/post"}],"author":[{"embeddable":true,"href":"https:\/\/agora.xtec.cat\/escolabacdecerdanya\/wp-json\/wp\/v2\/users\/8"}],"replies":[{"embeddable":true,"href":"https:\/\/agora.xtec.cat\/escolabacdecerdanya\/wp-json\/wp\/v2\/comments?post=5601"}],"version-history":[{"count":2,"href":"https:\/\/agora.xtec.cat\/escolabacdecerdanya\/wp-json\/wp\/v2\/posts\/5601\/revisions"}],"predecessor-version":[{"id":5610,"href":"https:\/\/agora.xtec.cat\/escolabacdecerdanya\/wp-json\/wp\/v2\/posts\/5601\/revisions\/5610"}],"wp:featuredmedia":[{"embeddable":true,"href":"https:\/\/agora.xtec.cat\/escolabacdecerdanya\/wp-json\/wp\/v2\/media\/5607"}],"wp:attachment":[{"href":"https:\/\/agora.xtec.cat\/escolabacdecerdanya\/wp-json\/wp\/v2\/media?parent=5601"}],"wp:term":[{"taxonomy":"category","embeddable":true,"href":"https:\/\/agora.xtec.cat\/escolabacdecerdanya\/wp-json\/wp\/v2\/categories?post=5601"},{"taxonomy":"post_tag","embeddable":true,"href":"https:\/\/agora.xtec.cat\/escolabacdecerdanya\/wp-json\/wp\/v2\/tags?post=5601"}],"curies":[{"name":"wp","href":"https:\/\/api.w.org\/{rel}","templated":true}]}}