{"id":559,"date":"2015-11-17T17:11:00","date_gmt":"2015-11-17T16:11:00","guid":{"rendered":"http:\/\/agora.xtec.cat\/escolabacdecerdanya\/general\/setmana-cultural-2015-el-circ-videos\/"},"modified":"2015-11-17T17:11:00","modified_gmt":"2015-11-17T16:11:00","slug":"setmana-cultural-2015-el-circ-videos","status":"publish","type":"post","link":"https:\/\/agora.xtec.cat\/escolabacdecerdanya\/general\/setmana-cultural-2015-el-circ-videos\/","title":{"rendered":"SETMANA CULTURAL 2015 &#8211; EL CIRC (v\u00eddeos)"},"content":{"rendered":"<div style=\"text-align: justify;\"><span style=\"font-family: &quot;trebuchet ms&quot; , sans-serif;\">Continuant amb la setmana cultural, clicant el seg\u00fcent enlla\u00e7, podeu visualitzar els v\u00eddeo de l&#8217;actuaci\u00f3 final del nostre circ! Quins professionals!!!<\/span><\/div>\n<div style=\"text-align: justify;\"><span style=\"font-family: &quot;trebuchet ms&quot; , sans-serif;\"><span style=\"font-family: &quot;Courier New&quot;, Courier, monospace; font-size: x-small;\">(Al marge dret de la p\u00e1gina del YouTube podeu visualitzar la resta de v\u00eddeos)<\/span><\/span><\/div>\n<div style=\"clear: both; text-align: justify;\"><a href=\"https:\/\/youtu.be\/_mE7-7jtL5M\"><img loading=\"lazy\" decoding=\"async\" border=\"0\" height=\"180\" src=\"http:\/\/4.bp.blogspot.com\/-8-8Kl-NuL68\/VktDWWaLUDI\/AAAAAAAAG-Q\/hPRLWMcvgxY\/s320\/20151112_162554.jpg\" width=\"320\" \/><\/a><\/div>\n<div style=\"text-align: justify;\"><span style=\"font-family: &quot;trebuchet ms&quot; , sans-serif;\"><br \/><\/span><\/div>\n<div style=\"text-align: justify;\"><span style=\"font-family: &quot;trebuchet ms&quot; , sans-serif;\"><a href=\"https:\/\/youtu.be\/_mE7-7jtL5M\">V\u00eddeo de l&#8217;actuaci\u00f3 de circ!<\/a><\/span><\/div>\n","protected":false},"excerpt":{"rendered":"<p>Continuant amb la setmana cultural, clicant el seg\u00fcent enlla\u00e7, podeu visualitzar els v\u00eddeo de l&#8217;actuaci\u00f3 final del nostre circ! Quins professionals!!!<br \/>\n(Al marge dret de la p\u00e1gina del YouTube podeu visualitzar la resta de v\u00eddeos)<br \/>\n<a href=\"https:\/\/youtu.be\/_mE7-7jtL5M\"><\/a><\/p>\n<p><a href=\"https:\/\/youtu.be\/_mE7-7jtL5M\">V\u00eddeo de l&#8217;actuaci\u00f3 de circ!<\/a><\/p>\n","protected":false},"author":1,"featured_media":0,"comment_status":"open","ping_status":"closed","sticky":false,"template":"","format":"standard","meta":{"_bbp_topic_count":0,"_bbp_reply_count":0,"_bbp_total_topic_count":0,"_bbp_total_reply_count":0,"_bbp_voice_count":0,"_bbp_anonymous_reply_count":0,"_bbp_topic_count_hidden":0,"_bbp_reply_count_hidden":0,"_bbp_forum_subforum_count":0,"footnotes":""},"categories":[1],"tags":[],"class_list":["post-559","post","type-post","status-publish","format-standard","hentry","category-general"],"post_mailing_queue_ids":[],"_links":{"self":[{"href":"https:\/\/agora.xtec.cat\/escolabacdecerdanya\/wp-json\/wp\/v2\/posts\/559","targetHints":{"allow":["GET"]}}],"collection":[{"href":"https:\/\/agora.xtec.cat\/escolabacdecerdanya\/wp-json\/wp\/v2\/posts"}],"about":[{"href":"https:\/\/agora.xtec.cat\/escolabacdecerdanya\/wp-json\/wp\/v2\/types\/post"}],"author":[{"embeddable":true,"href":"https:\/\/agora.xtec.cat\/escolabacdecerdanya\/wp-json\/wp\/v2\/users\/1"}],"replies":[{"embeddable":true,"href":"https:\/\/agora.xtec.cat\/escolabacdecerdanya\/wp-json\/wp\/v2\/comments?post=559"}],"version-history":[{"count":0,"href":"https:\/\/agora.xtec.cat\/escolabacdecerdanya\/wp-json\/wp\/v2\/posts\/559\/revisions"}],"wp:attachment":[{"href":"https:\/\/agora.xtec.cat\/escolabacdecerdanya\/wp-json\/wp\/v2\/media?parent=559"}],"wp:term":[{"taxonomy":"category","embeddable":true,"href":"https:\/\/agora.xtec.cat\/escolabacdecerdanya\/wp-json\/wp\/v2\/categories?post=559"},{"taxonomy":"post_tag","embeddable":true,"href":"https:\/\/agora.xtec.cat\/escolabacdecerdanya\/wp-json\/wp\/v2\/tags?post=559"}],"curies":[{"name":"wp","href":"https:\/\/api.w.org\/{rel}","templated":true}]}}