{"id":5575,"date":"2023-04-19T23:08:40","date_gmt":"2023-04-19T21:08:40","guid":{"rendered":"https:\/\/agora.xtec.cat\/escolabacdecerdanya\/?p=5575"},"modified":"2023-04-19T23:11:57","modified_gmt":"2023-04-19T21:11:57","slug":"plantem","status":"publish","type":"post","link":"https:\/\/agora.xtec.cat\/escolabacdecerdanya\/general\/plantem\/","title":{"rendered":"Plantem!"},"content":{"rendered":"<p>Com els altres cursos de l\u2019escola, nosaltres tamb\u00e9 hem fet el planter per col\u2022laborar amb l\u2019hort. Ens ha tocat plantar llavors de tomaquet i de p\u00e8sols, hem vist com anava creixent a les ampolles de pl\u00e0stic que ten\u00edem a la classe i que hem anat cuidant i, finalment, avui hem anat a l\u2019hort, amb els nens\/es de 3r, a plantar.<\/p>\n<p>&nbsp;<\/p>\n<p style=\"text-align: left;\"><a href=\"https:\/\/agora.xtec.cat\/escolabacdecerdanya\/wp-content\/uploads\/usu1753\/2023\/04\/5FB16F9B-3B3C-4465-98A7-13CA6D1EE3B7.jpeg\"><img loading=\"lazy\" decoding=\"async\" class=\"alignnone size-full wp-image-5581\" src=\"https:\/\/agora.xtec.cat\/escolabacdecerdanya\/wp-content\/uploads\/usu1753\/2023\/04\/5FB16F9B-3B3C-4465-98A7-13CA6D1EE3B7.jpeg\" alt=\"\" width=\"1024\" height=\"609\" srcset=\"https:\/\/agora.xtec.cat\/escolabacdecerdanya\/wp-content\/uploads\/usu1753\/2023\/04\/5FB16F9B-3B3C-4465-98A7-13CA6D1EE3B7.jpeg 1024w, https:\/\/agora.xtec.cat\/escolabacdecerdanya\/wp-content\/uploads\/usu1753\/2023\/04\/5FB16F9B-3B3C-4465-98A7-13CA6D1EE3B7-300x178.jpeg 300w, https:\/\/agora.xtec.cat\/escolabacdecerdanya\/wp-content\/uploads\/usu1753\/2023\/04\/5FB16F9B-3B3C-4465-98A7-13CA6D1EE3B7-768x457.jpeg 768w\" sizes=\"auto, (max-width: 1024px) 100vw, 1024px\" \/><\/a> <a href=\"https:\/\/agora.xtec.cat\/escolabacdecerdanya\/wp-content\/uploads\/usu1753\/2023\/04\/2DE9E104-E0F6-42F4-9760-12DAC91DDF5A.jpeg\"><img loading=\"lazy\" decoding=\"async\" class=\"alignnone size-large wp-image-5582\" src=\"https:\/\/agora.xtec.cat\/escolabacdecerdanya\/wp-content\/uploads\/usu1753\/2023\/04\/2DE9E104-E0F6-42F4-9760-12DAC91DDF5A.jpeg\" alt=\"\" width=\"1024\" height=\"768\" srcset=\"https:\/\/agora.xtec.cat\/escolabacdecerdanya\/wp-content\/uploads\/usu1753\/2023\/04\/2DE9E104-E0F6-42F4-9760-12DAC91DDF5A.jpeg 1024w, https:\/\/agora.xtec.cat\/escolabacdecerdanya\/wp-content\/uploads\/usu1753\/2023\/04\/2DE9E104-E0F6-42F4-9760-12DAC91DDF5A-300x225.jpeg 300w, https:\/\/agora.xtec.cat\/escolabacdecerdanya\/wp-content\/uploads\/usu1753\/2023\/04\/2DE9E104-E0F6-42F4-9760-12DAC91DDF5A-768x576.jpeg 768w, https:\/\/agora.xtec.cat\/escolabacdecerdanya\/wp-content\/uploads\/usu1753\/2023\/04\/2DE9E104-E0F6-42F4-9760-12DAC91DDF5A-200x150.jpeg 200w\" sizes=\"auto, (max-width: 1024px) 100vw, 1024px\" \/><\/a> <a href=\"https:\/\/agora.xtec.cat\/escolabacdecerdanya\/wp-content\/uploads\/usu1753\/2023\/04\/072A1F9B-D51E-46CB-8287-C71F792DF559.jpeg\"><img loading=\"lazy\" decoding=\"async\" class=\"alignnone size-large wp-image-5583\" src=\"https:\/\/agora.xtec.cat\/escolabacdecerdanya\/wp-content\/uploads\/usu1753\/2023\/04\/072A1F9B-D51E-46CB-8287-C71F792DF559.jpeg\" alt=\"\" width=\"1024\" height=\"768\" srcset=\"https:\/\/agora.xtec.cat\/escolabacdecerdanya\/wp-content\/uploads\/usu1753\/2023\/04\/072A1F9B-D51E-46CB-8287-C71F792DF559.jpeg 1024w, https:\/\/agora.xtec.cat\/escolabacdecerdanya\/wp-content\/uploads\/usu1753\/2023\/04\/072A1F9B-D51E-46CB-8287-C71F792DF559-300x225.jpeg 300w, https:\/\/agora.xtec.cat\/escolabacdecerdanya\/wp-content\/uploads\/usu1753\/2023\/04\/072A1F9B-D51E-46CB-8287-C71F792DF559-768x576.jpeg 768w, https:\/\/agora.xtec.cat\/escolabacdecerdanya\/wp-content\/uploads\/usu1753\/2023\/04\/072A1F9B-D51E-46CB-8287-C71F792DF559-200x150.jpeg 200w\" sizes=\"auto, (max-width: 1024px) 100vw, 1024px\" \/><\/a><\/p>\n","protected":false},"excerpt":{"rendered":"<p>Com els altres cursos de l\u2019escola, nosaltres tamb\u00e9 hem fet el planter per col\u2022laborar amb l\u2019hort. Ens ha tocat plantar llavors de tomaquet i de p\u00e8sols, hem vist com anava creixent a les ampolles de pl\u00e0stic que ten\u00edem a la classe i que hem anat&hellip;  <a href=\"https:\/\/agora.xtec.cat\/escolabacdecerdanya\/general\/plantem\/\" title=\"Read Plantem!\">Llegeix m\u00e9s\u00bb<\/a><\/p>\n","protected":false},"author":15,"featured_media":5576,"comment_status":"open","ping_status":"closed","sticky":false,"template":"","format":"standard","meta":{"_bbp_topic_count":0,"_bbp_reply_count":0,"_bbp_total_topic_count":0,"_bbp_total_reply_count":0,"_bbp_voice_count":0,"_bbp_anonymous_reply_count":0,"_bbp_topic_count_hidden":0,"_bbp_reply_count_hidden":0,"_bbp_forum_subforum_count":0,"footnotes":""},"categories":[14,15,239,76,241,1,4],"tags":[],"class_list":["post-5575","post","type-post","status-publish","format-standard","has-post-thumbnail","hentry","category-5e","category-6e","category-album-de-fotos","category-cicle-superior","category-ft-cicle-superior","category-general","category-portada"],"post_mailing_queue_ids":[],"_links":{"self":[{"href":"https:\/\/agora.xtec.cat\/escolabacdecerdanya\/wp-json\/wp\/v2\/posts\/5575","targetHints":{"allow":["GET"]}}],"collection":[{"href":"https:\/\/agora.xtec.cat\/escolabacdecerdanya\/wp-json\/wp\/v2\/posts"}],"about":[{"href":"https:\/\/agora.xtec.cat\/escolabacdecerdanya\/wp-json\/wp\/v2\/types\/post"}],"author":[{"embeddable":true,"href":"https:\/\/agora.xtec.cat\/escolabacdecerdanya\/wp-json\/wp\/v2\/users\/15"}],"replies":[{"embeddable":true,"href":"https:\/\/agora.xtec.cat\/escolabacdecerdanya\/wp-json\/wp\/v2\/comments?post=5575"}],"version-history":[{"count":3,"href":"https:\/\/agora.xtec.cat\/escolabacdecerdanya\/wp-json\/wp\/v2\/posts\/5575\/revisions"}],"predecessor-version":[{"id":5584,"href":"https:\/\/agora.xtec.cat\/escolabacdecerdanya\/wp-json\/wp\/v2\/posts\/5575\/revisions\/5584"}],"wp:featuredmedia":[{"embeddable":true,"href":"https:\/\/agora.xtec.cat\/escolabacdecerdanya\/wp-json\/wp\/v2\/media\/5576"}],"wp:attachment":[{"href":"https:\/\/agora.xtec.cat\/escolabacdecerdanya\/wp-json\/wp\/v2\/media?parent=5575"}],"wp:term":[{"taxonomy":"category","embeddable":true,"href":"https:\/\/agora.xtec.cat\/escolabacdecerdanya\/wp-json\/wp\/v2\/categories?post=5575"},{"taxonomy":"post_tag","embeddable":true,"href":"https:\/\/agora.xtec.cat\/escolabacdecerdanya\/wp-json\/wp\/v2\/tags?post=5575"}],"curies":[{"name":"wp","href":"https:\/\/api.w.org\/{rel}","templated":true}]}}