{"id":5515,"date":"2023-04-19T12:33:52","date_gmt":"2023-04-19T10:33:52","guid":{"rendered":"https:\/\/agora.xtec.cat\/escolabacdecerdanya\/?p=5515"},"modified":"2023-04-19T12:33:52","modified_gmt":"2023-04-19T10:33:52","slug":"reunio-dobres-a-la-nostra-escola","status":"publish","type":"post","link":"https:\/\/agora.xtec.cat\/escolabacdecerdanya\/general\/reunio-dobres-a-la-nostra-escola\/","title":{"rendered":"Reuni\u00f3 d&#8217;obres a la nostra escola."},"content":{"rendered":"<p>El dimarts 18 d&#8217;abril es va dur a terme una reuni\u00f3 d&#8217;obres a la nostra escola.<\/p>\n<p>Van assistir a la reuni\u00f3 per part d&#8217;educaci\u00f3:<\/p>\n<ul>\n<li>Jean-Marc Segarra, Director General de Centres P\u00fablics,<\/li>\n<li>Ramon Jordana, Director dels Serveis Territorials d&#8217;Educaci\u00f3 a l&#8217;Alt Pirineu i l&#8217;Aran,<\/li>\n<li>Rosa Marsol, adjunta al Director dels Serveis Territorials d&#8217;Educaci\u00f3 a l&#8217;Alt Pirineu i l&#8217;Aran,<\/li>\n<li>Immaculada Buxadera, Sub-directora de Construccions, Manteniment i Equipament de Centres P\u00fablics,<\/li>\n<li>Joan Brunet, Responsable de programaci\u00f3 de l&#8217;oferta de llocs escolars,<\/li>\n<\/ul>\n<p>Per part de la Comunitat Educativa i la Mancomunitat de Municipis van assistir:<a href=\"https:\/\/agora.xtec.cat\/escolabacdecerdanya\/wp-content\/uploads\/usu1753\/2023\/04\/IMG-20230418-WA0005.jpg\"><img loading=\"lazy\" decoding=\"async\" class=\"wp-image-5518 alignright\" src=\"https:\/\/agora.xtec.cat\/escolabacdecerdanya\/wp-content\/uploads\/usu1753\/2023\/04\/IMG-20230418-WA0005-1024x768.jpg\" alt=\"\" width=\"459\" height=\"345\" srcset=\"https:\/\/agora.xtec.cat\/escolabacdecerdanya\/wp-content\/uploads\/usu1753\/2023\/04\/IMG-20230418-WA0005-1024x768.jpg 1024w, https:\/\/agora.xtec.cat\/escolabacdecerdanya\/wp-content\/uploads\/usu1753\/2023\/04\/IMG-20230418-WA0005-300x225.jpg 300w, https:\/\/agora.xtec.cat\/escolabacdecerdanya\/wp-content\/uploads\/usu1753\/2023\/04\/IMG-20230418-WA0005-768x576.jpg 768w, https:\/\/agora.xtec.cat\/escolabacdecerdanya\/wp-content\/uploads\/usu1753\/2023\/04\/IMG-20230418-WA0005-1536x1152.jpg 1536w, https:\/\/agora.xtec.cat\/escolabacdecerdanya\/wp-content\/uploads\/usu1753\/2023\/04\/IMG-20230418-WA0005-200x150.jpg 200w, https:\/\/agora.xtec.cat\/escolabacdecerdanya\/wp-content\/uploads\/usu1753\/2023\/04\/IMG-20230418-WA0005.jpg 2048w\" sizes=\"auto, (max-width: 459px) 100vw, 459px\" \/><\/a><\/p>\n<ul>\n<li>Carles Adser\u00e0, Alcalde d&#8217;Alp &#8211; La Molina &#8211; Masella i President de la Mancomunitat,<\/li>\n<li>Jordi Solergibert, Maria Tiana i Tom\u00e0s Pous, Regidors de l&#8217;Ajuntament d&#8217;Alp,<\/li>\n<li>Ramon Chia, Alcalde de Fontanals de Cerdanya,<\/li>\n<li>Montserrat Medalla, Alcaldessa d&#8217;Ur\u00fas,<\/li>\n<li>Assumpta Villar\u00f3, Directora de l&#8217;escola.<\/li>\n<\/ul>\n<p>A la reuni\u00f3 es va parlar de les obres de substituci\u00f3 de la teulada que estan planificades per aquest estiu, de la voluntat de la nostra Mancomunitat d&#8217;instal\u00b7lar-hi plaques fotovoltaiques, de les obres de remodelaci\u00f3 de les aules que s&#8217;estan duent a terme tamb\u00e9 aquest curs, i de com s&#8217;organitzen l&#8217;escola i la Mancomunitat per abordar les necessitats de millora i manteniment del centre.<\/p>\n<p>Per part del Departament d&#8217;Educaci\u00f3 es va mostrar molt inter\u00e8s per con\u00e8ixer les necessitats de la nostra escola, les inquietuds que tenim, &#8230;<\/p>\n<p>Des de l&#8217;escola volem donar les gr\u00e0cies a totes les institucions que fan possibles aquestes millores!<\/p>\n<p><a href=\"https:\/\/agora.xtec.cat\/escolabacdecerdanya\/wp-content\/uploads\/usu1753\/2023\/04\/IMG-20230418-WA0002.jpg\"><img loading=\"lazy\" decoding=\"async\" class=\"alignnone size-large wp-image-5519\" src=\"https:\/\/agora.xtec.cat\/escolabacdecerdanya\/wp-content\/uploads\/usu1753\/2023\/04\/IMG-20230418-WA0002-1024x768.jpg\" alt=\"\" width=\"1024\" height=\"768\" srcset=\"https:\/\/agora.xtec.cat\/escolabacdecerdanya\/wp-content\/uploads\/usu1753\/2023\/04\/IMG-20230418-WA0002-1024x768.jpg 1024w, https:\/\/agora.xtec.cat\/escolabacdecerdanya\/wp-content\/uploads\/usu1753\/2023\/04\/IMG-20230418-WA0002-300x225.jpg 300w, https:\/\/agora.xtec.cat\/escolabacdecerdanya\/wp-content\/uploads\/usu1753\/2023\/04\/IMG-20230418-WA0002-768x576.jpg 768w, https:\/\/agora.xtec.cat\/escolabacdecerdanya\/wp-content\/uploads\/usu1753\/2023\/04\/IMG-20230418-WA0002-1536x1152.jpg 1536w, https:\/\/agora.xtec.cat\/escolabacdecerdanya\/wp-content\/uploads\/usu1753\/2023\/04\/IMG-20230418-WA0002-200x150.jpg 200w, https:\/\/agora.xtec.cat\/escolabacdecerdanya\/wp-content\/uploads\/usu1753\/2023\/04\/IMG-20230418-WA0002.jpg 2048w\" sizes=\"auto, (max-width: 1024px) 100vw, 1024px\" \/><\/a><\/p>\n","protected":false},"excerpt":{"rendered":"<p>El dimarts 18 d&#8217;abril es va dur a terme una reuni\u00f3 d&#8217;obres a la nostra escola.<br \/>\nVan assistir a la reuni\u00f3 per part d&#8217;educaci\u00f3:<\/p>\n<ul>\n<li>Jean-Marc Segarra, Director General de Centres P\u00fablics,<\/li>\n<li>Ramon Jordana, Director dels Serveis Territorials d&#8217;Educaci\u00f3 a l&#8217;Alt Pirineu i l&#8217;Aran,<\/li>\n<li>Rosa Marsol, adjunta al Director dels&hellip;  <a href=\"https:\/\/agora.xtec.cat\/escolabacdecerdanya\/general\/reunio-dobres-a-la-nostra-escola\/\" title=\"Read Reuni\u00f3 d&#8217;obres a la nostra escola.\">Llegeix m\u00e9s\u00bb<\/a><br \/>\n","protected":false},"author":8,"featured_media":5518,"comment_status":"open","ping_status":"closed","sticky":false,"template":"","format":"standard","meta":{"_bbp_topic_count":0,"_bbp_reply_count":0,"_bbp_total_topic_count":0,"_bbp_total_reply_count":0,"_bbp_voice_count":0,"_bbp_anonymous_reply_count":0,"_bbp_topic_count_hidden":0,"_bbp_reply_count_hidden":0,"_bbp_forum_subforum_count":0,"footnotes":""},"categories":[1,61,4],"tags":[],"class_list":["post-5515","post","type-post","status-publish","format-standard","has-post-thumbnail","hentry","category-general","category-novetats","category-portada"],"post_mailing_queue_ids":[],"_links":{"self":[{"href":"https:\/\/agora.xtec.cat\/escolabacdecerdanya\/wp-json\/wp\/v2\/posts\/5515","targetHints":{"allow":["GET"]}}],"collection":[{"href":"https:\/\/agora.xtec.cat\/escolabacdecerdanya\/wp-json\/wp\/v2\/posts"}],"about":[{"href":"https:\/\/agora.xtec.cat\/escolabacdecerdanya\/wp-json\/wp\/v2\/types\/post"}],"author":[{"embeddable":true,"href":"https:\/\/agora.xtec.cat\/escolabacdecerdanya\/wp-json\/wp\/v2\/users\/8"}],"replies":[{"embeddable":true,"href":"https:\/\/agora.xtec.cat\/escolabacdecerdanya\/wp-json\/wp\/v2\/comments?post=5515"}],"version-history":[{"count":2,"href":"https:\/\/agora.xtec.cat\/escolabacdecerdanya\/wp-json\/wp\/v2\/posts\/5515\/revisions"}],"predecessor-version":[{"id":5522,"href":"https:\/\/agora.xtec.cat\/escolabacdecerdanya\/wp-json\/wp\/v2\/posts\/5515\/revisions\/5522"}],"wp:featuredmedia":[{"embeddable":true,"href":"https:\/\/agora.xtec.cat\/escolabacdecerdanya\/wp-json\/wp\/v2\/media\/5518"}],"wp:attachment":[{"href":"https:\/\/agora.xtec.cat\/escolabacdecerdanya\/wp-json\/wp\/v2\/media?parent=5515"}],"wp:term":[{"taxonomy":"category","embeddable":true,"href":"https:\/\/agora.xtec.cat\/escolabacdecerdanya\/wp-json\/wp\/v2\/categories?post=5515"},{"taxonomy":"post_tag","embeddable":true,"href":"https:\/\/agora.xtec.cat\/escolabacdecerdanya\/wp-json\/wp\/v2\/tags?post=5515"}],"curies":[{"name":"wp","href":"https:\/\/api.w.org\/{rel}","templated":true}]}}