{"id":5510,"date":"2023-04-17T11:02:00","date_gmt":"2023-04-17T09:02:00","guid":{"rendered":"https:\/\/agora.xtec.cat\/escolabacdecerdanya\/?p=5510"},"modified":"2023-04-24T10:49:35","modified_gmt":"2023-04-24T08:49:35","slug":"tallers-kandinsky","status":"publish","type":"post","link":"https:\/\/agora.xtec.cat\/escolabacdecerdanya\/general\/tallers-kandinsky\/","title":{"rendered":"TALLERS KANDINSKY"},"content":{"rendered":"<p>&nbsp;<\/p>\n<p>Al llarg del trimestre els infants d&#8217;infantil hem realitzat uns tallers relacionats amb kandinsky. Hem conegut la seva vida i la seva obra\ud83c\udfa8\ud83c\udfa8\ud83c\udfa8\ud83c\udfa8. Hem apr\u00e8s a observar els seus quadres i hem vist que pintava amb colors alegres, utilitzava formes geom\u00e8triques (cercles conc\u00e8ntrics,&#8230;), l\u00ednies de tot tipus (corbes, ondulades, rectes,&#8230;) i fins i tot hem recreat un quadre de Sant Jordi de Kandinsky.<\/p>\n<p>Els infants d&#8217;I5 han decidit explicar-vos-ho a la seva manera.<\/p>\n<p>&#8220;TORRES\u00a0 \u00a0DE\u00a0 TAPS&#8221; (BARNABY)<\/p>\n<p>&#8220;E FET\u00a0 UN\u00a0 ABRA&#8221; (XAVI)<\/p>\n<p>&#8220;EFETUNAFLO&#8221; (ALBA)<\/p>\n<p>&#8220;BAIFEFLOS&#8221; (NURIA)<\/p>\n<p>&#8220;A\u00a0 FEFORMAS&#8221; (LIDIA)<\/p>\n<p>&#8220;UNMURAL DASANJORDI&#8221; (ANIOL)<\/p>\n<p>&#8220;TORRE DE TAPS&#8221; (ADEL)<\/p>\n<p>&#8220;BAIFEDRACS&#8221; (ZOE)<\/p>\n<p>&#8220;BAIPIPINTAALSEL&#8221; (MIQUEL)<\/p>\n<p>&#8220;BAPINTAUNABA&#8221; (ABRIL)<\/p>\n<p>&#8220;PINTA LNIAS&#8221; (RITAJ)<\/p>\n<p>&#8220;PINTA LINIAS&#8221; (ALEXIA)<\/p>\n<p>&#8220;PINTALINIAS&#8221; (STEFAN)<\/p>\n<p>&#8220;NMJIOBHMJGFJ&#8221; (JASON)<\/p>\n<p><a href=\"https:\/\/drive.google.com\/drive\/folders\/131jwD76dE8aaN1srU32rqoeBtNkw4XRn?usp=sharing\"><img loading=\"lazy\" decoding=\"async\" class=\"aligncenter wp-image-5511 size-medium\" src=\"https:\/\/agora.xtec.cat\/escolabacdecerdanya\/wp-content\/uploads\/usu1753\/2023\/04\/IMG-20230412-WA0015-225x300.jpg\" alt=\"\" width=\"225\" height=\"300\" srcset=\"https:\/\/agora.xtec.cat\/escolabacdecerdanya\/wp-content\/uploads\/usu1753\/2023\/04\/IMG-20230412-WA0015-225x300.jpg 225w, https:\/\/agora.xtec.cat\/escolabacdecerdanya\/wp-content\/uploads\/usu1753\/2023\/04\/IMG-20230412-WA0015.jpg 768w\" sizes=\"auto, (max-width: 225px) 100vw, 225px\" \/><\/a><\/p>\n","protected":false},"excerpt":{"rendered":"<p>&nbsp;<br \/>\nAl llarg del trimestre els infants d&#8217;infantil hem realitzat uns tallers relacionats amb kandinsky. Hem conegut la seva vida i la seva obra\ud83c\udfa8\ud83c\udfa8\ud83c\udfa8\ud83c\udfa8. Hem apr\u00e8s a observar els seus quadres i hem vist que pintava amb colors alegres, utilitzava formes geom\u00e8triques (cercles conc\u00e8ntrics,&#8230;), l\u00ednies de&hellip;  <a href=\"https:\/\/agora.xtec.cat\/escolabacdecerdanya\/general\/tallers-kandinsky\/\" title=\"Read TALLERS KANDINSKY\">Llegeix m\u00e9s\u00bb<\/a><\/p>\n","protected":false},"author":6,"featured_media":5511,"comment_status":"open","ping_status":"closed","sticky":false,"template":"","format":"standard","meta":{"_bbp_topic_count":0,"_bbp_reply_count":0,"_bbp_total_topic_count":0,"_bbp_total_reply_count":0,"_bbp_voice_count":0,"_bbp_anonymous_reply_count":0,"_bbp_topic_count_hidden":0,"_bbp_reply_count_hidden":0,"_bbp_forum_subforum_count":0,"footnotes":""},"categories":[103,1,141,61,3,8,9,4,92,116],"tags":[],"class_list":["post-5510","post","type-post","status-publish","format-standard","has-post-thumbnail","hentry","category-infantil-2","category-general","category-informatica","category-novetats","category-p3","category-p4","category-p5","category-portada","category-sant-jordi","category-tac"],"post_mailing_queue_ids":[],"_links":{"self":[{"href":"https:\/\/agora.xtec.cat\/escolabacdecerdanya\/wp-json\/wp\/v2\/posts\/5510","targetHints":{"allow":["GET"]}}],"collection":[{"href":"https:\/\/agora.xtec.cat\/escolabacdecerdanya\/wp-json\/wp\/v2\/posts"}],"about":[{"href":"https:\/\/agora.xtec.cat\/escolabacdecerdanya\/wp-json\/wp\/v2\/types\/post"}],"author":[{"embeddable":true,"href":"https:\/\/agora.xtec.cat\/escolabacdecerdanya\/wp-json\/wp\/v2\/users\/6"}],"replies":[{"embeddable":true,"href":"https:\/\/agora.xtec.cat\/escolabacdecerdanya\/wp-json\/wp\/v2\/comments?post=5510"}],"version-history":[{"count":3,"href":"https:\/\/agora.xtec.cat\/escolabacdecerdanya\/wp-json\/wp\/v2\/posts\/5510\/revisions"}],"predecessor-version":[{"id":5600,"href":"https:\/\/agora.xtec.cat\/escolabacdecerdanya\/wp-json\/wp\/v2\/posts\/5510\/revisions\/5600"}],"wp:featuredmedia":[{"embeddable":true,"href":"https:\/\/agora.xtec.cat\/escolabacdecerdanya\/wp-json\/wp\/v2\/media\/5511"}],"wp:attachment":[{"href":"https:\/\/agora.xtec.cat\/escolabacdecerdanya\/wp-json\/wp\/v2\/media?parent=5510"}],"wp:term":[{"taxonomy":"category","embeddable":true,"href":"https:\/\/agora.xtec.cat\/escolabacdecerdanya\/wp-json\/wp\/v2\/categories?post=5510"},{"taxonomy":"post_tag","embeddable":true,"href":"https:\/\/agora.xtec.cat\/escolabacdecerdanya\/wp-json\/wp\/v2\/tags?post=5510"}],"curies":[{"name":"wp","href":"https:\/\/api.w.org\/{rel}","templated":true}]}}