{"id":5502,"date":"2023-04-13T12:48:58","date_gmt":"2023-04-13T10:48:58","guid":{"rendered":"https:\/\/agora.xtec.cat\/escolabacdecerdanya\/?p=5502"},"modified":"2023-04-13T12:48:58","modified_gmt":"2023-04-13T10:48:58","slug":"la-classe-de-les-flors-trasplantem-les-mongetes","status":"publish","type":"post","link":"https:\/\/agora.xtec.cat\/escolabacdecerdanya\/general\/la-classe-de-les-flors-trasplantem-les-mongetes\/","title":{"rendered":"La classe de les flors trasplantem les mongetes"},"content":{"rendered":"<p>Un cop hem tornat de Setmana Santa els companys i les companyes de tercer de prim\u00e0ria,\u00a0ens han vingut a visitar a la classe per trasplantar les mongetes a l&#8217;hort de l&#8217;escola i els hem acompanyat per veure com es feia.<\/p>\n<p>Ens ho hem passat molt b\u00e9 i hem apr\u00e9s com s&#8217;ha de fer tenint cura de no trencar-les. un cop les hem plantat i clavat un pal al costat perqu\u00e8 la tija no es trenqui, les hem regat.<\/p>\n<p>Esperem que surtin totes!<\/p>\n<p><a href=\"https:\/\/agora.xtec.cat\/escolabacdecerdanya\/wp-content\/uploads\/usu1753\/2023\/04\/hort.jpeg\"><img loading=\"lazy\" decoding=\"async\" class=\"alignnone size-full wp-image-5503\" src=\"https:\/\/agora.xtec.cat\/escolabacdecerdanya\/wp-content\/uploads\/usu1753\/2023\/04\/hort.jpeg\" alt=\"\" width=\"1024\" height=\"768\" srcset=\"https:\/\/agora.xtec.cat\/escolabacdecerdanya\/wp-content\/uploads\/usu1753\/2023\/04\/hort.jpeg 1024w, https:\/\/agora.xtec.cat\/escolabacdecerdanya\/wp-content\/uploads\/usu1753\/2023\/04\/hort-300x225.jpeg 300w, https:\/\/agora.xtec.cat\/escolabacdecerdanya\/wp-content\/uploads\/usu1753\/2023\/04\/hort-768x576.jpeg 768w, https:\/\/agora.xtec.cat\/escolabacdecerdanya\/wp-content\/uploads\/usu1753\/2023\/04\/hort-200x150.jpeg 200w\" sizes=\"auto, (max-width: 1024px) 100vw, 1024px\" \/><\/a><\/p>\n","protected":false},"excerpt":{"rendered":"<p>Un cop hem tornat de Setmana Santa els companys i les companyes de tercer de prim\u00e0ria,\u00a0ens han vingut a visitar a la classe per trasplantar les mongetes a l&#8217;hort de l&#8217;escola i els hem acompanyat per veure com es feia.<br \/>\nEns ho hem passat molt b\u00e9&hellip;  <a href=\"https:\/\/agora.xtec.cat\/escolabacdecerdanya\/general\/la-classe-de-les-flors-trasplantem-les-mongetes\/\" title=\"Read La classe de les flors trasplantem les mongetes\">Llegeix m\u00e9s\u00bb<\/a><\/p>\n","protected":false},"author":50,"featured_media":0,"comment_status":"open","ping_status":"closed","sticky":false,"template":"","format":"standard","meta":{"_bbp_topic_count":0,"_bbp_reply_count":0,"_bbp_total_topic_count":0,"_bbp_total_reply_count":0,"_bbp_voice_count":0,"_bbp_anonymous_reply_count":0,"_bbp_topic_count_hidden":0,"_bbp_reply_count_hidden":0,"_bbp_forum_subforum_count":0,"footnotes":""},"categories":[1,8,4],"tags":[198,257,226],"class_list":["post-5502","post","type-post","status-publish","format-standard","hentry","category-general","category-p4","category-portada","tag-educacio-infantil","tag-hort","tag-p4"],"post_mailing_queue_ids":[],"_links":{"self":[{"href":"https:\/\/agora.xtec.cat\/escolabacdecerdanya\/wp-json\/wp\/v2\/posts\/5502","targetHints":{"allow":["GET"]}}],"collection":[{"href":"https:\/\/agora.xtec.cat\/escolabacdecerdanya\/wp-json\/wp\/v2\/posts"}],"about":[{"href":"https:\/\/agora.xtec.cat\/escolabacdecerdanya\/wp-json\/wp\/v2\/types\/post"}],"author":[{"embeddable":true,"href":"https:\/\/agora.xtec.cat\/escolabacdecerdanya\/wp-json\/wp\/v2\/users\/50"}],"replies":[{"embeddable":true,"href":"https:\/\/agora.xtec.cat\/escolabacdecerdanya\/wp-json\/wp\/v2\/comments?post=5502"}],"version-history":[{"count":2,"href":"https:\/\/agora.xtec.cat\/escolabacdecerdanya\/wp-json\/wp\/v2\/posts\/5502\/revisions"}],"predecessor-version":[{"id":5505,"href":"https:\/\/agora.xtec.cat\/escolabacdecerdanya\/wp-json\/wp\/v2\/posts\/5502\/revisions\/5505"}],"wp:attachment":[{"href":"https:\/\/agora.xtec.cat\/escolabacdecerdanya\/wp-json\/wp\/v2\/media?parent=5502"}],"wp:term":[{"taxonomy":"category","embeddable":true,"href":"https:\/\/agora.xtec.cat\/escolabacdecerdanya\/wp-json\/wp\/v2\/categories?post=5502"},{"taxonomy":"post_tag","embeddable":true,"href":"https:\/\/agora.xtec.cat\/escolabacdecerdanya\/wp-json\/wp\/v2\/tags?post=5502"}],"curies":[{"name":"wp","href":"https:\/\/api.w.org\/{rel}","templated":true}]}}