{"id":5478,"date":"2023-03-29T23:26:48","date_gmt":"2023-03-29T21:26:48","guid":{"rendered":"https:\/\/agora.xtec.cat\/escolabacdecerdanya\/?p=5478"},"modified":"2026-03-19T11:48:36","modified_gmt":"2026-03-19T10:48:36","slug":"certamen-de-lectura-en-veu-alta-2","status":"publish","type":"post","link":"https:\/\/agora.xtec.cat\/escolabacdecerdanya\/general\/certamen-de-lectura-en-veu-alta-2\/","title":{"rendered":"CERTAMEN DE LECTURA EN VEU ALTA"},"content":{"rendered":"<p>Dimarts 21 de mar\u00e7, vam participar al Certamen de lectura en veu alta. L&#8217;acte va ser al Casino d&#8217;Alp i van venir alumnes de Cicle Mitj\u00e0 i Cicle Superior d&#8217;algunes escoles de la comarca. Els alumnes que van representar la nostra escola van ser la Gabriela de 4t i el Nicolas de 6\u00e8. Ho van fer molt b\u00e9 i els volem felicitar! Tamb\u00e9 vam poder gaudir de l&#8217;espectcle d&#8217;un mag que ens va deixar bocabadats amb els seus trucs. Clicant a la imatge podreu veure m\u00e9s fotos!<\/p>\n<p><a href=\"https:\/\/agora.xtec.cat\/escolabacdecerdanya\/albums-de-fotos\/cicle-superior\/\"><img loading=\"lazy\" decoding=\"async\" class=\"size-large wp-image-5479 aligncenter\" src=\"https:\/\/agora.xtec.cat\/escolabacdecerdanya\/wp-content\/uploads\/usu1753\/2023\/03\/IMG_8119-1024x768.jpg\" alt=\"\" width=\"1024\" height=\"768\" srcset=\"https:\/\/agora.xtec.cat\/escolabacdecerdanya\/wp-content\/uploads\/usu1753\/2023\/03\/IMG_8119-1024x768.jpg 1024w, https:\/\/agora.xtec.cat\/escolabacdecerdanya\/wp-content\/uploads\/usu1753\/2023\/03\/IMG_8119-300x225.jpg 300w, https:\/\/agora.xtec.cat\/escolabacdecerdanya\/wp-content\/uploads\/usu1753\/2023\/03\/IMG_8119-768x576.jpg 768w, https:\/\/agora.xtec.cat\/escolabacdecerdanya\/wp-content\/uploads\/usu1753\/2023\/03\/IMG_8119-1536x1152.jpg 1536w, https:\/\/agora.xtec.cat\/escolabacdecerdanya\/wp-content\/uploads\/usu1753\/2023\/03\/IMG_8119-2048x1536.jpg 2048w, https:\/\/agora.xtec.cat\/escolabacdecerdanya\/wp-content\/uploads\/usu1753\/2023\/03\/IMG_8119-200x150.jpg 200w\" sizes=\"auto, (max-width: 1024px) 100vw, 1024px\" \/><\/a><\/p>\n","protected":false},"excerpt":{"rendered":"<p>Dimarts 21 de mar\u00e7, vam participar al Certamen de lectura en veu alta. L&#8217;acte va ser al Casino d&#8217;Alp i van venir alumnes de Cicle Mitj\u00e0 i Cicle Superior d&#8217;algunes escoles de la comarca. Els alumnes que van representar la nostra escola van ser la&hellip;  <a href=\"https:\/\/agora.xtec.cat\/escolabacdecerdanya\/general\/certamen-de-lectura-en-veu-alta-2\/\" title=\"Read CERTAMEN DE LECTURA EN VEU ALTA\">Llegeix m\u00e9s\u00bb<\/a><\/p>\n","protected":false},"author":15,"featured_media":5479,"comment_status":"open","ping_status":"closed","sticky":false,"template":"","format":"standard","meta":{"_bbp_topic_count":0,"_bbp_reply_count":0,"_bbp_total_topic_count":0,"_bbp_total_reply_count":0,"_bbp_voice_count":0,"_bbp_anonymous_reply_count":0,"_bbp_topic_count_hidden":0,"_bbp_reply_count_hidden":0,"_bbp_forum_subforum_count":0,"footnotes":""},"categories":[12,13,14,15,239,105,76,242,241,1,4],"tags":[],"class_list":["post-5478","post","type-post","status-publish","format-standard","has-post-thumbnail","hentry","category-3r","category-4t","category-5e","category-6e","category-album-de-fotos","category-mitja","category-cicle-superior","category-ft-cicle-mitja","category-ft-cicle-superior","category-general","category-portada"],"post_mailing_queue_ids":[],"_links":{"self":[{"href":"https:\/\/agora.xtec.cat\/escolabacdecerdanya\/wp-json\/wp\/v2\/posts\/5478","targetHints":{"allow":["GET"]}}],"collection":[{"href":"https:\/\/agora.xtec.cat\/escolabacdecerdanya\/wp-json\/wp\/v2\/posts"}],"about":[{"href":"https:\/\/agora.xtec.cat\/escolabacdecerdanya\/wp-json\/wp\/v2\/types\/post"}],"author":[{"embeddable":true,"href":"https:\/\/agora.xtec.cat\/escolabacdecerdanya\/wp-json\/wp\/v2\/users\/15"}],"replies":[{"embeddable":true,"href":"https:\/\/agora.xtec.cat\/escolabacdecerdanya\/wp-json\/wp\/v2\/comments?post=5478"}],"version-history":[{"count":3,"href":"https:\/\/agora.xtec.cat\/escolabacdecerdanya\/wp-json\/wp\/v2\/posts\/5478\/revisions"}],"predecessor-version":[{"id":8131,"href":"https:\/\/agora.xtec.cat\/escolabacdecerdanya\/wp-json\/wp\/v2\/posts\/5478\/revisions\/8131"}],"wp:featuredmedia":[{"embeddable":true,"href":"https:\/\/agora.xtec.cat\/escolabacdecerdanya\/wp-json\/wp\/v2\/media\/5479"}],"wp:attachment":[{"href":"https:\/\/agora.xtec.cat\/escolabacdecerdanya\/wp-json\/wp\/v2\/media?parent=5478"}],"wp:term":[{"taxonomy":"category","embeddable":true,"href":"https:\/\/agora.xtec.cat\/escolabacdecerdanya\/wp-json\/wp\/v2\/categories?post=5478"},{"taxonomy":"post_tag","embeddable":true,"href":"https:\/\/agora.xtec.cat\/escolabacdecerdanya\/wp-json\/wp\/v2\/tags?post=5478"}],"curies":[{"name":"wp","href":"https:\/\/api.w.org\/{rel}","templated":true}]}}