{"id":5472,"date":"2023-03-29T11:21:03","date_gmt":"2023-03-29T09:21:03","guid":{"rendered":"https:\/\/agora.xtec.cat\/escolabacdecerdanya\/?p=5472"},"modified":"2023-03-29T11:23:36","modified_gmt":"2023-03-29T09:23:36","slug":"ma-maison-4t","status":"publish","type":"post","link":"https:\/\/agora.xtec.cat\/escolabacdecerdanya\/general\/ma-maison-4t\/","title":{"rendered":"MA MAISON (4T)"},"content":{"rendered":"<p>ON A COMMENC\u00c9 UNE NOUVELLE UNIT\u00c9: MA MAISON \ud83c\udfe0\ud83c\udfe0\ud83c\udfe0\ud83c\udfe0<\/p>\n<p>Dans cette unit\u00e9 on est en train d&#8217;apprendre les parties de la maison, l&#8217;expression orale et \u00e9crite du vocabulaire travaill\u00e9 dans la classe \ud83d\ude4b\ud83d\ude4b\ud83d\ude4b, la conjugaison des verbes du premi\u00e8r groupe (regardr, parler, go\u00fbter,&#8230;), les t\u00e2ches menag\u00e8res,&#8230;\ud83d\udd2a\ud83d\udd2a\ud83d\udd2a<\/p>\n<p>Pour apprendre tout \u00e7a, on a commenc\u00e9 \u00e0 jouer avec une maisonette qui est des petits enfants de l&#8217;\u00e9cole, on a fait un calligramme avec les parties de la maison et ensuite on va analiser qui fait les t\u00e2ches menag\u00e8res dans notre maison.<\/p>\n<p>Enfin, on apprend et on s&#8217;amuse bien! \u00c0 plus!<\/p>\n<p><a href=\"https:\/\/agora.xtec.cat\/escolabacdecerdanya\/albums-de-fotos\/cicle-mitja\/\"><img loading=\"lazy\" decoding=\"async\" class=\"aligncenter wp-image-5474 size-medium\" src=\"https:\/\/agora.xtec.cat\/escolabacdecerdanya\/wp-content\/uploads\/usu1753\/2023\/03\/20230320_150920-2-1-300x225.jpg\" alt=\"\" width=\"300\" height=\"225\" srcset=\"https:\/\/agora.xtec.cat\/escolabacdecerdanya\/wp-content\/uploads\/usu1753\/2023\/03\/20230320_150920-2-1-300x225.jpg 300w, https:\/\/agora.xtec.cat\/escolabacdecerdanya\/wp-content\/uploads\/usu1753\/2023\/03\/20230320_150920-2-1-1024x768.jpg 1024w, https:\/\/agora.xtec.cat\/escolabacdecerdanya\/wp-content\/uploads\/usu1753\/2023\/03\/20230320_150920-2-1-768x576.jpg 768w, https:\/\/agora.xtec.cat\/escolabacdecerdanya\/wp-content\/uploads\/usu1753\/2023\/03\/20230320_150920-2-1-1536x1152.jpg 1536w, https:\/\/agora.xtec.cat\/escolabacdecerdanya\/wp-content\/uploads\/usu1753\/2023\/03\/20230320_150920-2-1-2048x1536.jpg 2048w, https:\/\/agora.xtec.cat\/escolabacdecerdanya\/wp-content\/uploads\/usu1753\/2023\/03\/20230320_150920-2-1-200x150.jpg 200w\" sizes=\"auto, (max-width: 300px) 100vw, 300px\" \/><\/a><\/p>\n","protected":false},"excerpt":{"rendered":"<p>ON A COMMENC\u00c9 UNE NOUVELLE UNIT\u00c9: MA MAISON \ud83c\udfe0\ud83c\udfe0\ud83c\udfe0\ud83c\udfe0<br \/>\nDans cette unit\u00e9 on est en train d&#8217;apprendre les parties de la maison, l&#8217;expression orale et \u00e9crite du vocabulaire travaill\u00e9 dans la classe \ud83d\ude4b\ud83d\ude4b\ud83d\ude4b, la conjugaison des verbes du premi\u00e8r groupe (regardr, parler, go\u00fbter,&#8230;), les t\u00e2ches menag\u00e8res,&#8230;\ud83d\udd2a\ud83d\udd2a\ud83d\udd2a<br \/>\nPour&hellip;  <a href=\"https:\/\/agora.xtec.cat\/escolabacdecerdanya\/general\/ma-maison-4t\/\" title=\"Read MA MAISON (4T)\">Llegeix m\u00e9s\u00bb<\/a><\/p>\n","protected":false},"author":6,"featured_media":5474,"comment_status":"open","ping_status":"closed","sticky":false,"template":"","format":"standard","meta":{"_bbp_topic_count":0,"_bbp_reply_count":0,"_bbp_total_topic_count":0,"_bbp_total_reply_count":0,"_bbp_voice_count":0,"_bbp_anonymous_reply_count":0,"_bbp_topic_count_hidden":0,"_bbp_reply_count_hidden":0,"_bbp_forum_subforum_count":0,"footnotes":""},"categories":[13,105,156,242,1,162,61,4],"tags":[],"class_list":["post-5472","post","type-post","status-publish","format-standard","has-post-thumbnail","hentry","category-4t","category-mitja","category-francais","category-ft-cicle-mitja","category-general","category-llengues-estrangeres","category-novetats","category-portada"],"post_mailing_queue_ids":[],"_links":{"self":[{"href":"https:\/\/agora.xtec.cat\/escolabacdecerdanya\/wp-json\/wp\/v2\/posts\/5472","targetHints":{"allow":["GET"]}}],"collection":[{"href":"https:\/\/agora.xtec.cat\/escolabacdecerdanya\/wp-json\/wp\/v2\/posts"}],"about":[{"href":"https:\/\/agora.xtec.cat\/escolabacdecerdanya\/wp-json\/wp\/v2\/types\/post"}],"author":[{"embeddable":true,"href":"https:\/\/agora.xtec.cat\/escolabacdecerdanya\/wp-json\/wp\/v2\/users\/6"}],"replies":[{"embeddable":true,"href":"https:\/\/agora.xtec.cat\/escolabacdecerdanya\/wp-json\/wp\/v2\/comments?post=5472"}],"version-history":[{"count":2,"href":"https:\/\/agora.xtec.cat\/escolabacdecerdanya\/wp-json\/wp\/v2\/posts\/5472\/revisions"}],"predecessor-version":[{"id":5477,"href":"https:\/\/agora.xtec.cat\/escolabacdecerdanya\/wp-json\/wp\/v2\/posts\/5472\/revisions\/5477"}],"wp:featuredmedia":[{"embeddable":true,"href":"https:\/\/agora.xtec.cat\/escolabacdecerdanya\/wp-json\/wp\/v2\/media\/5474"}],"wp:attachment":[{"href":"https:\/\/agora.xtec.cat\/escolabacdecerdanya\/wp-json\/wp\/v2\/media?parent=5472"}],"wp:term":[{"taxonomy":"category","embeddable":true,"href":"https:\/\/agora.xtec.cat\/escolabacdecerdanya\/wp-json\/wp\/v2\/categories?post=5472"},{"taxonomy":"post_tag","embeddable":true,"href":"https:\/\/agora.xtec.cat\/escolabacdecerdanya\/wp-json\/wp\/v2\/tags?post=5472"}],"curies":[{"name":"wp","href":"https:\/\/api.w.org\/{rel}","templated":true}]}}