{"id":5420,"date":"2023-03-21T12:45:39","date_gmt":"2023-03-21T11:45:39","guid":{"rendered":"https:\/\/agora.xtec.cat\/escolabacdecerdanya\/?p=5420"},"modified":"2023-03-21T12:45:39","modified_gmt":"2023-03-21T11:45:39","slug":"consciencia-fonologica","status":"publish","type":"post","link":"https:\/\/agora.xtec.cat\/escolabacdecerdanya\/general\/consciencia-fonologica\/","title":{"rendered":"&#8220;CONSCI\u00c8NCIA FONOL\u00d2GICA&#8221;"},"content":{"rendered":"<ol>\n<li>Aquest segon trimestre ens ha arribat a l&#8217;escola la Blanca, una mestra d&#8217;Audici\u00f3 i Llenguatge que far\u00e0 intervenci\u00f3 a tota l&#8217;Educaci\u00f3 Infantil fins a final de curs.<\/li>\n<\/ol>\n<p>A la classe dels Pollets fem racons. Un petit grup treballa amb la Blanca la <b>CONSCI\u00c8NCIA FONOL\u00d2GIC<\/b><b>A <\/b><span style=\"font-family: inherit; font-size: 1em;\">mentre els altres fem un treball del nom i activitats <\/span><span style=\"font-family: inherit; font-size: 1em;\">manipulatives m\u00e9s aut\u00f2nomament. Ens agrada treballar sols i amb la Blanca ens ho passem pipa!<\/span><\/p>\n<p><img loading=\"lazy\" decoding=\"async\" class=\"alignleft\" src=\"https:\/\/lh3.googleusercontent.com\/8rDokFskSbEFIQ5Xi3cfYGiv1dBnxuCjyD7HC_EvAgxVPqU9NT-SsRLvQr5W57yKmfAeqp656IRHKmyDpLatvFupb35UV2dtgzp58XsBnxq81wtsP2v-Jwok_N2-fnTCsnDR50AiXg5YYSovBbHrait4NYQJgH738gapUiV9tddih5Oz7B3TcxnxAiEvZ6AD-STWztxOd_BCbJ9Rku8BK3LN5bhDfrMERrueF1bRw16SPT7v5vpc6dx7uYT3rFGNvYSFRboEGJE4XQqiuFU_xbikBqJqdqzJqpKf55v6m-deXYhriNTXQo2uoDKFV6c5N_ssBqrRmbZdBMB25PuWYtfsfdPvIkcMmgF7LxkeoBN-E4Z-ewsfzeVfM_k3o4fyEYS0-HrZBOHgL4UXPMjCQ3eyY_KMHImnp-feqLqr1XPNaHgLl7rqv5UH9is-tEy-H4Z6qQEPDLO8mlKKODXp6PiPrrTxK8UmOOcLUsxOa1jv7_bukvhFvVPIqtczY8Kx25IMvf4bTWIrQgH9KRMt9zcAyJWho2dfcUzsk8DZXjZJ9XwJa0OMBzDzPP9sbI5BmKRi4iGww1oY8vL3U4BmViV268Ewg33wEzq41d-ah9zMVt6jBVifbjGIeMt5zg7jug5eLeaBWoBvTstFvDg2NVsr6EirqZQa6Zzi2BQR7oBQ8aHnPqAE8lTwsVxjyHfR6Faj7Ro0_-M956YK30r27JYC3IcUBEqoVtK4fF5jyhUoadLcrZi-7iGilXcF4j7OvKsFf9Ejyf1GRQYdc3lmE1IoVDIri9jItHJwdvMIBl17RmOp4_ZnWAgt03Dj-97SGT_SvdSHsmr1in7ajEHT-PSGaWW6nfP8YWlgQeEBAUOQkMsH631GQA4IBg1ht8T_r4x6LQnNuJ8Gtq3-5xKlODNj5OR48_I3NfKf3D4SdudmR5SYDfYUBYVSKcqRgbY1xafCnKtpFG-jPbKdOQ=w338-h600-s-no?authuser=1\" width=\"162\" height=\"287\" \/><img loading=\"lazy\" decoding=\"async\" class=\"\" src=\"https:\/\/lh3.googleusercontent.com\/jpfwQkT7KcT_d7p31PchOhKlP_1gTrZsOqkATfrk_xPVLjCPrauQkYA7bN2_L1Pvm37nOvVMzfzftunHR6opBCefaNFTLOC4BJzvzWKlcGPvr2kikwRy6T6wH-KrX7hItSwSubLR6JXjLJmPETvb-Lj1DR1aJZE5FFw2mkb_izlyryOYL4uS4veV98gRlT-MpBd5Q3vSZ-APAGayFcJnZGTiZdoS4rZhbCtF1T_L6rraA6qhc_KIVHTQ1fd1JsjdhVlA8zoUlt8xB_Tjz7TPXsQhQ7bRr2E6zLSYXkKnPOYBvG9KNnZK0Odc_MgQcW8Fipmi0dzALh6BJEe9dfOV87cA1H2r8YJELmacpk47Mm-foPvI3gFn6j4qagiN_lDRrpHbrVi5SPebat8pevu4W6lOKsjpRMW0RNtrhyzXOOW8DEFho0lutWbs8cbT1tHJgR_28uKIFYQJ6jrKX1Wd2P788-QuIoieQaPJJWr0QzwNuPIKSIpU_ukcTy5qK3YWVz6X553AvE_DK50GToCqBLMw3rDi6Rnhp7UQNIUhsBBQcfsDTi0WfJY7GGhhiLMuSccJSvNPwxxQtcD4KGdUt0epT1nYh1WdOCZnb9_hyOR5sJLLdGor0zbraJBK267OFUlT6MTSe-PMwsilirOzVrdwQ4-5PRbvr7RVBdpnLUt0Mua9X2PZ1PZIOp1i3BfvmizCdjGDMdPD_q7kAScSdJ_UqTjpbtyP66PueW5efT7pJjQIaGe2AmptMtT_oK5juX50hdmO7-txrUAS6IPvq4ILXTVkLStQuRqYS3WBrQOeRO0LVH35EBOCXuweYmy_9SS9imI_FaT0WdBSy5DGb4dHxrLPfBM_yTG31bXEhN-jfIBjFgYh91mu8I2ikwLut0breILi5ScNCD-xSDOq_1-yzsfnx_mAm_Tj6ywrUUrIUux2yDG-2JeRLRakvKSzdjHA6c7VrC7xm7z1nw=w1024-h577-s-no?authuser=1\" width=\"299\" height=\"168\" \/><\/p>\n<blockquote><p><img loading=\"lazy\" decoding=\"async\" class=\"alignleft\" src=\"https:\/\/lh3.googleusercontent.com\/76N8BNwsxi3NXdL36DhpHiWdstdQ1sJkVIXtzZZnMm_2K9Vp38sYYCthixNs9EFxAKSs5EPnFRaIPD1GIqEKhy_XSD8LOsPZzZNLCI6zvZA6S76YSh1BZX4SSBX46f6js4mRbfkHevLF8_BwCKPgHYeew0nhj7OiC2Yf4HWZvZ1W2-tIr6rZaAYg9uu5QpG5BOsrgYOI5m4vFot2vunhF4OGcUMFto6H1Nmt_TOTjD6M_wedvRuDTzSMuV9hJq0oZxcqBxEj0alL6UWBRqSHKwsihSCsP3Wic6o3pgDX1TZmD1xXsMCKLR5z05C36yVZ8RQo82ghRMtP3JnZackD7gC41-9we8qa9kuZBTq-h8lhwH7YwGR7QlHdtkkIq4u3HOSS9Gh8xI8IhQhTv-SpiaddxjPgB4mDvCrTZii7cgHjwo2jc3XBGaOn8fsQPz5t_9YIujH1GGXlj2V3d14z_dV-Ez1BIIFgafqnJS6VPRLkluhNlie3U9UlfMoLNi-3HF4jRRZ2joGB9APIyS6SdJGJxL0d-kxD3Tw8g3Ztt2IQ3oklum_K5y6UyFbIzqQ5xK8Cxt4DuY33X3qbHuYJorUSW8rfDj_pfZR9KX3AGSiASs2o6OZ47s9D0ne4FmfZ3Cn3poE4p_3OiOU-Q4gumMVaJzvo1N6zinqbULzpjSaCdnGon-oTmqIVzrO9kzCUuRwESgkyEqZS2i9ZNyWRm6uNXy1bXOsOtdOAG5GJ1C6mLF2dyMP0jWJ0cEMz2ICVXynqYVYD2kWQlugQiRfYK6wN4q3SN55uFqbj9sHULU7murm2XesfyN61RUmugValJt4NZ-1LFO7qDvVU1Q0O83AqIHh3pnkddXPp-mRyCtLOJj2Y0WgVz1BDYs13haL8LtKStw-ETHguoGGY-DQPhQ3otQ7yIkUFIIOGJwu_DMNmVLKdTu8XIyzlZD6Mqp6lhrpXbyT7bQ5KQ4bnvg=w1024-h577-s-no?authuser=1\" width=\"289\" height=\"163\" \/><\/p><\/blockquote>\n","protected":false},"excerpt":{"rendered":"<ol>\n<li>Aquest segon trimestre ens ha arribat a l&#8217;escola la Blanca, una mestra d&#8217;Audici\u00f3 i Llenguatge que far\u00e0 intervenci\u00f3 a tota l&#8217;Educaci\u00f3 Infantil fins a final de curs.<\/li>\n<\/ol>\n<p>A la classe dels Pollets fem racons. Un petit grup treballa amb la Blanca la CONSCI\u00c8NCIA FONOL\u00d2GICA mentre els&hellip;  <a href=\"https:\/\/agora.xtec.cat\/escolabacdecerdanya\/general\/consciencia-fonologica\/\" title=\"Read &#8220;CONSCI\u00c8NCIA FONOL\u00d2GICA&#8221;\">Llegeix m\u00e9s\u00bb<\/a><\/p>\n","protected":false},"author":10,"featured_media":0,"comment_status":"open","ping_status":"closed","sticky":false,"template":"","format":"standard","meta":{"_bbp_topic_count":0,"_bbp_reply_count":0,"_bbp_total_topic_count":0,"_bbp_total_reply_count":0,"_bbp_voice_count":0,"_bbp_anonymous_reply_count":0,"_bbp_topic_count_hidden":0,"_bbp_reply_count_hidden":0,"_bbp_forum_subforum_count":0,"footnotes":""},"categories":[103,1,3],"tags":[],"class_list":["post-5420","post","type-post","status-publish","format-standard","hentry","category-infantil-2","category-general","category-p3"],"post_mailing_queue_ids":[],"_links":{"self":[{"href":"https:\/\/agora.xtec.cat\/escolabacdecerdanya\/wp-json\/wp\/v2\/posts\/5420","targetHints":{"allow":["GET"]}}],"collection":[{"href":"https:\/\/agora.xtec.cat\/escolabacdecerdanya\/wp-json\/wp\/v2\/posts"}],"about":[{"href":"https:\/\/agora.xtec.cat\/escolabacdecerdanya\/wp-json\/wp\/v2\/types\/post"}],"author":[{"embeddable":true,"href":"https:\/\/agora.xtec.cat\/escolabacdecerdanya\/wp-json\/wp\/v2\/users\/10"}],"replies":[{"embeddable":true,"href":"https:\/\/agora.xtec.cat\/escolabacdecerdanya\/wp-json\/wp\/v2\/comments?post=5420"}],"version-history":[{"count":3,"href":"https:\/\/agora.xtec.cat\/escolabacdecerdanya\/wp-json\/wp\/v2\/posts\/5420\/revisions"}],"predecessor-version":[{"id":5430,"href":"https:\/\/agora.xtec.cat\/escolabacdecerdanya\/wp-json\/wp\/v2\/posts\/5420\/revisions\/5430"}],"wp:attachment":[{"href":"https:\/\/agora.xtec.cat\/escolabacdecerdanya\/wp-json\/wp\/v2\/media?parent=5420"}],"wp:term":[{"taxonomy":"category","embeddable":true,"href":"https:\/\/agora.xtec.cat\/escolabacdecerdanya\/wp-json\/wp\/v2\/categories?post=5420"},{"taxonomy":"post_tag","embeddable":true,"href":"https:\/\/agora.xtec.cat\/escolabacdecerdanya\/wp-json\/wp\/v2\/tags?post=5420"}],"curies":[{"name":"wp","href":"https:\/\/api.w.org\/{rel}","templated":true}]}}