{"id":5412,"date":"2023-03-21T11:03:22","date_gmt":"2023-03-21T10:03:22","guid":{"rendered":"https:\/\/agora.xtec.cat\/escolabacdecerdanya\/?p=5412"},"modified":"2023-03-21T11:04:27","modified_gmt":"2023-03-21T10:04:27","slug":"plantem-patates","status":"publish","type":"post","link":"https:\/\/agora.xtec.cat\/escolabacdecerdanya\/general\/plantem-patates\/","title":{"rendered":"PLANTEM PATATES!"},"content":{"rendered":"<p>Com cada any els alumnes de 3r posen a punt l&#8217;hort per plantar-hi, i ens demanen ajuda perqu\u00e8 els fem cr\u00e9ixer el planter.<\/p>\n<p>Aquest any ens ha tocar plantar PATATES!!<\/p>\n<p>Vam portar les ampolles, les vam tallar i les vam deixar a punt. Despr\u00e9s hem anat a buscar unes pedres per tapar el forat perqu\u00e8 deixi passar l&#8217;aigua per\u00f2 no la terra.<\/p>\n<p><a href=\"https:\/\/agora.xtec.cat\/escolabacdecerdanya\/albums-de-fotos\/cicle-inicial\/\"><img loading=\"lazy\" decoding=\"async\" class=\"wp-image-5415 aligncenter\" src=\"https:\/\/agora.xtec.cat\/escolabacdecerdanya\/wp-content\/uploads\/usu1753\/2023\/03\/IMG_0030-768x1024.jpg\" alt=\"\" width=\"337\" height=\"450\" srcset=\"https:\/\/agora.xtec.cat\/escolabacdecerdanya\/wp-content\/uploads\/usu1753\/2023\/03\/IMG_0030-768x1024.jpg 768w, https:\/\/agora.xtec.cat\/escolabacdecerdanya\/wp-content\/uploads\/usu1753\/2023\/03\/IMG_0030-225x300.jpg 225w, https:\/\/agora.xtec.cat\/escolabacdecerdanya\/wp-content\/uploads\/usu1753\/2023\/03\/IMG_0030-1152x1536.jpg 1152w, https:\/\/agora.xtec.cat\/escolabacdecerdanya\/wp-content\/uploads\/usu1753\/2023\/03\/IMG_0030.jpg 1512w\" sizes=\"auto, (max-width: 337px) 100vw, 337px\" \/><\/a><\/p>\n<p>Despr\u00e9s ja ens vam posar a plantar: primer vam posar-hi la terra, i vam enfonsar un tros de patata i, per acabar vam regar-ho:<\/p>\n<p><a href=\"https:\/\/agora.xtec.cat\/escolabacdecerdanya\/albums-de-fotos\/cicle-inicial\/\"><img loading=\"lazy\" decoding=\"async\" class=\"alignnone wp-image-5416\" src=\"https:\/\/agora.xtec.cat\/escolabacdecerdanya\/wp-content\/uploads\/usu1753\/2023\/03\/IMG_0047-768x1024.jpg\" alt=\"\" width=\"362\" height=\"482\" srcset=\"https:\/\/agora.xtec.cat\/escolabacdecerdanya\/wp-content\/uploads\/usu1753\/2023\/03\/IMG_0047-768x1024.jpg 768w, https:\/\/agora.xtec.cat\/escolabacdecerdanya\/wp-content\/uploads\/usu1753\/2023\/03\/IMG_0047-225x300.jpg 225w, https:\/\/agora.xtec.cat\/escolabacdecerdanya\/wp-content\/uploads\/usu1753\/2023\/03\/IMG_0047-1152x1536.jpg 1152w, https:\/\/agora.xtec.cat\/escolabacdecerdanya\/wp-content\/uploads\/usu1753\/2023\/03\/IMG_0047.jpg 1512w\" sizes=\"auto, (max-width: 362px) 100vw, 362px\" \/><\/a><a href=\"https:\/\/agora.xtec.cat\/escolabacdecerdanya\/albums-de-fotos\/cicle-inicial\/\"><img loading=\"lazy\" decoding=\"async\" class=\"alignnone wp-image-5414\" src=\"https:\/\/agora.xtec.cat\/escolabacdecerdanya\/wp-content\/uploads\/usu1753\/2023\/03\/IMG_0068-768x1024.jpg\" alt=\"\" width=\"361\" height=\"482\" srcset=\"https:\/\/agora.xtec.cat\/escolabacdecerdanya\/wp-content\/uploads\/usu1753\/2023\/03\/IMG_0068-768x1024.jpg 768w, https:\/\/agora.xtec.cat\/escolabacdecerdanya\/wp-content\/uploads\/usu1753\/2023\/03\/IMG_0068-225x300.jpg 225w, https:\/\/agora.xtec.cat\/escolabacdecerdanya\/wp-content\/uploads\/usu1753\/2023\/03\/IMG_0068-1152x1536.jpg 1152w, https:\/\/agora.xtec.cat\/escolabacdecerdanya\/wp-content\/uploads\/usu1753\/2023\/03\/IMG_0068.jpg 1512w\" sizes=\"auto, (max-width: 361px) 100vw, 361px\" \/><\/a><\/p>\n<p>Ara ens cal esperar que vagin sortint perqu\u00e8 els de 3r plantin un bon hort!<\/p>\n<p>Si voleu veure m\u00e9s fotos, cliqueu al damunt de les imatges i busqueu l&#8217;\u00e0lbum.<\/p>\n","protected":false},"excerpt":{"rendered":"<p>Com cada any els alumnes de 3r posen a punt l&#8217;hort per plantar-hi, i ens demanen ajuda perqu\u00e8 els fem cr\u00e9ixer el planter.<br \/>\nAquest any ens ha tocar plantar PATATES!!<br \/>\nVam portar les ampolles, les vam tallar i les vam deixar a punt. Despr\u00e9s hem anat a&hellip;  <a href=\"https:\/\/agora.xtec.cat\/escolabacdecerdanya\/general\/plantem-patates\/\" title=\"Read PLANTEM PATATES!\">Llegeix m\u00e9s\u00bb<\/a><\/p>\n","protected":false},"author":3,"featured_media":5416,"comment_status":"open","ping_status":"closed","sticky":false,"template":"","format":"standard","meta":{"_bbp_topic_count":0,"_bbp_reply_count":0,"_bbp_total_topic_count":0,"_bbp_total_reply_count":0,"_bbp_voice_count":0,"_bbp_anonymous_reply_count":0,"_bbp_topic_count_hidden":0,"_bbp_reply_count_hidden":0,"_bbp_forum_subforum_count":0,"footnotes":""},"categories":[11,104,1,61,4],"tags":[257,167,166],"class_list":["post-5412","post","type-post","status-publish","format-standard","has-post-thumbnail","hentry","category-2n","category-inicial","category-general","category-novetats","category-portada","tag-hort","tag-medi","tag-projecte"],"post_mailing_queue_ids":[],"_links":{"self":[{"href":"https:\/\/agora.xtec.cat\/escolabacdecerdanya\/wp-json\/wp\/v2\/posts\/5412","targetHints":{"allow":["GET"]}}],"collection":[{"href":"https:\/\/agora.xtec.cat\/escolabacdecerdanya\/wp-json\/wp\/v2\/posts"}],"about":[{"href":"https:\/\/agora.xtec.cat\/escolabacdecerdanya\/wp-json\/wp\/v2\/types\/post"}],"author":[{"embeddable":true,"href":"https:\/\/agora.xtec.cat\/escolabacdecerdanya\/wp-json\/wp\/v2\/users\/3"}],"replies":[{"embeddable":true,"href":"https:\/\/agora.xtec.cat\/escolabacdecerdanya\/wp-json\/wp\/v2\/comments?post=5412"}],"version-history":[{"count":2,"href":"https:\/\/agora.xtec.cat\/escolabacdecerdanya\/wp-json\/wp\/v2\/posts\/5412\/revisions"}],"predecessor-version":[{"id":5418,"href":"https:\/\/agora.xtec.cat\/escolabacdecerdanya\/wp-json\/wp\/v2\/posts\/5412\/revisions\/5418"}],"wp:featuredmedia":[{"embeddable":true,"href":"https:\/\/agora.xtec.cat\/escolabacdecerdanya\/wp-json\/wp\/v2\/media\/5416"}],"wp:attachment":[{"href":"https:\/\/agora.xtec.cat\/escolabacdecerdanya\/wp-json\/wp\/v2\/media?parent=5412"}],"wp:term":[{"taxonomy":"category","embeddable":true,"href":"https:\/\/agora.xtec.cat\/escolabacdecerdanya\/wp-json\/wp\/v2\/categories?post=5412"},{"taxonomy":"post_tag","embeddable":true,"href":"https:\/\/agora.xtec.cat\/escolabacdecerdanya\/wp-json\/wp\/v2\/tags?post=5412"}],"curies":[{"name":"wp","href":"https:\/\/api.w.org\/{rel}","templated":true}]}}