{"id":540,"date":"2016-04-21T15:45:00","date_gmt":"2016-04-21T13:45:00","guid":{"rendered":"http:\/\/agora.xtec.cat\/escolabacdecerdanya\/general\/esport-adaptat\/"},"modified":"2016-04-21T15:45:00","modified_gmt":"2016-04-21T13:45:00","slug":"esport-adaptat","status":"publish","type":"post","link":"https:\/\/agora.xtec.cat\/escolabacdecerdanya\/general\/esport-adaptat\/","title":{"rendered":"ESPORT ADAPTAT"},"content":{"rendered":"<div style=\"text-align: justify;\"><span lang=\"CA\">Fins a quin punt ens ha de limitar el fet de patir algun tipus de discapacitat?<o:p><\/o:p><\/span><br \/><span lang=\"CA\">Els alumnes de cicle mitj\u00e0 han realitzat una jornada sobre aquesta tem\u00e0tica.<\/span><\/div>\n<p><\/p>\n<div style=\"text-align: justify;\"><span lang=\"CA\">Us recomanem que visiteu el <span style=\"color: yellow;\"><b><a href=\"http:\/\/especialbacdecerdanya.blogspot.com.es\/\">blog d\u2019educaci\u00f3 especial<\/a>&nbsp;&nbsp;<\/b><\/span>&nbsp;<span style=\"font-family: &quot;trebuchet ms&quot; , sans-serif;\">\ud83d\ude09<\/span><o:p><\/o:p><\/span><\/div>\n<div style=\"text-align: justify;\"><\/div>\n<div style=\"clear: both; text-align: center;\"><a href=\"http:\/\/especialbacdecerdanya.blogspot.com.es\/2016\/04\/jornada-desport-adaptat.html\"><img loading=\"lazy\" decoding=\"async\" border=\"0\" height=\"219\" src=\"https:\/\/4.bp.blogspot.com\/-g3kM9gRJI58\/VxjZCp76ktI\/AAAAAAAAH4c\/r0viuZMVLE4jY-qzVMC4_k3y9X8PPLTNgCLcB\/s320\/9.png\" width=\"320\" \/><\/a><\/div>\n<div style=\"text-align: justify;\"><span lang=\"CA\"><i><br \/><\/i><\/span><\/div>\n<div style=\"text-align: justify;\"><span lang=\"CA\"><span style=\"font-style: italic;\">Recordeu, amb esfor\u00e7 i const\u00e0ncia podem aconseguir m\u00e9s coses de les que ens imaginem!<\/span><\/span><\/div>\n","protected":false},"excerpt":{"rendered":"<p>Fins a quin punt ens ha de limitar el fet de patir algun tipus de discapacitat?Els alumnes de cicle mitj\u00e0 han realitzat una jornada sobre aquesta tem\u00e0tica.<\/p>\n<p>Us recomanem que visiteu el <a href=\"http:\/\/especialbacdecerdanya.blogspot.com.es\/\">blog d\u2019educaci\u00f3 especial<\/a>&nbsp;&nbsp;&nbsp;\ud83d\ude09<\/p>\n<p><a href=\"http:\/\/especialbacdecerdanya.blogspot.com.es\/2016\/04\/jornada-desport-adaptat.html\"><\/a><\/p>\n<p>Recordeu, amb esfor\u00e7 i const\u00e0ncia podem aconseguir m\u00e9s coses de&hellip;  <a href=\"https:\/\/agora.xtec.cat\/escolabacdecerdanya\/general\/esport-adaptat\/\" title=\"Read ESPORT ADAPTAT\">Llegeix m\u00e9s\u00bb<\/a><\/p>\n","protected":false},"author":1,"featured_media":0,"comment_status":"open","ping_status":"closed","sticky":false,"template":"","format":"standard","meta":{"_bbp_topic_count":0,"_bbp_reply_count":0,"_bbp_total_topic_count":0,"_bbp_total_reply_count":0,"_bbp_voice_count":0,"_bbp_anonymous_reply_count":0,"_bbp_topic_count_hidden":0,"_bbp_reply_count_hidden":0,"_bbp_forum_subforum_count":0,"footnotes":""},"categories":[1],"tags":[],"class_list":["post-540","post","type-post","status-publish","format-standard","hentry","category-general"],"post_mailing_queue_ids":[],"_links":{"self":[{"href":"https:\/\/agora.xtec.cat\/escolabacdecerdanya\/wp-json\/wp\/v2\/posts\/540","targetHints":{"allow":["GET"]}}],"collection":[{"href":"https:\/\/agora.xtec.cat\/escolabacdecerdanya\/wp-json\/wp\/v2\/posts"}],"about":[{"href":"https:\/\/agora.xtec.cat\/escolabacdecerdanya\/wp-json\/wp\/v2\/types\/post"}],"author":[{"embeddable":true,"href":"https:\/\/agora.xtec.cat\/escolabacdecerdanya\/wp-json\/wp\/v2\/users\/1"}],"replies":[{"embeddable":true,"href":"https:\/\/agora.xtec.cat\/escolabacdecerdanya\/wp-json\/wp\/v2\/comments?post=540"}],"version-history":[{"count":0,"href":"https:\/\/agora.xtec.cat\/escolabacdecerdanya\/wp-json\/wp\/v2\/posts\/540\/revisions"}],"wp:attachment":[{"href":"https:\/\/agora.xtec.cat\/escolabacdecerdanya\/wp-json\/wp\/v2\/media?parent=540"}],"wp:term":[{"taxonomy":"category","embeddable":true,"href":"https:\/\/agora.xtec.cat\/escolabacdecerdanya\/wp-json\/wp\/v2\/categories?post=540"},{"taxonomy":"post_tag","embeddable":true,"href":"https:\/\/agora.xtec.cat\/escolabacdecerdanya\/wp-json\/wp\/v2\/tags?post=540"}],"curies":[{"name":"wp","href":"https:\/\/api.w.org\/{rel}","templated":true}]}}