{"id":5399,"date":"2023-03-20T23:36:26","date_gmt":"2023-03-20T22:36:26","guid":{"rendered":"https:\/\/agora.xtec.cat\/escolabacdecerdanya\/?p=5399"},"modified":"2023-03-20T23:45:42","modified_gmt":"2023-03-20T22:45:42","slug":"jornada-campionats-del-mon-parasnow","status":"publish","type":"post","link":"https:\/\/agora.xtec.cat\/escolabacdecerdanya\/general\/jornada-campionats-del-mon-parasnow\/","title":{"rendered":"Jornada Campionats del M\u00f3n Parasnow"},"content":{"rendered":"<p>Dijous 16 de mar\u00e7, els alumnes de CS vam anar a la Molina amb altres escoles de la comarca, a unes jornades de sinsibilitzaci\u00f3 de la practica de l&#8217;esport d&#8217;\u00e8lit en persones discapacitades. Ens van donar coca i xocolata just arribar i despr\u00e9s vam fer un seguit de xerrades i activitats sobre aquest tema. Tamb\u00e9 vam tenir la sort de con\u00e8ixer a un atleta de l&#8217;equip espanyol d&#8217;snow, Emilio Redondo.<\/p>\n<p>.<a href=\"https:\/\/agora.xtec.cat\/escolabacdecerdanya\/albums-de-fotos\/cicle-superior\/\"><img loading=\"lazy\" decoding=\"async\" class=\"wp-image-5400 alignleft\" src=\"https:\/\/agora.xtec.cat\/escolabacdecerdanya\/wp-content\/uploads\/usu1753\/2023\/03\/La-Molina2-768x1024.jpg\" alt=\"\" width=\"460\" height=\"613\" srcset=\"https:\/\/agora.xtec.cat\/escolabacdecerdanya\/wp-content\/uploads\/usu1753\/2023\/03\/La-Molina2-768x1024.jpg 768w, https:\/\/agora.xtec.cat\/escolabacdecerdanya\/wp-content\/uploads\/usu1753\/2023\/03\/La-Molina2-225x300.jpg 225w, https:\/\/agora.xtec.cat\/escolabacdecerdanya\/wp-content\/uploads\/usu1753\/2023\/03\/La-Molina2.jpg 1086w\" sizes=\"auto, (max-width: 460px) 100vw, 460px\" \/><\/a> <a href=\"https:\/\/agora.xtec.cat\/escolabacdecerdanya\/wp-content\/uploads\/usu1753\/2023\/03\/Molina.jpg\"><img loading=\"lazy\" decoding=\"async\" class=\"wp-image-5401 alignright\" src=\"https:\/\/agora.xtec.cat\/escolabacdecerdanya\/wp-content\/uploads\/usu1753\/2023\/03\/Molina-1024x768.jpg\" alt=\"\" width=\"655\" height=\"492\" srcset=\"https:\/\/agora.xtec.cat\/escolabacdecerdanya\/wp-content\/uploads\/usu1753\/2023\/03\/Molina-1024x768.jpg 1024w, https:\/\/agora.xtec.cat\/escolabacdecerdanya\/wp-content\/uploads\/usu1753\/2023\/03\/Molina-300x225.jpg 300w, https:\/\/agora.xtec.cat\/escolabacdecerdanya\/wp-content\/uploads\/usu1753\/2023\/03\/Molina-768x576.jpg 768w, https:\/\/agora.xtec.cat\/escolabacdecerdanya\/wp-content\/uploads\/usu1753\/2023\/03\/Molina-200x150.jpg 200w, https:\/\/agora.xtec.cat\/escolabacdecerdanya\/wp-content\/uploads\/usu1753\/2023\/03\/Molina.jpg 1448w\" sizes=\"auto, (max-width: 655px) 100vw, 655px\" \/><\/a><\/p>\n","protected":false},"excerpt":{"rendered":"<p>Dijous 16 de mar\u00e7, els alumnes de CS vam anar a la Molina amb altres escoles de la comarca, a unes jornades de sinsibilitzaci\u00f3 de la practica de l&#8217;esport d&#8217;\u00e8lit en persones discapacitades. Ens van donar coca i xocolata just arribar i despr\u00e9s vam fer&hellip;  <a href=\"https:\/\/agora.xtec.cat\/escolabacdecerdanya\/general\/jornada-campionats-del-mon-parasnow\/\" title=\"Read Jornada Campionats del M\u00f3n Parasnow\">Llegeix m\u00e9s\u00bb<\/a><\/p>\n","protected":false},"author":15,"featured_media":5401,"comment_status":"open","ping_status":"closed","sticky":false,"template":"","format":"standard","meta":{"_bbp_topic_count":0,"_bbp_reply_count":0,"_bbp_total_topic_count":0,"_bbp_total_reply_count":0,"_bbp_voice_count":0,"_bbp_anonymous_reply_count":0,"_bbp_topic_count_hidden":0,"_bbp_reply_count_hidden":0,"_bbp_forum_subforum_count":0,"footnotes":""},"categories":[14,15,239,76,241,1,4],"tags":[],"class_list":["post-5399","post","type-post","status-publish","format-standard","has-post-thumbnail","hentry","category-5e","category-6e","category-album-de-fotos","category-cicle-superior","category-ft-cicle-superior","category-general","category-portada"],"post_mailing_queue_ids":[],"_links":{"self":[{"href":"https:\/\/agora.xtec.cat\/escolabacdecerdanya\/wp-json\/wp\/v2\/posts\/5399","targetHints":{"allow":["GET"]}}],"collection":[{"href":"https:\/\/agora.xtec.cat\/escolabacdecerdanya\/wp-json\/wp\/v2\/posts"}],"about":[{"href":"https:\/\/agora.xtec.cat\/escolabacdecerdanya\/wp-json\/wp\/v2\/types\/post"}],"author":[{"embeddable":true,"href":"https:\/\/agora.xtec.cat\/escolabacdecerdanya\/wp-json\/wp\/v2\/users\/15"}],"replies":[{"embeddable":true,"href":"https:\/\/agora.xtec.cat\/escolabacdecerdanya\/wp-json\/wp\/v2\/comments?post=5399"}],"version-history":[{"count":3,"href":"https:\/\/agora.xtec.cat\/escolabacdecerdanya\/wp-json\/wp\/v2\/posts\/5399\/revisions"}],"predecessor-version":[{"id":5405,"href":"https:\/\/agora.xtec.cat\/escolabacdecerdanya\/wp-json\/wp\/v2\/posts\/5399\/revisions\/5405"}],"wp:featuredmedia":[{"embeddable":true,"href":"https:\/\/agora.xtec.cat\/escolabacdecerdanya\/wp-json\/wp\/v2\/media\/5401"}],"wp:attachment":[{"href":"https:\/\/agora.xtec.cat\/escolabacdecerdanya\/wp-json\/wp\/v2\/media?parent=5399"}],"wp:term":[{"taxonomy":"category","embeddable":true,"href":"https:\/\/agora.xtec.cat\/escolabacdecerdanya\/wp-json\/wp\/v2\/categories?post=5399"},{"taxonomy":"post_tag","embeddable":true,"href":"https:\/\/agora.xtec.cat\/escolabacdecerdanya\/wp-json\/wp\/v2\/tags?post=5399"}],"curies":[{"name":"wp","href":"https:\/\/api.w.org\/{rel}","templated":true}]}}