{"id":5389,"date":"2023-03-22T13:27:06","date_gmt":"2023-03-22T12:27:06","guid":{"rendered":"https:\/\/agora.xtec.cat\/escolabacdecerdanya\/?p=5389"},"modified":"2023-03-22T17:50:42","modified_gmt":"2023-03-22T16:50:42","slug":"el-projecte-de-les-plantes-a-tercer","status":"publish","type":"post","link":"https:\/\/agora.xtec.cat\/escolabacdecerdanya\/general\/el-projecte-de-les-plantes-a-tercer\/","title":{"rendered":"EL PROJECTE DE LES PLANTES A TERCER!"},"content":{"rendered":"<p>A tercer de prim\u00e0ria hem estat fent el projecte de les plantes.<\/p>\n<p>Hem fet un experiment amb les llenties per saber qu\u00e8 passa si reguem les llenties i tenen sol, si no les reguem o si no tenen llum.<\/p>\n<p>A m\u00e9s, vam fer un mapa conceptual amb tot all\u00f2 apr\u00e8s sobre el projecte.<a href=\"https:\/\/agora.xtec.cat\/escolabacdecerdanya\/wp-content\/uploads\/usu1753\/2023\/03\/20230306_110702-scaled.jpg\"><img loading=\"lazy\" decoding=\"async\" class=\"alignnone wp-image-5431\" src=\"https:\/\/agora.xtec.cat\/escolabacdecerdanya\/wp-content\/uploads\/usu1753\/2023\/03\/20230306_110702-1024x596.jpg\" alt=\"\" width=\"459\" height=\"267\" srcset=\"https:\/\/agora.xtec.cat\/escolabacdecerdanya\/wp-content\/uploads\/usu1753\/2023\/03\/20230306_110702-1024x596.jpg 1024w, https:\/\/agora.xtec.cat\/escolabacdecerdanya\/wp-content\/uploads\/usu1753\/2023\/03\/20230306_110702-300x175.jpg 300w, https:\/\/agora.xtec.cat\/escolabacdecerdanya\/wp-content\/uploads\/usu1753\/2023\/03\/20230306_110702-768x447.jpg 768w, https:\/\/agora.xtec.cat\/escolabacdecerdanya\/wp-content\/uploads\/usu1753\/2023\/03\/20230306_110702-1536x894.jpg 1536w, https:\/\/agora.xtec.cat\/escolabacdecerdanya\/wp-content\/uploads\/usu1753\/2023\/03\/20230306_110702-2048x1192.jpg 2048w\" sizes=\"auto, (max-width: 459px) 100vw, 459px\" \/> \u00a0 \u00a0 <\/a><a href=\"https:\/\/agora.xtec.cat\/escolabacdecerdanya\/wp-content\/uploads\/usu1753\/2023\/03\/LLENTIA-rotated.jpg\"><img loading=\"lazy\" decoding=\"async\" class=\"alignnone wp-image-5434\" src=\"https:\/\/agora.xtec.cat\/escolabacdecerdanya\/wp-content\/uploads\/usu1753\/2023\/03\/LLENTIA-rotated.jpg\" alt=\"\" width=\"209\" height=\"279\" srcset=\"https:\/\/agora.xtec.cat\/escolabacdecerdanya\/wp-content\/uploads\/usu1753\/2023\/03\/LLENTIA-rotated.jpg 443w, https:\/\/agora.xtec.cat\/escolabacdecerdanya\/wp-content\/uploads\/usu1753\/2023\/03\/LLENTIA-225x300.jpg 225w\" sizes=\"auto, (max-width: 209px) 100vw, 209px\" \/><\/a><\/p>\n<p><a href=\"https:\/\/agora.xtec.cat\/escolabacdecerdanya\/wp-content\/uploads\/usu1753\/2023\/03\/LLENTIA-2-rotated.jpg\"><img loading=\"lazy\" decoding=\"async\" class=\"alignnone wp-image-5436\" src=\"https:\/\/agora.xtec.cat\/escolabacdecerdanya\/wp-content\/uploads\/usu1753\/2023\/03\/LLENTIA-2-rotated.jpg\" alt=\"\" width=\"306\" height=\"408\" srcset=\"https:\/\/agora.xtec.cat\/escolabacdecerdanya\/wp-content\/uploads\/usu1753\/2023\/03\/LLENTIA-2-rotated.jpg 443w, https:\/\/agora.xtec.cat\/escolabacdecerdanya\/wp-content\/uploads\/usu1753\/2023\/03\/LLENTIA-2-225x300.jpg 225w\" sizes=\"auto, (max-width: 306px) 100vw, 306px\" \/>\u00a0\u00a0 <\/a><a href=\"https:\/\/agora.xtec.cat\/escolabacdecerdanya\/wp-content\/uploads\/usu1753\/2023\/03\/LLENTIA-3-rotated.jpg\"><img loading=\"lazy\" decoding=\"async\" class=\"alignnone wp-image-5437\" src=\"https:\/\/agora.xtec.cat\/escolabacdecerdanya\/wp-content\/uploads\/usu1753\/2023\/03\/LLENTIA-3-rotated.jpg\" alt=\"\" width=\"305\" height=\"407\" srcset=\"https:\/\/agora.xtec.cat\/escolabacdecerdanya\/wp-content\/uploads\/usu1753\/2023\/03\/LLENTIA-3-rotated.jpg 443w, https:\/\/agora.xtec.cat\/escolabacdecerdanya\/wp-content\/uploads\/usu1753\/2023\/03\/LLENTIA-3-225x300.jpg 225w\" sizes=\"auto, (max-width: 305px) 100vw, 305px\" \/><\/a><\/p>\n","protected":false},"excerpt":{"rendered":"<p>A tercer de prim\u00e0ria hem estat fent el projecte de les plantes.<br \/>\nHem fet un experiment amb les llenties per saber qu\u00e8 passa si reguem les llenties i tenen sol, si no les reguem o si no tenen llum.<br \/>\nA m\u00e9s, vam fer un mapa conceptual amb&hellip;  <a href=\"https:\/\/agora.xtec.cat\/escolabacdecerdanya\/general\/el-projecte-de-les-plantes-a-tercer\/\" title=\"Read EL PROJECTE DE LES PLANTES A TERCER!\">Llegeix m\u00e9s\u00bb<\/a><\/p>\n","protected":false},"author":18,"featured_media":5440,"comment_status":"open","ping_status":"closed","sticky":false,"template":"","format":"standard","meta":{"_bbp_topic_count":0,"_bbp_reply_count":0,"_bbp_total_topic_count":0,"_bbp_total_reply_count":0,"_bbp_voice_count":0,"_bbp_anonymous_reply_count":0,"_bbp_topic_count_hidden":0,"_bbp_reply_count_hidden":0,"_bbp_forum_subforum_count":0,"footnotes":""},"categories":[12,1,4],"tags":[],"class_list":["post-5389","post","type-post","status-publish","format-standard","has-post-thumbnail","hentry","category-3r","category-general","category-portada"],"post_mailing_queue_ids":[],"_links":{"self":[{"href":"https:\/\/agora.xtec.cat\/escolabacdecerdanya\/wp-json\/wp\/v2\/posts\/5389","targetHints":{"allow":["GET"]}}],"collection":[{"href":"https:\/\/agora.xtec.cat\/escolabacdecerdanya\/wp-json\/wp\/v2\/posts"}],"about":[{"href":"https:\/\/agora.xtec.cat\/escolabacdecerdanya\/wp-json\/wp\/v2\/types\/post"}],"author":[{"embeddable":true,"href":"https:\/\/agora.xtec.cat\/escolabacdecerdanya\/wp-json\/wp\/v2\/users\/18"}],"replies":[{"embeddable":true,"href":"https:\/\/agora.xtec.cat\/escolabacdecerdanya\/wp-json\/wp\/v2\/comments?post=5389"}],"version-history":[{"count":2,"href":"https:\/\/agora.xtec.cat\/escolabacdecerdanya\/wp-json\/wp\/v2\/posts\/5389\/revisions"}],"predecessor-version":[{"id":5438,"href":"https:\/\/agora.xtec.cat\/escolabacdecerdanya\/wp-json\/wp\/v2\/posts\/5389\/revisions\/5438"}],"wp:featuredmedia":[{"embeddable":true,"href":"https:\/\/agora.xtec.cat\/escolabacdecerdanya\/wp-json\/wp\/v2\/media\/5440"}],"wp:attachment":[{"href":"https:\/\/agora.xtec.cat\/escolabacdecerdanya\/wp-json\/wp\/v2\/media?parent=5389"}],"wp:term":[{"taxonomy":"category","embeddable":true,"href":"https:\/\/agora.xtec.cat\/escolabacdecerdanya\/wp-json\/wp\/v2\/categories?post=5389"},{"taxonomy":"post_tag","embeddable":true,"href":"https:\/\/agora.xtec.cat\/escolabacdecerdanya\/wp-json\/wp\/v2\/tags?post=5389"}],"curies":[{"name":"wp","href":"https:\/\/api.w.org\/{rel}","templated":true}]}}