{"id":538,"date":"2016-04-26T15:29:00","date_gmt":"2016-04-26T13:29:00","guid":{"rendered":"http:\/\/agora.xtec.cat\/escolabacdecerdanya\/general\/sant-jordi-2016\/"},"modified":"2016-04-26T15:29:00","modified_gmt":"2016-04-26T13:29:00","slug":"sant-jordi-2016","status":"publish","type":"post","link":"https:\/\/agora.xtec.cat\/escolabacdecerdanya\/general\/sant-jordi-2016\/","title":{"rendered":"Sant Jordi 2016"},"content":{"rendered":"<div style=\"text-align: justify;\"><span lang=\"CA\"><span style=\"font-family: &quot;helvetica neue&quot; , &quot;arial&quot; , &quot;helvetica&quot; , sans-serif;\">Aquest any, la Diada de <span style=\"color: #cc0000;\"><b>Sant Jordi<\/b><\/span> ha caigut en dissabte, per\u00f2 no us penseu pas que l\u2019escola ha estat aturada! Al llarg de tot el mat\u00ed vam vendre llibres, roses i pastissos! De ben segur que els diners aconseguits suposaran bones inversions per la nostra escola \ud83d\ude09<o:p><\/o:p><\/span><\/span><\/div>\n<div style=\"text-align: justify;\"><span lang=\"CA\"><span style=\"font-family: &quot;helvetica neue&quot; , &quot;arial&quot; , &quot;helvetica&quot; , sans-serif;\">I al vespre, es va celebrar l\u2019entrega de premis dels jocs florals de Cerdanya! Felicitem a les guanyadores d\u2019enguany del Bac! Sempre competim amb dedicaci\u00f3 i il\u00b7lusi\u00f3!<o:p><\/o:p><\/span><\/span><\/div>\n<div style=\"text-align: justify;\"><span lang=\"CA\"><span style=\"font-family: &quot;helvetica neue&quot; , &quot;arial&quot; , &quot;helvetica&quot; , sans-serif;\">Finalment, agra\u00efm la participaci\u00f3 a les fam\u00edlies de la classe de sis\u00e8 i a als participants en la venda de llibres!<o:p><\/o:p><\/span><\/span><\/div>\n<div style=\"text-align: justify;\"><span lang=\"CA\"><i style=\"font-family: Georgia, 'Times New Roman', serif;\"><br \/><\/i><\/span><\/div>\n<div style=\"text-align: center;\"><span lang=\"CA\"><i style=\"font-family: Georgia, 'Times New Roman', serif;\"><span style=\"font-size: x-small;\">Cliqueu el dibuix per veure les<b> <span style=\"color: yellow;\"><a href=\"https:\/\/goo.gl\/photos\/YbC4kQJWZWpdStGR8\">imatges<\/a><\/span><\/b> de la Diada!<\/span><\/i><\/span><\/div>\n<p><\/p>\n<div style=\"clear: both; text-align: center;\"><\/div>\n<div style=\"clear: both; text-align: center;\"><a href=\"https:\/\/goo.gl\/photos\/YbC4kQJWZWpdStGR8\"><img loading=\"lazy\" decoding=\"async\" border=\"0\" height=\"320\" src=\"https:\/\/4.bp.blogspot.com\/-ePfM5DC7-OA\/Vx9sXgnUinI\/AAAAAAAAH7s\/FsKePiR4IXIVchdwYYhMdv3SHufkrD6NQCLcB\/s320\/sant%2Bjordi.jpg\" width=\"226\" \/><\/a><\/div>\n","protected":false},"excerpt":{"rendered":"<p>Aquest any, la Diada de Sant Jordi ha caigut en dissabte, per\u00f2 no us penseu pas que l\u2019escola ha estat aturada! Al llarg de tot el mat\u00ed vam vendre llibres, roses i pastissos! De ben segur que els diners aconseguits suposaran bones inversions per la&hellip;  <a href=\"https:\/\/agora.xtec.cat\/escolabacdecerdanya\/general\/sant-jordi-2016\/\" title=\"Read Sant Jordi 2016\">Llegeix m\u00e9s\u00bb<\/a><\/p>\n","protected":false},"author":1,"featured_media":0,"comment_status":"open","ping_status":"closed","sticky":false,"template":"","format":"standard","meta":{"_bbp_topic_count":0,"_bbp_reply_count":0,"_bbp_total_topic_count":0,"_bbp_total_reply_count":0,"_bbp_voice_count":0,"_bbp_anonymous_reply_count":0,"_bbp_topic_count_hidden":0,"_bbp_reply_count_hidden":0,"_bbp_forum_subforum_count":0,"footnotes":""},"categories":[1],"tags":[],"class_list":["post-538","post","type-post","status-publish","format-standard","hentry","category-general"],"post_mailing_queue_ids":[],"_links":{"self":[{"href":"https:\/\/agora.xtec.cat\/escolabacdecerdanya\/wp-json\/wp\/v2\/posts\/538","targetHints":{"allow":["GET"]}}],"collection":[{"href":"https:\/\/agora.xtec.cat\/escolabacdecerdanya\/wp-json\/wp\/v2\/posts"}],"about":[{"href":"https:\/\/agora.xtec.cat\/escolabacdecerdanya\/wp-json\/wp\/v2\/types\/post"}],"author":[{"embeddable":true,"href":"https:\/\/agora.xtec.cat\/escolabacdecerdanya\/wp-json\/wp\/v2\/users\/1"}],"replies":[{"embeddable":true,"href":"https:\/\/agora.xtec.cat\/escolabacdecerdanya\/wp-json\/wp\/v2\/comments?post=538"}],"version-history":[{"count":0,"href":"https:\/\/agora.xtec.cat\/escolabacdecerdanya\/wp-json\/wp\/v2\/posts\/538\/revisions"}],"wp:attachment":[{"href":"https:\/\/agora.xtec.cat\/escolabacdecerdanya\/wp-json\/wp\/v2\/media?parent=538"}],"wp:term":[{"taxonomy":"category","embeddable":true,"href":"https:\/\/agora.xtec.cat\/escolabacdecerdanya\/wp-json\/wp\/v2\/categories?post=538"},{"taxonomy":"post_tag","embeddable":true,"href":"https:\/\/agora.xtec.cat\/escolabacdecerdanya\/wp-json\/wp\/v2\/tags?post=538"}],"curies":[{"name":"wp","href":"https:\/\/api.w.org\/{rel}","templated":true}]}}