{"id":5371,"date":"2023-03-16T08:07:50","date_gmt":"2023-03-16T07:07:50","guid":{"rendered":"https:\/\/agora.xtec.cat\/escolabacdecerdanya\/?p=5371"},"modified":"2023-03-16T08:07:50","modified_gmt":"2023-03-16T07:07:50","slug":"programem-amb-lego","status":"publish","type":"post","link":"https:\/\/agora.xtec.cat\/escolabacdecerdanya\/general\/programem-amb-lego\/","title":{"rendered":"Programem amb LEGO"},"content":{"rendered":"<p>Durant aquest trimestre a Cicle Superior hem estat treballant amb els projectes del <strong>Lego WeDo<\/strong>. Aquest material barreja la construcci\u00f3 amb peces legos i la programaci\u00f3 a trav\u00e9s d&#8217;uns motors i uns sensors. Es tracta de construir diferents m\u00e0quines o robots i programar-los per aconseguir que facin el qu\u00e8 se&#8217;ns demana en el projecte.\u00a0A l&#8217;escola tenim cinc packs que ens permet treballar en petits grups amb l&#8217;ajuda de les tauletes.<\/p>\n<p><a href=\"https:\/\/agora.xtec.cat\/escolabacdecerdanya\/wp-content\/uploads\/usu1753\/2023\/03\/IMG_9603.jpg\"><img loading=\"lazy\" decoding=\"async\" class=\"wp-image-5373 size-medium aligncenter\" src=\"https:\/\/agora.xtec.cat\/escolabacdecerdanya\/wp-content\/uploads\/usu1753\/2023\/03\/IMG_9603-300x225.jpg\" alt=\"\" width=\"300\" height=\"225\" srcset=\"https:\/\/agora.xtec.cat\/escolabacdecerdanya\/wp-content\/uploads\/usu1753\/2023\/03\/IMG_9603-300x225.jpg 300w, https:\/\/agora.xtec.cat\/escolabacdecerdanya\/wp-content\/uploads\/usu1753\/2023\/03\/IMG_9603-1024x768.jpg 1024w, https:\/\/agora.xtec.cat\/escolabacdecerdanya\/wp-content\/uploads\/usu1753\/2023\/03\/IMG_9603-768x576.jpg 768w, https:\/\/agora.xtec.cat\/escolabacdecerdanya\/wp-content\/uploads\/usu1753\/2023\/03\/IMG_9603-1536x1152.jpg 1536w, https:\/\/agora.xtec.cat\/escolabacdecerdanya\/wp-content\/uploads\/usu1753\/2023\/03\/IMG_9603-200x150.jpg 200w, https:\/\/agora.xtec.cat\/escolabacdecerdanya\/wp-content\/uploads\/usu1753\/2023\/03\/IMG_9603.jpg 2016w\" sizes=\"auto, (max-width: 300px) 100vw, 300px\" \/><\/a><\/p>\n<p>Primer vam comen\u00e7ar inspeccionant les caixes i creant els primers projectes per anar familiaritzant-nos amb el material i el funcionament.<\/p>\n<p><a href=\"https:\/\/agora.xtec.cat\/escolabacdecerdanya\/wp-content\/uploads\/usu1753\/2023\/03\/IMG_9598.jpg\"><img loading=\"lazy\" decoding=\"async\" class=\"wp-image-5372 size-medium aligncenter\" src=\"https:\/\/agora.xtec.cat\/escolabacdecerdanya\/wp-content\/uploads\/usu1753\/2023\/03\/IMG_9598-300x225.jpg\" alt=\"\" width=\"300\" height=\"225\" srcset=\"https:\/\/agora.xtec.cat\/escolabacdecerdanya\/wp-content\/uploads\/usu1753\/2023\/03\/IMG_9598-300x225.jpg 300w, https:\/\/agora.xtec.cat\/escolabacdecerdanya\/wp-content\/uploads\/usu1753\/2023\/03\/IMG_9598-1024x768.jpg 1024w, https:\/\/agora.xtec.cat\/escolabacdecerdanya\/wp-content\/uploads\/usu1753\/2023\/03\/IMG_9598-768x576.jpg 768w, https:\/\/agora.xtec.cat\/escolabacdecerdanya\/wp-content\/uploads\/usu1753\/2023\/03\/IMG_9598-1536x1152.jpg 1536w, https:\/\/agora.xtec.cat\/escolabacdecerdanya\/wp-content\/uploads\/usu1753\/2023\/03\/IMG_9598-200x150.jpg 200w, https:\/\/agora.xtec.cat\/escolabacdecerdanya\/wp-content\/uploads\/usu1753\/2023\/03\/IMG_9598.jpg 2016w\" sizes=\"auto, (max-width: 300px) 100vw, 300px\" \/><\/a><\/p>\n<p>Despr\u00e9s vam passar a <strong>treballar sobre els terratr\u00e8mols<\/strong>, fent un simulador i analitzant quins edificis aguantaven millor les vibracions i perqu\u00e8. Finalment, han hagut de construir l&#8217;edifici m\u00e9s alt possible que aguant\u00e9s les vibracions d&#8217;un terratr\u00e8mol de nivell 8. Com hauria de ser aquest edifici?<\/p>\n<p><a href=\"https:\/\/agora.xtec.cat\/escolabacdecerdanya\/wp-content\/uploads\/usu1753\/2023\/03\/torres-lego.png\"><img loading=\"lazy\" decoding=\"async\" class=\"wp-image-5374 size-medium aligncenter\" src=\"https:\/\/agora.xtec.cat\/escolabacdecerdanya\/wp-content\/uploads\/usu1753\/2023\/03\/torres-lego-300x225.png\" alt=\"\" width=\"300\" height=\"225\" srcset=\"https:\/\/agora.xtec.cat\/escolabacdecerdanya\/wp-content\/uploads\/usu1753\/2023\/03\/torres-lego-300x225.png 300w, https:\/\/agora.xtec.cat\/escolabacdecerdanya\/wp-content\/uploads\/usu1753\/2023\/03\/torres-lego-768x577.png 768w, https:\/\/agora.xtec.cat\/escolabacdecerdanya\/wp-content\/uploads\/usu1753\/2023\/03\/torres-lego-200x150.png 200w, https:\/\/agora.xtec.cat\/escolabacdecerdanya\/wp-content\/uploads\/usu1753\/2023\/03\/torres-lego.png 897w\" sizes=\"auto, (max-width: 300px) 100vw, 300px\" \/><\/a><\/p>\n<p>Si voleu veure com van treballar, cliqueu <a href=\"https:\/\/agora.xtec.cat\/escolabacdecerdanya\/albums-de-fotos\/cicle-superior\/\"><strong>AQU\u00cd<\/strong> <\/a>i busqueu l&#8217;\u00e0lbum de fotos.<\/p>\n","protected":false},"excerpt":{"rendered":"<p>Durant aquest trimestre a Cicle Superior hem estat treballant amb els projectes del Lego WeDo. Aquest material barreja la construcci\u00f3 amb peces legos i la programaci\u00f3 a trav\u00e9s d&#8217;uns motors i uns sensors. Es tracta de construir diferents m\u00e0quines o robots i programar-los per aconseguir&hellip;  <a href=\"https:\/\/agora.xtec.cat\/escolabacdecerdanya\/general\/programem-amb-lego\/\" title=\"Read Programem amb LEGO\">Llegeix m\u00e9s\u00bb<\/a><\/p>\n","protected":false},"author":3,"featured_media":5373,"comment_status":"open","ping_status":"closed","sticky":false,"template":"","format":"standard","meta":{"_bbp_topic_count":0,"_bbp_reply_count":0,"_bbp_total_topic_count":0,"_bbp_total_reply_count":0,"_bbp_voice_count":0,"_bbp_anonymous_reply_count":0,"_bbp_topic_count_hidden":0,"_bbp_reply_count_hidden":0,"_bbp_forum_subforum_count":0,"footnotes":""},"categories":[14,15,76,1,61,4,62,116],"tags":[255,200,202],"class_list":["post-5371","post","type-post","status-publish","format-standard","has-post-thumbnail","hentry","category-5e","category-6e","category-cicle-superior","category-general","category-novetats","category-portada","category-robotica","category-tac","tag-programacio","tag-robotica","tag-tac"],"post_mailing_queue_ids":[],"_links":{"self":[{"href":"https:\/\/agora.xtec.cat\/escolabacdecerdanya\/wp-json\/wp\/v2\/posts\/5371","targetHints":{"allow":["GET"]}}],"collection":[{"href":"https:\/\/agora.xtec.cat\/escolabacdecerdanya\/wp-json\/wp\/v2\/posts"}],"about":[{"href":"https:\/\/agora.xtec.cat\/escolabacdecerdanya\/wp-json\/wp\/v2\/types\/post"}],"author":[{"embeddable":true,"href":"https:\/\/agora.xtec.cat\/escolabacdecerdanya\/wp-json\/wp\/v2\/users\/3"}],"replies":[{"embeddable":true,"href":"https:\/\/agora.xtec.cat\/escolabacdecerdanya\/wp-json\/wp\/v2\/comments?post=5371"}],"version-history":[{"count":1,"href":"https:\/\/agora.xtec.cat\/escolabacdecerdanya\/wp-json\/wp\/v2\/posts\/5371\/revisions"}],"predecessor-version":[{"id":5376,"href":"https:\/\/agora.xtec.cat\/escolabacdecerdanya\/wp-json\/wp\/v2\/posts\/5371\/revisions\/5376"}],"wp:featuredmedia":[{"embeddable":true,"href":"https:\/\/agora.xtec.cat\/escolabacdecerdanya\/wp-json\/wp\/v2\/media\/5373"}],"wp:attachment":[{"href":"https:\/\/agora.xtec.cat\/escolabacdecerdanya\/wp-json\/wp\/v2\/media?parent=5371"}],"wp:term":[{"taxonomy":"category","embeddable":true,"href":"https:\/\/agora.xtec.cat\/escolabacdecerdanya\/wp-json\/wp\/v2\/categories?post=5371"},{"taxonomy":"post_tag","embeddable":true,"href":"https:\/\/agora.xtec.cat\/escolabacdecerdanya\/wp-json\/wp\/v2\/tags?post=5371"}],"curies":[{"name":"wp","href":"https:\/\/api.w.org\/{rel}","templated":true}]}}