{"id":535,"date":"2016-06-14T13:06:00","date_gmt":"2016-06-14T11:06:00","guid":{"rendered":"http:\/\/agora.xtec.cat\/escolabacdecerdanya\/general\/canco-podries-de-6e\/"},"modified":"2016-06-14T13:06:00","modified_gmt":"2016-06-14T11:06:00","slug":"canco-podries-de-6e","status":"publish","type":"post","link":"https:\/\/agora.xtec.cat\/escolabacdecerdanya\/general\/canco-podries-de-6e\/","title":{"rendered":"CAN\u00c7\u00d3 PODRIES DE 6\u00e8"},"content":{"rendered":"<p><span style=\"font-family: &quot;trebuchet ms&quot; , sans-serif;\">Els alumnes de sis\u00e8, <span style=\"color: yellow;\">han posat m\u00fasica<\/span><span style=\"color: #cc0000;\"> <\/span>al poema &#8220;Podries&#8221; de la Joana Raspall!<\/span><br \/><span style=\"font-family: &quot;trebuchet ms&quot; , sans-serif;\">Si voleu saber com ha anat el proc\u00e9s, llegiu-ne l&#8217;article a la revista Isard d&#8217;enguany!<\/span><\/p>\n<div style=\"clear: both; text-align: center;\"><a href=\"https:\/\/youtu.be\/vi-SFuh9aUw\"><img loading=\"lazy\" decoding=\"async\" border=\"0\" height=\"137\" src=\"https:\/\/1.bp.blogspot.com\/-fS3DBlIv1jM\/V1_nAo7mhTI\/AAAAAAAAISQ\/Nw5xJLYuBt0A8STEVfm5BM1V5_PqfEh7gCLcB\/s400\/podries.png\" width=\"400\" \/><\/a><\/div>\n<p>&nbsp; &nbsp; &nbsp; &nbsp; &nbsp; &nbsp; &nbsp; &nbsp; &nbsp; &nbsp; &nbsp; &nbsp; &nbsp; &nbsp; &nbsp; &nbsp; &nbsp; &nbsp; &nbsp; &nbsp; &nbsp; &nbsp; &nbsp; &nbsp; &nbsp; &nbsp; &nbsp;<span style=\"font-family: &quot;helvetica neue&quot; , &quot;arial&quot; , &quot;helvetica&quot; , sans-serif;\"><b><a href=\"https:\/\/youtu.be\/vi-SFuh9aUw\">V\u00eddeo<\/a><\/b><\/span><\/p>\n","protected":false},"excerpt":{"rendered":"<p>Els alumnes de sis\u00e8, han posat m\u00fasica al poema &#8220;Podries&#8221; de la Joana Raspall!Si voleu saber com ha anat el proc\u00e9s, llegiu-ne l&#8217;article a la revista Isard d&#8217;enguany!<br \/>\n<a href=\"https:\/\/youtu.be\/vi-SFuh9aUw\"><\/a><br \/>\n&nbsp; &nbsp; &nbsp; &nbsp; &nbsp; &nbsp; &nbsp; &nbsp; &nbsp; &nbsp; &nbsp; &nbsp; &nbsp; &nbsp; &nbsp; &nbsp; &nbsp;&hellip;  <a href=\"https:\/\/agora.xtec.cat\/escolabacdecerdanya\/general\/canco-podries-de-6e\/\" title=\"Read CAN\u00c7\u00d3 PODRIES DE 6\u00e8\">Llegeix m\u00e9s\u00bb<\/a><\/p>\n","protected":false},"author":1,"featured_media":0,"comment_status":"open","ping_status":"closed","sticky":false,"template":"","format":"standard","meta":{"_bbp_topic_count":0,"_bbp_reply_count":0,"_bbp_total_topic_count":0,"_bbp_total_reply_count":0,"_bbp_voice_count":0,"_bbp_anonymous_reply_count":0,"_bbp_topic_count_hidden":0,"_bbp_reply_count_hidden":0,"_bbp_forum_subforum_count":0,"footnotes":""},"categories":[1],"tags":[],"class_list":["post-535","post","type-post","status-publish","format-standard","hentry","category-general"],"post_mailing_queue_ids":[],"_links":{"self":[{"href":"https:\/\/agora.xtec.cat\/escolabacdecerdanya\/wp-json\/wp\/v2\/posts\/535","targetHints":{"allow":["GET"]}}],"collection":[{"href":"https:\/\/agora.xtec.cat\/escolabacdecerdanya\/wp-json\/wp\/v2\/posts"}],"about":[{"href":"https:\/\/agora.xtec.cat\/escolabacdecerdanya\/wp-json\/wp\/v2\/types\/post"}],"author":[{"embeddable":true,"href":"https:\/\/agora.xtec.cat\/escolabacdecerdanya\/wp-json\/wp\/v2\/users\/1"}],"replies":[{"embeddable":true,"href":"https:\/\/agora.xtec.cat\/escolabacdecerdanya\/wp-json\/wp\/v2\/comments?post=535"}],"version-history":[{"count":0,"href":"https:\/\/agora.xtec.cat\/escolabacdecerdanya\/wp-json\/wp\/v2\/posts\/535\/revisions"}],"wp:attachment":[{"href":"https:\/\/agora.xtec.cat\/escolabacdecerdanya\/wp-json\/wp\/v2\/media?parent=535"}],"wp:term":[{"taxonomy":"category","embeddable":true,"href":"https:\/\/agora.xtec.cat\/escolabacdecerdanya\/wp-json\/wp\/v2\/categories?post=535"},{"taxonomy":"post_tag","embeddable":true,"href":"https:\/\/agora.xtec.cat\/escolabacdecerdanya\/wp-json\/wp\/v2\/tags?post=535"}],"curies":[{"name":"wp","href":"https:\/\/api.w.org\/{rel}","templated":true}]}}