{"id":5338,"date":"2023-03-14T11:29:18","date_gmt":"2023-03-14T10:29:18","guid":{"rendered":"https:\/\/agora.xtec.cat\/escolabacdecerdanya\/?p=5338"},"modified":"2023-03-14T11:35:49","modified_gmt":"2023-03-14T10:35:49","slug":"presentacio-de-les-obres-de-la-teulada","status":"publish","type":"post","link":"https:\/\/agora.xtec.cat\/escolabacdecerdanya\/general\/presentacio-de-les-obres-de-la-teulada\/","title":{"rendered":"Presentaci\u00f3 de les obres de la teulada."},"content":{"rendered":"<p>Divendres passat, 10 de mar\u00e7, va tenir lloc la presentaci\u00f3 de les actuacions REACT que es duran a terme aquest estiu a la nostra escola i que consistiran en les obres de reforma de tota la teulada del centre.<\/p>\n<p>Van assistir a la reuni\u00f3 per part d&#8217;educaci\u00f3 i infraestructures:<\/p>\n<ul>\n<li>Ramon Jordana, Director dels Serveis Territorials d&#8217;Educaci\u00f3 a l&#8217;Alt Pirineu i l&#8217;Aran,<\/li>\n<li>Jordi\u00a0 Carreras, Cap de la secci\u00f3 d&#8217;obres i manteniment als ST a Girona,<\/li>\n<li>Jordi Grille, arquitecte t\u00e8cnic de la SOM,<\/li>\n<li>Carme Gonz\u00e1lez, de la Divisi\u00f3 d&#8217;Educaci\u00f3 de la Ger\u00e8ncia d&#8217;\u00c0mbit Educatiu d&#8217;Infraestructures.<a href=\"https:\/\/agora.xtec.cat\/escolabacdecerdanya\/wp-content\/uploads\/usu1753\/2023\/03\/REUNIO-TEULADA-3.jpg\"><img loading=\"lazy\" decoding=\"async\" class=\"wp-image-5358 alignright\" src=\"https:\/\/agora.xtec.cat\/escolabacdecerdanya\/wp-content\/uploads\/usu1753\/2023\/03\/REUNIO-TEULADA-3-1024x704.jpg\" alt=\"\" width=\"475\" height=\"327\" srcset=\"https:\/\/agora.xtec.cat\/escolabacdecerdanya\/wp-content\/uploads\/usu1753\/2023\/03\/REUNIO-TEULADA-3-1024x704.jpg 1024w, https:\/\/agora.xtec.cat\/escolabacdecerdanya\/wp-content\/uploads\/usu1753\/2023\/03\/REUNIO-TEULADA-3-300x206.jpg 300w, https:\/\/agora.xtec.cat\/escolabacdecerdanya\/wp-content\/uploads\/usu1753\/2023\/03\/REUNIO-TEULADA-3-768x528.jpg 768w, https:\/\/agora.xtec.cat\/escolabacdecerdanya\/wp-content\/uploads\/usu1753\/2023\/03\/REUNIO-TEULADA-3.jpg 1511w\" sizes=\"auto, (max-width: 475px) 100vw, 475px\" \/><\/a><\/li>\n<li>L&#8217;equip redactor del projecte.<\/li>\n<\/ul>\n<p>Per part de la Comunitat Educativa i la Mancomunitat de Municipis van assistir:<\/p>\n<ul>\n<li>Cristina Franquet, presidenta de l&#8217;AFA,<\/li>\n<li>Imaltzin Dol\u00e7, representant de fam\u00edlies al Consell Escolar,<\/li>\n<li>Carles Adser\u00e0, Alcalde d&#8217;Alp &#8211; La Molina &#8211; Masella i President de la Mancomunitat,<\/li>\n<li>Jordi Solergibert i Maria Tiana, Regidors de l&#8217;Ajuntament d&#8217;Alp,<\/li>\n<li>Ramon Chia, Alcalde de Fontanals de Cerdanya,<\/li>\n<li>Enric Laguarda, Alcalde de Das,<\/li>\n<li>Montserrat Medalla, Alcaldessa d&#8217;Ur\u00fas,<\/li>\n<li>Marc Torrent, arquitecte t\u00e8cnic de l&#8217;Ajuntament d&#8217;Alp,<\/li>\n<li>Assumpta Villar\u00f3, Directora de l&#8217;escola.<\/li>\n<\/ul>\n<p>Aquestes obres son molt importants pel centre ja que suposaran la renovaci\u00f3 total de la teulada millorant considerablement l&#8217;a\u00efllament, la impermeabilitzaci\u00f3 i la seguretat de l&#8217;edifici. Tot aix\u00f2 s&#8217;ha de traduir, tamb\u00e9, en un estalvi energ\u00e8tic molt important.<\/p>\n<p>Moltes gr\u00e0cies a totes les institucions que ho estan fent possible!<\/p>\n<p><a href=\"https:\/\/agora.xtec.cat\/escolabacdecerdanya\/wp-content\/uploads\/usu1753\/2023\/03\/REUNIO-TEULADA-2.jpg\"><img loading=\"lazy\" decoding=\"async\" class=\"alignnone wp-image-5357\" src=\"https:\/\/agora.xtec.cat\/escolabacdecerdanya\/wp-content\/uploads\/usu1753\/2023\/03\/REUNIO-TEULADA-2-1024x669.jpg\" alt=\"\" width=\"495\" height=\"323\" srcset=\"https:\/\/agora.xtec.cat\/escolabacdecerdanya\/wp-content\/uploads\/usu1753\/2023\/03\/REUNIO-TEULADA-2-1024x669.jpg 1024w, https:\/\/agora.xtec.cat\/escolabacdecerdanya\/wp-content\/uploads\/usu1753\/2023\/03\/REUNIO-TEULADA-2-300x196.jpg 300w, https:\/\/agora.xtec.cat\/escolabacdecerdanya\/wp-content\/uploads\/usu1753\/2023\/03\/REUNIO-TEULADA-2-768x502.jpg 768w, https:\/\/agora.xtec.cat\/escolabacdecerdanya\/wp-content\/uploads\/usu1753\/2023\/03\/REUNIO-TEULADA-2-1536x1004.jpg 1536w, https:\/\/agora.xtec.cat\/escolabacdecerdanya\/wp-content\/uploads\/usu1753\/2023\/03\/REUNIO-TEULADA-2.jpg 1599w\" sizes=\"auto, (max-width: 495px) 100vw, 495px\" \/><\/a> <a href=\"https:\/\/agora.xtec.cat\/escolabacdecerdanya\/wp-content\/uploads\/usu1753\/2023\/03\/REUNIO-TEULADA-1.jpg\"><img loading=\"lazy\" decoding=\"async\" class=\"alignnone wp-image-5356\" src=\"https:\/\/agora.xtec.cat\/escolabacdecerdanya\/wp-content\/uploads\/usu1753\/2023\/03\/REUNIO-TEULADA-1-1024x622.jpg\" alt=\"\" width=\"530\" height=\"322\" srcset=\"https:\/\/agora.xtec.cat\/escolabacdecerdanya\/wp-content\/uploads\/usu1753\/2023\/03\/REUNIO-TEULADA-1-1024x622.jpg 1024w, https:\/\/agora.xtec.cat\/escolabacdecerdanya\/wp-content\/uploads\/usu1753\/2023\/03\/REUNIO-TEULADA-1-300x182.jpg 300w, https:\/\/agora.xtec.cat\/escolabacdecerdanya\/wp-content\/uploads\/usu1753\/2023\/03\/REUNIO-TEULADA-1-768x466.jpg 768w, https:\/\/agora.xtec.cat\/escolabacdecerdanya\/wp-content\/uploads\/usu1753\/2023\/03\/REUNIO-TEULADA-1-1536x933.jpg 1536w, https:\/\/agora.xtec.cat\/escolabacdecerdanya\/wp-content\/uploads\/usu1753\/2023\/03\/REUNIO-TEULADA-1.jpg 1599w\" sizes=\"auto, (max-width: 530px) 100vw, 530px\" \/><\/a><\/p>\n","protected":false},"excerpt":{"rendered":"<p>Divendres passat, 10 de mar\u00e7, va tenir lloc la presentaci\u00f3 de les actuacions REACT que es duran a terme aquest estiu a la nostra escola i que consistiran en les obres de reforma de tota la teulada del centre.<br \/>\nVan assistir a la reuni\u00f3 per part&hellip;  <a href=\"https:\/\/agora.xtec.cat\/escolabacdecerdanya\/general\/presentacio-de-les-obres-de-la-teulada\/\" title=\"Read Presentaci\u00f3 de les obres de la teulada.\">Llegeix m\u00e9s\u00bb<\/a><\/p>\n","protected":false},"author":8,"featured_media":5358,"comment_status":"open","ping_status":"closed","sticky":false,"template":"","format":"standard","meta":{"_bbp_topic_count":0,"_bbp_reply_count":0,"_bbp_total_topic_count":0,"_bbp_total_reply_count":0,"_bbp_voice_count":0,"_bbp_anonymous_reply_count":0,"_bbp_topic_count_hidden":0,"_bbp_reply_count_hidden":0,"_bbp_forum_subforum_count":0,"footnotes":""},"categories":[1,61,4],"tags":[],"class_list":["post-5338","post","type-post","status-publish","format-standard","has-post-thumbnail","hentry","category-general","category-novetats","category-portada"],"post_mailing_queue_ids":[],"_links":{"self":[{"href":"https:\/\/agora.xtec.cat\/escolabacdecerdanya\/wp-json\/wp\/v2\/posts\/5338","targetHints":{"allow":["GET"]}}],"collection":[{"href":"https:\/\/agora.xtec.cat\/escolabacdecerdanya\/wp-json\/wp\/v2\/posts"}],"about":[{"href":"https:\/\/agora.xtec.cat\/escolabacdecerdanya\/wp-json\/wp\/v2\/types\/post"}],"author":[{"embeddable":true,"href":"https:\/\/agora.xtec.cat\/escolabacdecerdanya\/wp-json\/wp\/v2\/users\/8"}],"replies":[{"embeddable":true,"href":"https:\/\/agora.xtec.cat\/escolabacdecerdanya\/wp-json\/wp\/v2\/comments?post=5338"}],"version-history":[{"count":3,"href":"https:\/\/agora.xtec.cat\/escolabacdecerdanya\/wp-json\/wp\/v2\/posts\/5338\/revisions"}],"predecessor-version":[{"id":5361,"href":"https:\/\/agora.xtec.cat\/escolabacdecerdanya\/wp-json\/wp\/v2\/posts\/5338\/revisions\/5361"}],"wp:featuredmedia":[{"embeddable":true,"href":"https:\/\/agora.xtec.cat\/escolabacdecerdanya\/wp-json\/wp\/v2\/media\/5358"}],"wp:attachment":[{"href":"https:\/\/agora.xtec.cat\/escolabacdecerdanya\/wp-json\/wp\/v2\/media?parent=5338"}],"wp:term":[{"taxonomy":"category","embeddable":true,"href":"https:\/\/agora.xtec.cat\/escolabacdecerdanya\/wp-json\/wp\/v2\/categories?post=5338"},{"taxonomy":"post_tag","embeddable":true,"href":"https:\/\/agora.xtec.cat\/escolabacdecerdanya\/wp-json\/wp\/v2\/tags?post=5338"}],"curies":[{"name":"wp","href":"https:\/\/api.w.org\/{rel}","templated":true}]}}