{"id":5329,"date":"2023-03-08T17:18:38","date_gmt":"2023-03-08T16:18:38","guid":{"rendered":"https:\/\/agora.xtec.cat\/escolabacdecerdanya\/?p=5329"},"modified":"2023-03-08T17:18:38","modified_gmt":"2023-03-08T16:18:38","slug":"hem-comencat-el-projecte-sobre-gaudi","status":"publish","type":"post","link":"https:\/\/agora.xtec.cat\/escolabacdecerdanya\/general\/hem-comencat-el-projecte-sobre-gaudi\/","title":{"rendered":"Hem comen\u00e7at el projecte sobre Gaudi."},"content":{"rendered":"<p>El passat divendres els nens i nenes de cicle inicial vam comen\u00e7ar els tallers de pl\u00e0stica sobre Antoni Gaudi.<\/p>\n<p>Treballarem diferents aspectes de la seva obra: trencad\u00eds, ferro forjat, vitralls, inspiraci\u00f3 de la natura per crear els diferents edificis,&#8230;<\/p>\n<p><a href=\"https:\/\/agora.xtec.cat\/escolabacdecerdanya\/wp-content\/uploads\/usu1753\/2023\/03\/IMG-20230308-WA0015.jpg\"><img loading=\"lazy\" decoding=\"async\" class=\"alignnone size-full wp-image-5330\" src=\"https:\/\/agora.xtec.cat\/escolabacdecerdanya\/wp-content\/uploads\/usu1753\/2023\/03\/IMG-20230308-WA0015.jpg\" alt=\"\" width=\"856\" height=\"649\" srcset=\"https:\/\/agora.xtec.cat\/escolabacdecerdanya\/wp-content\/uploads\/usu1753\/2023\/03\/IMG-20230308-WA0015.jpg 856w, https:\/\/agora.xtec.cat\/escolabacdecerdanya\/wp-content\/uploads\/usu1753\/2023\/03\/IMG-20230308-WA0015-300x227.jpg 300w, https:\/\/agora.xtec.cat\/escolabacdecerdanya\/wp-content\/uploads\/usu1753\/2023\/03\/IMG-20230308-WA0015-768x582.jpg 768w\" sizes=\"auto, (max-width: 856px) 100vw, 856px\" \/><\/a> <a href=\"https:\/\/agora.xtec.cat\/escolabacdecerdanya\/wp-content\/uploads\/usu1753\/2023\/03\/IMG-20230308-WA0016.jpg\"><img loading=\"lazy\" decoding=\"async\" class=\"alignnone size-large wp-image-5331\" src=\"https:\/\/agora.xtec.cat\/escolabacdecerdanya\/wp-content\/uploads\/usu1753\/2023\/03\/IMG-20230308-WA0016-1024x782.jpg\" alt=\"\" width=\"1024\" height=\"782\" srcset=\"https:\/\/agora.xtec.cat\/escolabacdecerdanya\/wp-content\/uploads\/usu1753\/2023\/03\/IMG-20230308-WA0016-1024x782.jpg 1024w, https:\/\/agora.xtec.cat\/escolabacdecerdanya\/wp-content\/uploads\/usu1753\/2023\/03\/IMG-20230308-WA0016-300x229.jpg 300w, https:\/\/agora.xtec.cat\/escolabacdecerdanya\/wp-content\/uploads\/usu1753\/2023\/03\/IMG-20230308-WA0016-768x586.jpg 768w, https:\/\/agora.xtec.cat\/escolabacdecerdanya\/wp-content\/uploads\/usu1753\/2023\/03\/IMG-20230308-WA0016.jpg 1200w\" sizes=\"auto, (max-width: 1024px) 100vw, 1024px\" \/><\/a><\/p>\n","protected":false},"excerpt":{"rendered":"<p>El passat divendres els nens i nenes de cicle inicial vam comen\u00e7ar els tallers de pl\u00e0stica sobre Antoni Gaudi.<br \/>\nTreballarem diferents aspectes de la seva obra: trencad\u00eds, ferro forjat, vitralls, inspiraci\u00f3 de la natura per crear els diferents edificis,&#8230;<br \/>\n<a href=\"https:\/\/agora.xtec.cat\/escolabacdecerdanya\/wp-content\/uploads\/usu1753\/2023\/03\/IMG-20230308-WA0015.jpg\"><\/a> <a href=\"https:\/\/agora.xtec.cat\/escolabacdecerdanya\/wp-content\/uploads\/usu1753\/2023\/03\/IMG-20230308-WA0016.jpg\"><\/a><\/p>\n","protected":false},"author":55,"featured_media":5331,"comment_status":"open","ping_status":"closed","sticky":false,"template":"","format":"standard","meta":{"_bbp_topic_count":0,"_bbp_reply_count":0,"_bbp_total_topic_count":0,"_bbp_total_reply_count":0,"_bbp_voice_count":0,"_bbp_anonymous_reply_count":0,"_bbp_topic_count_hidden":0,"_bbp_reply_count_hidden":0,"_bbp_forum_subforum_count":0,"footnotes":""},"categories":[104,240,1,61,4],"tags":[],"class_list":["post-5329","post","type-post","status-publish","format-standard","has-post-thumbnail","hentry","category-inicial","category-cicle-inicial","category-general","category-novetats","category-portada"],"post_mailing_queue_ids":[],"_links":{"self":[{"href":"https:\/\/agora.xtec.cat\/escolabacdecerdanya\/wp-json\/wp\/v2\/posts\/5329","targetHints":{"allow":["GET"]}}],"collection":[{"href":"https:\/\/agora.xtec.cat\/escolabacdecerdanya\/wp-json\/wp\/v2\/posts"}],"about":[{"href":"https:\/\/agora.xtec.cat\/escolabacdecerdanya\/wp-json\/wp\/v2\/types\/post"}],"author":[{"embeddable":true,"href":"https:\/\/agora.xtec.cat\/escolabacdecerdanya\/wp-json\/wp\/v2\/users\/55"}],"replies":[{"embeddable":true,"href":"https:\/\/agora.xtec.cat\/escolabacdecerdanya\/wp-json\/wp\/v2\/comments?post=5329"}],"version-history":[{"count":1,"href":"https:\/\/agora.xtec.cat\/escolabacdecerdanya\/wp-json\/wp\/v2\/posts\/5329\/revisions"}],"predecessor-version":[{"id":5332,"href":"https:\/\/agora.xtec.cat\/escolabacdecerdanya\/wp-json\/wp\/v2\/posts\/5329\/revisions\/5332"}],"wp:featuredmedia":[{"embeddable":true,"href":"https:\/\/agora.xtec.cat\/escolabacdecerdanya\/wp-json\/wp\/v2\/media\/5331"}],"wp:attachment":[{"href":"https:\/\/agora.xtec.cat\/escolabacdecerdanya\/wp-json\/wp\/v2\/media?parent=5329"}],"wp:term":[{"taxonomy":"category","embeddable":true,"href":"https:\/\/agora.xtec.cat\/escolabacdecerdanya\/wp-json\/wp\/v2\/categories?post=5329"},{"taxonomy":"post_tag","embeddable":true,"href":"https:\/\/agora.xtec.cat\/escolabacdecerdanya\/wp-json\/wp\/v2\/tags?post=5329"}],"curies":[{"name":"wp","href":"https:\/\/api.w.org\/{rel}","templated":true}]}}