{"id":5317,"date":"2023-03-06T18:52:18","date_gmt":"2023-03-06T17:52:18","guid":{"rendered":"https:\/\/agora.xtec.cat\/escolabacdecerdanya\/?p=5317"},"modified":"2023-03-15T21:40:07","modified_gmt":"2023-03-15T20:40:07","slug":"programa-esport-blanc-escolarebe","status":"publish","type":"post","link":"https:\/\/agora.xtec.cat\/escolabacdecerdanya\/general\/programa-esport-blanc-escolarebe\/","title":{"rendered":"PROGRAMA ESPORT BLANC ESCOLAR(EBE)"},"content":{"rendered":"<p>L&#8217; alumnat de Cicle Mitj\u00e0 ha participat durant 6 divendres al mat\u00ed del Programa Esport Blanc Escolar.\u00a0 Alguns alumnes van aprendre noves modalitats d&#8217;esports de neu, uns altres van perfeccionar la seva modalitat preferida i tots van gaudir d&#8217;uns matins d&#8217;esport i contacte amb la natura. A l&#8217;estaci\u00f3 de La Molina, vam practicar les modalitats d&#8217;Snowboard i Esqu\u00ed Alp\u00ed, i a l&#8217;estaci\u00f3 de Guils Fontanera vam practicar l&#8217; Esqu\u00ed de Fons.<a href=\"https:\/\/agora.xtec.cat\/escolabacdecerdanya\/wp-content\/uploads\/usu1753\/2023\/03\/snowboard.jpg\"><img loading=\"lazy\" decoding=\"async\" class=\"wp-image-5320 size-full alignleft\" src=\"https:\/\/agora.xtec.cat\/escolabacdecerdanya\/wp-content\/uploads\/usu1753\/2023\/03\/snowboard.jpg\" alt=\"Preparant el material de Surf de neu\" width=\"591\" height=\"443\" srcset=\"https:\/\/agora.xtec.cat\/escolabacdecerdanya\/wp-content\/uploads\/usu1753\/2023\/03\/snowboard.jpg 591w, https:\/\/agora.xtec.cat\/escolabacdecerdanya\/wp-content\/uploads\/usu1753\/2023\/03\/snowboard-300x225.jpg 300w, https:\/\/agora.xtec.cat\/escolabacdecerdanya\/wp-content\/uploads\/usu1753\/2023\/03\/snowboard-200x150.jpg 200w\" sizes=\"auto, (max-width: 591px) 100vw, 591px\" \/><\/a><\/p>\n<p><a href=\"https:\/\/agora.xtec.cat\/escolabacdecerdanya\/wp-content\/uploads\/usu1753\/2023\/03\/fons.jpg\"><img loading=\"lazy\" decoding=\"async\" class=\"alignnone size-full wp-image-5322\" src=\"https:\/\/agora.xtec.cat\/escolabacdecerdanya\/wp-content\/uploads\/usu1753\/2023\/03\/fons.jpg\" alt=\"\" width=\"682\" height=\"384\" srcset=\"https:\/\/agora.xtec.cat\/escolabacdecerdanya\/wp-content\/uploads\/usu1753\/2023\/03\/fons.jpg 682w, https:\/\/agora.xtec.cat\/escolabacdecerdanya\/wp-content\/uploads\/usu1753\/2023\/03\/fons-300x169.jpg 300w\" sizes=\"auto, (max-width: 682px) 100vw, 682px\" \/><\/a><\/p>\n<p><a href=\"https:\/\/agora.xtec.cat\/escolabacdecerdanya\/wp-content\/uploads\/usu1753\/2023\/03\/alpi.jpg\"><img loading=\"lazy\" decoding=\"async\" class=\"alignnone wp-image-5321\" src=\"https:\/\/agora.xtec.cat\/escolabacdecerdanya\/wp-content\/uploads\/usu1753\/2023\/03\/alpi.jpg\" alt=\"\" width=\"636\" height=\"358\" srcset=\"https:\/\/agora.xtec.cat\/escolabacdecerdanya\/wp-content\/uploads\/usu1753\/2023\/03\/alpi.jpg 682w, https:\/\/agora.xtec.cat\/escolabacdecerdanya\/wp-content\/uploads\/usu1753\/2023\/03\/alpi-300x169.jpg 300w\" sizes=\"auto, (max-width: 636px) 100vw, 636px\" \/><\/a><\/p>\n","protected":false},"excerpt":{"rendered":"<p>L&#8217; alumnat de Cicle Mitj\u00e0 ha participat durant 6 divendres al mat\u00ed del Programa Esport Blanc Escolar.\u00a0 Alguns alumnes van aprendre noves modalitats d&#8217;esports de neu, uns altres van perfeccionar la seva modalitat preferida i tots van gaudir d&#8217;uns matins d&#8217;esport i contacte amb la&hellip;  <a href=\"https:\/\/agora.xtec.cat\/escolabacdecerdanya\/general\/programa-esport-blanc-escolarebe\/\" title=\"Read PROGRAMA ESPORT BLANC ESCOLAR(EBE)\">Llegeix m\u00e9s\u00bb<\/a><\/p>\n","protected":false},"author":20,"featured_media":5320,"comment_status":"open","ping_status":"closed","sticky":false,"template":"","format":"standard","meta":{"_bbp_topic_count":0,"_bbp_reply_count":0,"_bbp_total_topic_count":0,"_bbp_total_reply_count":0,"_bbp_voice_count":0,"_bbp_anonymous_reply_count":0,"_bbp_topic_count_hidden":0,"_bbp_reply_count_hidden":0,"_bbp_forum_subforum_count":0,"footnotes":""},"categories":[68,242,1,4],"tags":[],"class_list":["post-5317","post","type-post","status-publish","format-standard","has-post-thumbnail","hentry","category-esqui","category-ft-cicle-mitja","category-general","category-portada"],"post_mailing_queue_ids":[],"_links":{"self":[{"href":"https:\/\/agora.xtec.cat\/escolabacdecerdanya\/wp-json\/wp\/v2\/posts\/5317","targetHints":{"allow":["GET"]}}],"collection":[{"href":"https:\/\/agora.xtec.cat\/escolabacdecerdanya\/wp-json\/wp\/v2\/posts"}],"about":[{"href":"https:\/\/agora.xtec.cat\/escolabacdecerdanya\/wp-json\/wp\/v2\/types\/post"}],"author":[{"embeddable":true,"href":"https:\/\/agora.xtec.cat\/escolabacdecerdanya\/wp-json\/wp\/v2\/users\/20"}],"replies":[{"embeddable":true,"href":"https:\/\/agora.xtec.cat\/escolabacdecerdanya\/wp-json\/wp\/v2\/comments?post=5317"}],"version-history":[{"count":3,"href":"https:\/\/agora.xtec.cat\/escolabacdecerdanya\/wp-json\/wp\/v2\/posts\/5317\/revisions"}],"predecessor-version":[{"id":5326,"href":"https:\/\/agora.xtec.cat\/escolabacdecerdanya\/wp-json\/wp\/v2\/posts\/5317\/revisions\/5326"}],"wp:featuredmedia":[{"embeddable":true,"href":"https:\/\/agora.xtec.cat\/escolabacdecerdanya\/wp-json\/wp\/v2\/media\/5320"}],"wp:attachment":[{"href":"https:\/\/agora.xtec.cat\/escolabacdecerdanya\/wp-json\/wp\/v2\/media?parent=5317"}],"wp:term":[{"taxonomy":"category","embeddable":true,"href":"https:\/\/agora.xtec.cat\/escolabacdecerdanya\/wp-json\/wp\/v2\/categories?post=5317"},{"taxonomy":"post_tag","embeddable":true,"href":"https:\/\/agora.xtec.cat\/escolabacdecerdanya\/wp-json\/wp\/v2\/tags?post=5317"}],"curies":[{"name":"wp","href":"https:\/\/api.w.org\/{rel}","templated":true}]}}