{"id":531,"date":"2016-06-22T09:33:00","date_gmt":"2016-06-22T07:33:00","guid":{"rendered":"http:\/\/agora.xtec.cat\/escolabacdecerdanya\/general\/acomiadament-dels-alumnes-de-6e\/"},"modified":"2016-06-22T09:33:00","modified_gmt":"2016-06-22T07:33:00","slug":"acomiadament-dels-alumnes-de-6e","status":"publish","type":"post","link":"https:\/\/agora.xtec.cat\/escolabacdecerdanya\/general\/acomiadament-dels-alumnes-de-6e\/","title":{"rendered":"ACOMIADAMENT DELS ALUMNES DE 6\u00e8"},"content":{"rendered":"<p><span style=\"font-family: Trebuchet MS, sans-serif;\">Despr\u00e9s de 9 anys amb nosaltres, els alumnes de sis\u00e8 ens deixen un missatge.<\/span><br \/><span style=\"font-family: Trebuchet MS, sans-serif;\"><b><span style=\"color: yellow;\">Gr\u00e0cies<\/span><\/b> i que sigueu molt feli\u00e7os! \ud83d\ude42<\/span><br \/><span style=\"font-family: Trebuchet MS, sans-serif;\"><br \/><\/span><\/p>\n<div style=\"clear: both; text-align: center;\"><object id=\"BLOG_video-351cd763e0078b41\" content width=\"320\" height=\"266\"><\/object><\/div>\n","protected":false},"excerpt":{"rendered":"<p>Despr\u00e9s de 9 anys amb nosaltres, els alumnes de sis\u00e8 ens deixen un missatge.Gr\u00e0cies i que sigueu molt feli\u00e7os! \ud83d\ude42<\/p>\n","protected":false},"author":1,"featured_media":0,"comment_status":"open","ping_status":"closed","sticky":false,"template":"","format":"standard","meta":{"_bbp_topic_count":0,"_bbp_reply_count":0,"_bbp_total_topic_count":0,"_bbp_total_reply_count":0,"_bbp_voice_count":0,"_bbp_anonymous_reply_count":0,"_bbp_topic_count_hidden":0,"_bbp_reply_count_hidden":0,"_bbp_forum_subforum_count":0,"footnotes":""},"categories":[1],"tags":[],"class_list":["post-531","post","type-post","status-publish","format-standard","hentry","category-general"],"post_mailing_queue_ids":[],"_links":{"self":[{"href":"https:\/\/agora.xtec.cat\/escolabacdecerdanya\/wp-json\/wp\/v2\/posts\/531","targetHints":{"allow":["GET"]}}],"collection":[{"href":"https:\/\/agora.xtec.cat\/escolabacdecerdanya\/wp-json\/wp\/v2\/posts"}],"about":[{"href":"https:\/\/agora.xtec.cat\/escolabacdecerdanya\/wp-json\/wp\/v2\/types\/post"}],"author":[{"embeddable":true,"href":"https:\/\/agora.xtec.cat\/escolabacdecerdanya\/wp-json\/wp\/v2\/users\/1"}],"replies":[{"embeddable":true,"href":"https:\/\/agora.xtec.cat\/escolabacdecerdanya\/wp-json\/wp\/v2\/comments?post=531"}],"version-history":[{"count":0,"href":"https:\/\/agora.xtec.cat\/escolabacdecerdanya\/wp-json\/wp\/v2\/posts\/531\/revisions"}],"wp:attachment":[{"href":"https:\/\/agora.xtec.cat\/escolabacdecerdanya\/wp-json\/wp\/v2\/media?parent=531"}],"wp:term":[{"taxonomy":"category","embeddable":true,"href":"https:\/\/agora.xtec.cat\/escolabacdecerdanya\/wp-json\/wp\/v2\/categories?post=531"},{"taxonomy":"post_tag","embeddable":true,"href":"https:\/\/agora.xtec.cat\/escolabacdecerdanya\/wp-json\/wp\/v2\/tags?post=531"}],"curies":[{"name":"wp","href":"https:\/\/api.w.org\/{rel}","templated":true}]}}