{"id":526,"date":"2016-10-05T12:56:00","date_gmt":"2016-10-05T10:56:00","guid":{"rendered":"http:\/\/agora.xtec.cat\/escolabacdecerdanya\/general\/i-pel-mati-permanencies\/"},"modified":"2016-10-05T12:56:00","modified_gmt":"2016-10-05T10:56:00","slug":"i-pel-mati-permanencies","status":"publish","type":"post","link":"https:\/\/agora.xtec.cat\/escolabacdecerdanya\/novetats\/i-pel-mati-permanencies\/","title":{"rendered":"I PEL MAT\u00cd&#8230;PERMAN\u00c8NCIES"},"content":{"rendered":"<p><span style=\"font-family: Verdana, sans-serif;\">Aquest any, com ja us vam explicar, est\u00e0 ple de novetats, i una d&#8217;elles s\u00f3n <b><span style=\"color: #b45f06;\">les perman\u00e8ncies del mat\u00ed<\/span><\/b>.<\/span><br \/><span style=\"font-family: Verdana, sans-serif;\"><br \/><\/span><span style=\"font-family: Verdana, sans-serif;\">Cada dia, <i><b>de 8,15h a 9,15h<\/b><\/i>, dues mestres del claustre faran les perman\u00e8ncies per si hi ha alguns pares que tinguin problemes per portar els fills a l&#8217;hora d&#8217;inici del cole i necessitin portar-los abans. Si necessiteu d&#8217;aquest servei, nom\u00e9s cal que <b>us acosteu al despatx a parlar amb la directora<\/b>.<\/span><br \/><span style=\"font-family: Verdana, sans-serif;\"><br \/><\/span><span style=\"font-family: Verdana, sans-serif;\">Durant aquesta hora els nens i nenes que hi assisteixen aprofiten per jugar, llegir, parlar,&#8230;i esmorzar.<\/span><br \/><span style=\"font-family: Verdana, sans-serif;\"><br \/><\/span><\/p>\n<div style=\"clear: both; text-align: center;\"><a href=\"https:\/\/1.bp.blogspot.com\/-oNJm4Nkrl5s\/V_TcSeyqzjI\/AAAAAAAAIrw\/Ptk46bib2nkxCmeFnNYE5HY1A2eHYSpBQCLcB\/s1600\/permanencies.JPG\" style=\"margin-left: 1em; margin-right: 1em;\"><img loading=\"lazy\" decoding=\"async\" border=\"0\" height=\"240\" src=\"https:\/\/1.bp.blogspot.com\/-oNJm4Nkrl5s\/V_TcSeyqzjI\/AAAAAAAAIrw\/Ptk46bib2nkxCmeFnNYE5HY1A2eHYSpBQCLcB\/s320\/permanencies.JPG\" width=\"320\" \/><\/a><\/div>\n<p><span style=\"font-family: Verdana, sans-serif;\"><br \/><\/span><\/p>\n","protected":false},"excerpt":{"rendered":"<p>Aquest any, com ja us vam explicar, est\u00e0 ple de novetats, i una d&#8217;elles s\u00f3n les perman\u00e8ncies del mat\u00ed.Cada dia, de 8,15h a 9,15h, dues mestres del claustre faran les perman\u00e8ncies per si hi ha alguns pares que tinguin problemes per portar els fills a&hellip;  <a href=\"https:\/\/agora.xtec.cat\/escolabacdecerdanya\/novetats\/i-pel-mati-permanencies\/\" title=\"Read I PEL MAT\u00cd&#8230;PERMAN\u00c8NCIES\">Llegeix m\u00e9s\u00bb<\/a><\/p>\n","protected":false},"author":1,"featured_media":0,"comment_status":"open","ping_status":"closed","sticky":false,"template":"","format":"standard","meta":{"_bbp_topic_count":0,"_bbp_reply_count":0,"_bbp_total_topic_count":0,"_bbp_total_reply_count":0,"_bbp_voice_count":0,"_bbp_anonymous_reply_count":0,"_bbp_topic_count_hidden":0,"_bbp_reply_count_hidden":0,"_bbp_forum_subforum_count":0,"footnotes":""},"categories":[61],"tags":[],"class_list":["post-526","post","type-post","status-publish","format-standard","hentry","category-novetats"],"post_mailing_queue_ids":[],"_links":{"self":[{"href":"https:\/\/agora.xtec.cat\/escolabacdecerdanya\/wp-json\/wp\/v2\/posts\/526","targetHints":{"allow":["GET"]}}],"collection":[{"href":"https:\/\/agora.xtec.cat\/escolabacdecerdanya\/wp-json\/wp\/v2\/posts"}],"about":[{"href":"https:\/\/agora.xtec.cat\/escolabacdecerdanya\/wp-json\/wp\/v2\/types\/post"}],"author":[{"embeddable":true,"href":"https:\/\/agora.xtec.cat\/escolabacdecerdanya\/wp-json\/wp\/v2\/users\/1"}],"replies":[{"embeddable":true,"href":"https:\/\/agora.xtec.cat\/escolabacdecerdanya\/wp-json\/wp\/v2\/comments?post=526"}],"version-history":[{"count":0,"href":"https:\/\/agora.xtec.cat\/escolabacdecerdanya\/wp-json\/wp\/v2\/posts\/526\/revisions"}],"wp:attachment":[{"href":"https:\/\/agora.xtec.cat\/escolabacdecerdanya\/wp-json\/wp\/v2\/media?parent=526"}],"wp:term":[{"taxonomy":"category","embeddable":true,"href":"https:\/\/agora.xtec.cat\/escolabacdecerdanya\/wp-json\/wp\/v2\/categories?post=526"},{"taxonomy":"post_tag","embeddable":true,"href":"https:\/\/agora.xtec.cat\/escolabacdecerdanya\/wp-json\/wp\/v2\/tags?post=526"}],"curies":[{"name":"wp","href":"https:\/\/api.w.org\/{rel}","templated":true}]}}