{"id":5247,"date":"2023-02-25T06:57:44","date_gmt":"2023-02-25T05:57:44","guid":{"rendered":"https:\/\/agora.xtec.cat\/escolabacdecerdanya\/?p=5247"},"modified":"2023-02-28T09:48:05","modified_gmt":"2023-02-28T08:48:05","slug":"les-matieres-scolaires-3r","status":"publish","type":"post","link":"https:\/\/agora.xtec.cat\/escolabacdecerdanya\/portada\/les-matieres-scolaires-3r\/","title":{"rendered":"LES MATI\u00c8RES SCOLAIRES (3R)"},"content":{"rendered":"<p>On a travaill\u00e9 l&#8217;expression \u00e9crite et l&#8217;expression orale dans la classe de fran\u00e7ais. On a partie des mati\u00e8res scolaires pour parler de nos go\u00fbts: &#8220;J&#8217;aime les maths&#8221; o\u00f9 &#8220;Je d\u00e9teste la lecture&#8221;. On s&#8217;amuse bien!<\/p>\n<p><a href=\"https:\/\/agora.xtec.cat\/escolabacdecerdanya\/albums-de-fotos\/cicle-mitja\/\"><img loading=\"lazy\" decoding=\"async\" class=\"aligncenter wp-image-5248 \" src=\"https:\/\/agora.xtec.cat\/escolabacdecerdanya\/wp-content\/uploads\/usu1753\/2023\/02\/20230214_125835-1-1024x768.jpg\" alt=\"\" width=\"466\" height=\"350\" srcset=\"https:\/\/agora.xtec.cat\/escolabacdecerdanya\/wp-content\/uploads\/usu1753\/2023\/02\/20230214_125835-1-1024x768.jpg 1024w, https:\/\/agora.xtec.cat\/escolabacdecerdanya\/wp-content\/uploads\/usu1753\/2023\/02\/20230214_125835-1-300x225.jpg 300w, https:\/\/agora.xtec.cat\/escolabacdecerdanya\/wp-content\/uploads\/usu1753\/2023\/02\/20230214_125835-1-768x576.jpg 768w, https:\/\/agora.xtec.cat\/escolabacdecerdanya\/wp-content\/uploads\/usu1753\/2023\/02\/20230214_125835-1-1536x1152.jpg 1536w, https:\/\/agora.xtec.cat\/escolabacdecerdanya\/wp-content\/uploads\/usu1753\/2023\/02\/20230214_125835-1-2048x1536.jpg 2048w, https:\/\/agora.xtec.cat\/escolabacdecerdanya\/wp-content\/uploads\/usu1753\/2023\/02\/20230214_125835-1-200x150.jpg 200w\" sizes=\"auto, (max-width: 466px) 100vw, 466px\" \/><\/a><\/p>\n","protected":false},"excerpt":{"rendered":"<p>On a travaill\u00e9 l&#8217;expression \u00e9crite et l&#8217;expression orale dans la classe de fran\u00e7ais. On a partie des mati\u00e8res scolaires pour parler de nos go\u00fbts: &#8220;J&#8217;aime les maths&#8221; o\u00f9 &#8220;Je d\u00e9teste la lecture&#8221;. On s&#8217;amuse bien!<br \/>\n<a href=\"https:\/\/agora.xtec.cat\/escolabacdecerdanya\/albums-de-fotos\/cicle-mitja\/\"><\/a><\/p>\n","protected":false},"author":6,"featured_media":5248,"comment_status":"open","ping_status":"closed","sticky":false,"template":"","format":"standard","meta":{"_bbp_topic_count":0,"_bbp_reply_count":0,"_bbp_total_topic_count":0,"_bbp_total_reply_count":0,"_bbp_voice_count":0,"_bbp_anonymous_reply_count":0,"_bbp_topic_count_hidden":0,"_bbp_reply_count_hidden":0,"_bbp_forum_subforum_count":0,"footnotes":""},"categories":[61,4],"tags":[],"class_list":["post-5247","post","type-post","status-publish","format-standard","has-post-thumbnail","hentry","category-novetats","category-portada"],"post_mailing_queue_ids":[],"_links":{"self":[{"href":"https:\/\/agora.xtec.cat\/escolabacdecerdanya\/wp-json\/wp\/v2\/posts\/5247","targetHints":{"allow":["GET"]}}],"collection":[{"href":"https:\/\/agora.xtec.cat\/escolabacdecerdanya\/wp-json\/wp\/v2\/posts"}],"about":[{"href":"https:\/\/agora.xtec.cat\/escolabacdecerdanya\/wp-json\/wp\/v2\/types\/post"}],"author":[{"embeddable":true,"href":"https:\/\/agora.xtec.cat\/escolabacdecerdanya\/wp-json\/wp\/v2\/users\/6"}],"replies":[{"embeddable":true,"href":"https:\/\/agora.xtec.cat\/escolabacdecerdanya\/wp-json\/wp\/v2\/comments?post=5247"}],"version-history":[{"count":4,"href":"https:\/\/agora.xtec.cat\/escolabacdecerdanya\/wp-json\/wp\/v2\/posts\/5247\/revisions"}],"predecessor-version":[{"id":5253,"href":"https:\/\/agora.xtec.cat\/escolabacdecerdanya\/wp-json\/wp\/v2\/posts\/5247\/revisions\/5253"}],"wp:featuredmedia":[{"embeddable":true,"href":"https:\/\/agora.xtec.cat\/escolabacdecerdanya\/wp-json\/wp\/v2\/media\/5248"}],"wp:attachment":[{"href":"https:\/\/agora.xtec.cat\/escolabacdecerdanya\/wp-json\/wp\/v2\/media?parent=5247"}],"wp:term":[{"taxonomy":"category","embeddable":true,"href":"https:\/\/agora.xtec.cat\/escolabacdecerdanya\/wp-json\/wp\/v2\/categories?post=5247"},{"taxonomy":"post_tag","embeddable":true,"href":"https:\/\/agora.xtec.cat\/escolabacdecerdanya\/wp-json\/wp\/v2\/tags?post=5247"}],"curies":[{"name":"wp","href":"https:\/\/api.w.org\/{rel}","templated":true}]}}