{"id":523,"date":"2016-10-24T15:35:00","date_gmt":"2016-10-24T13:35:00","guid":{"rendered":"http:\/\/agora.xtec.cat\/escolabacdecerdanya\/general\/fira-de-la-prehistoria-de-5e-2\/"},"modified":"2016-10-24T15:35:00","modified_gmt":"2016-10-24T13:35:00","slug":"fira-de-la-prehistoria-de-5e-2","status":"publish","type":"post","link":"https:\/\/agora.xtec.cat\/escolabacdecerdanya\/general\/fira-de-la-prehistoria-de-5e-2\/","title":{"rendered":"FIRA DE LA PREHIST\u00d2RIA DE 5\u00e8"},"content":{"rendered":"<p><span style=\"font-family: &quot;verdana&quot; , sans-serif;\">Aquest any, a la classe de 5\u00e8, estem aplicant la metodologia de l&#8217;Aprenentatge per Tasques.<\/span><br \/><span style=\"font-family: &quot;verdana&quot; , sans-serif;\"><br \/><\/span><span style=\"font-family: &quot;verdana&quot; , sans-serif;\">Com a objectiu final del primer projecte del curs, els i les alumnes de 5\u00e8 hem muntat <span style=\"color: #38761d;\"><b>una fira per explicar tot all\u00f2 que hem descobert sobre la prehist\u00f2ria<\/b><\/span>.<\/span><br \/><span style=\"font-family: &quot;verdana&quot; , sans-serif;\"><br \/><\/span><\/p>\n<div style=\"text-align: center;\"><span style=\"font-family: &quot;verdana&quot; , sans-serif; font-size: large;\">Esteu tots convidats!!<\/span><\/div>\n<div style=\"clear: both; text-align: center;\"><a href=\"https:\/\/3.bp.blogspot.com\/-izX5qQWleKQ\/WA4OEmFzcgI\/AAAAAAAAIvA\/C1C_29w7bls9m9gr9F0CNMaPXcNNeTY8ACLcB\/s1600\/Fira%2Bprehistoria%2B5e.jpg\" style=\"margin-left: 1em; margin-right: 1em;\"><img loading=\"lazy\" decoding=\"async\" border=\"0\" height=\"320\" src=\"https:\/\/3.bp.blogspot.com\/-izX5qQWleKQ\/WA4OEmFzcgI\/AAAAAAAAIvA\/C1C_29w7bls9m9gr9F0CNMaPXcNNeTY8ACLcB\/s320\/Fira%2Bprehistoria%2B5e.jpg\" width=\"224\" \/><\/a><\/div>\n<div style=\"text-align: center;\">\n<div style=\"text-align: justify;\"><span style=\"font-family: &quot;verdana&quot; , sans-serif;\"><br \/><\/span><span style=\"font-family: &quot;verdana&quot; , sans-serif;\">Finalment, us mostrem el v\u00eddeo de presentaci\u00f3!<\/span><\/div>\n<div style=\"text-align: justify;\"><span style=\"font-family: &quot;verdana&quot; , sans-serif;\"><br \/><\/span><\/div>\n<div style=\"clear: both; text-align: center;\"><object contentid=\"870e89c5d6228af0\" height=\"266\" width=\"320\"><\/object><\/div>\n<\/div>\n","protected":false},"excerpt":{"rendered":"<p>Aquest any, a la classe de 5\u00e8, estem aplicant la metodologia de l&#8217;Aprenentatge per Tasques.Com a objectiu final del primer projecte del curs, els i les alumnes de 5\u00e8 hem muntat una fira per explicar tot all\u00f2 que hem descobert sobre la prehist\u00f2ria.<br \/>\nEsteu tots convidats!!<br \/>\n<a&hellip;  <a href=\"https:\/\/agora.xtec.cat\/escolabacdecerdanya\/general\/fira-de-la-prehistoria-de-5e-2\/\" title=\"Read FIRA DE LA PREHIST\u00d2RIA DE 5\u00e8\">Llegeix m\u00e9s\u00bb<\/a><\/p>\n","protected":false},"author":1,"featured_media":0,"comment_status":"open","ping_status":"closed","sticky":false,"template":"","format":"standard","meta":{"_bbp_topic_count":0,"_bbp_reply_count":0,"_bbp_total_topic_count":0,"_bbp_total_reply_count":0,"_bbp_voice_count":0,"_bbp_anonymous_reply_count":0,"_bbp_topic_count_hidden":0,"_bbp_reply_count_hidden":0,"_bbp_forum_subforum_count":0,"footnotes":""},"categories":[1],"tags":[],"class_list":["post-523","post","type-post","status-publish","format-standard","hentry","category-general"],"post_mailing_queue_ids":[],"_links":{"self":[{"href":"https:\/\/agora.xtec.cat\/escolabacdecerdanya\/wp-json\/wp\/v2\/posts\/523","targetHints":{"allow":["GET"]}}],"collection":[{"href":"https:\/\/agora.xtec.cat\/escolabacdecerdanya\/wp-json\/wp\/v2\/posts"}],"about":[{"href":"https:\/\/agora.xtec.cat\/escolabacdecerdanya\/wp-json\/wp\/v2\/types\/post"}],"author":[{"embeddable":true,"href":"https:\/\/agora.xtec.cat\/escolabacdecerdanya\/wp-json\/wp\/v2\/users\/1"}],"replies":[{"embeddable":true,"href":"https:\/\/agora.xtec.cat\/escolabacdecerdanya\/wp-json\/wp\/v2\/comments?post=523"}],"version-history":[{"count":0,"href":"https:\/\/agora.xtec.cat\/escolabacdecerdanya\/wp-json\/wp\/v2\/posts\/523\/revisions"}],"wp:attachment":[{"href":"https:\/\/agora.xtec.cat\/escolabacdecerdanya\/wp-json\/wp\/v2\/media?parent=523"}],"wp:term":[{"taxonomy":"category","embeddable":true,"href":"https:\/\/agora.xtec.cat\/escolabacdecerdanya\/wp-json\/wp\/v2\/categories?post=523"},{"taxonomy":"post_tag","embeddable":true,"href":"https:\/\/agora.xtec.cat\/escolabacdecerdanya\/wp-json\/wp\/v2\/tags?post=523"}],"curies":[{"name":"wp","href":"https:\/\/api.w.org\/{rel}","templated":true}]}}