{"id":522,"date":"2016-11-03T11:33:00","date_gmt":"2016-11-03T10:33:00","guid":{"rendered":"http:\/\/agora.xtec.cat\/escolabacdecerdanya\/general\/fira-de-la-prehistoria-de-5e\/"},"modified":"2016-11-03T11:33:00","modified_gmt":"2016-11-03T10:33:00","slug":"fira-de-la-prehistoria-de-5e","status":"publish","type":"post","link":"https:\/\/agora.xtec.cat\/escolabacdecerdanya\/general\/fira-de-la-prehistoria-de-5e\/","title":{"rendered":"Fira de la prehist\u00f2ria de 5\u00e8"},"content":{"rendered":"<div style=\"text-align: justify;\"><span lang=\"CA\"><span style=\"font-family: &quot;helvetica neue&quot; , &quot;arial&quot; , &quot;helvetica&quot; , sans-serif;\">Un cop feta la fira, podem dir que ha estat tot un \u00e8xit! Els alumnes de cinqu\u00e8 ho han fet d\u2019all\u00f2 m\u00e9s b\u00e9, tant pel que fa al muntatge i exposici\u00f3 de la fira, com en la representaci\u00f3 teatral! Tot seguit, us mostrem les <a href=\"https:\/\/goo.gl\/photos\/HofJpW19kb63t1nC9\" target=\"_blank\">imatges<\/a> de la jornada, tot agraint la participaci\u00f3 de tots els assistents a la mateixa.<\/span><o:p><\/o:p><\/span><\/div>\n<div style=\"text-align: justify;\"><span lang=\"CA\"><span style=\"font-family: &quot;helvetica neue&quot; , &quot;arial&quot; , &quot;helvetica&quot; , sans-serif;\"><br \/><\/span><\/span><\/div>\n<div style=\"clear: both; text-align: center;\"><a href=\"https:\/\/goo.gl\/photos\/HofJpW19kb63t1nC9\" target=\"_blank\"><img loading=\"lazy\" decoding=\"async\" border=\"0\" height=\"217\" src=\"https:\/\/4.bp.blogspot.com\/-hnpCG8blhsI\/WBsEGrOuT-I\/AAAAAAAAI3E\/lLFYREILSIUNpKn2sxx_JIrOGVO5R6onQCLcB\/s320\/ft.png\" width=\"320\" \/><\/a><\/div>\n<div style=\"clear: both; text-align: center;\"><i>(Cliqueu aquesta imatge)<\/i><\/div>\n","protected":false},"excerpt":{"rendered":"<p>Un cop feta la fira, podem dir que ha estat tot un \u00e8xit! Els alumnes de cinqu\u00e8 ho han fet d\u2019all\u00f2 m\u00e9s b\u00e9, tant pel que fa al muntatge i exposici\u00f3 de la fira, com en la representaci\u00f3 teatral! Tot seguit, us mostrem les <a&hellip;  <a href=\"https:\/\/agora.xtec.cat\/escolabacdecerdanya\/general\/fira-de-la-prehistoria-de-5e\/\" title=\"Read Fira de la prehist\u00f2ria de 5\u00e8\">Llegeix m\u00e9s\u00bb<\/a><\/p>\n","protected":false},"author":1,"featured_media":0,"comment_status":"open","ping_status":"closed","sticky":false,"template":"","format":"standard","meta":{"_bbp_topic_count":0,"_bbp_reply_count":0,"_bbp_total_topic_count":0,"_bbp_total_reply_count":0,"_bbp_voice_count":0,"_bbp_anonymous_reply_count":0,"_bbp_topic_count_hidden":0,"_bbp_reply_count_hidden":0,"_bbp_forum_subforum_count":0,"footnotes":""},"categories":[1],"tags":[],"class_list":["post-522","post","type-post","status-publish","format-standard","hentry","category-general"],"post_mailing_queue_ids":[],"_links":{"self":[{"href":"https:\/\/agora.xtec.cat\/escolabacdecerdanya\/wp-json\/wp\/v2\/posts\/522","targetHints":{"allow":["GET"]}}],"collection":[{"href":"https:\/\/agora.xtec.cat\/escolabacdecerdanya\/wp-json\/wp\/v2\/posts"}],"about":[{"href":"https:\/\/agora.xtec.cat\/escolabacdecerdanya\/wp-json\/wp\/v2\/types\/post"}],"author":[{"embeddable":true,"href":"https:\/\/agora.xtec.cat\/escolabacdecerdanya\/wp-json\/wp\/v2\/users\/1"}],"replies":[{"embeddable":true,"href":"https:\/\/agora.xtec.cat\/escolabacdecerdanya\/wp-json\/wp\/v2\/comments?post=522"}],"version-history":[{"count":0,"href":"https:\/\/agora.xtec.cat\/escolabacdecerdanya\/wp-json\/wp\/v2\/posts\/522\/revisions"}],"wp:attachment":[{"href":"https:\/\/agora.xtec.cat\/escolabacdecerdanya\/wp-json\/wp\/v2\/media?parent=522"}],"wp:term":[{"taxonomy":"category","embeddable":true,"href":"https:\/\/agora.xtec.cat\/escolabacdecerdanya\/wp-json\/wp\/v2\/categories?post=522"},{"taxonomy":"post_tag","embeddable":true,"href":"https:\/\/agora.xtec.cat\/escolabacdecerdanya\/wp-json\/wp\/v2\/tags?post=522"}],"curies":[{"name":"wp","href":"https:\/\/api.w.org\/{rel}","templated":true}]}}