{"id":521,"date":"2016-11-08T17:57:00","date_gmt":"2016-11-08T16:57:00","guid":{"rendered":"http:\/\/agora.xtec.cat\/escolabacdecerdanya\/general\/celebrem-la-castanyada-2\/"},"modified":"2016-11-08T17:57:00","modified_gmt":"2016-11-08T16:57:00","slug":"celebrem-la-castanyada-2","status":"publish","type":"post","link":"https:\/\/agora.xtec.cat\/escolabacdecerdanya\/festes\/castanyada\/celebrem-la-castanyada-2\/","title":{"rendered":"CELEBREM LA CASTANYADA!"},"content":{"rendered":"<p><span style=\"font-family: &quot;verdana&quot; , sans-serif;\">Aquest any a l&#8217;escola hem celebrat la Castanyada ballant unes danses tradicionals catalanes, i despr\u00e9s hem fet un bon berenar amb castanyes que ens han torrat els pares.<\/span><br \/><span style=\"font-family: &quot;verdana&quot; , sans-serif;\">Ha fet molt bon temps i ens ho hem passat la mar de b\u00e9!!<\/span><br \/><span style=\"font-family: &quot;verdana&quot; , sans-serif;\">Si voleu veure algunes fotos de la festa, apreteu sobre la imatge!<\/span><\/p>\n<div style=\"clear: both; text-align: center;\"><a href=\"https:\/\/goo.gl\/photos\/ajzDLVQHcWMLErJYA\" target=\"_blank\"><img loading=\"lazy\" decoding=\"async\" border=\"0\" height=\"240\" src=\"https:\/\/3.bp.blogspot.com\/-lxFp_1EhLhU\/WCH1qNPBHRI\/AAAAAAAAI60\/5tSO8SFEapQKhC33ty2_aM-RTG9ldy8sACLcB\/s320\/IMG_0076.JPG\" width=\"320\" \/><\/a><\/div>\n<p><span style=\"font-family: &quot;verdana&quot; , sans-serif;\"><br \/><\/span><span style=\"font-family: &quot;verdana&quot; , sans-serif;\">I si voleu veure que b\u00e9 van ballar, aqu\u00ed teniu els enlla\u00e7os amb les danses!!<\/span><\/p>\n<ul>\n<li><span style=\"font-family: &quot;verdana&quot; , sans-serif;\"><i><a href=\"https:\/\/youtu.be\/8msNz_V7dbg\" target=\"_blank\">Educaci\u00f3 Infantil<\/a><\/i><\/span><\/li>\n<li><span style=\"font-family: &quot;verdana&quot; , sans-serif;\"><i><a href=\"https:\/\/youtu.be\/3mAgmzZ6QmI\" target=\"_blank\">Primer<\/a><\/i><\/span><\/li>\n<li><span style=\"font-family: &quot;verdana&quot; , sans-serif;\"><i><a href=\"https:\/\/youtu.be\/GdxX-RZU1oU\" target=\"_blank\">Segon<\/a><\/i><\/span><\/li>\n<li><span style=\"font-family: &quot;verdana&quot; , sans-serif;\"><i><a href=\"https:\/\/youtu.be\/_uO1VpDEcqQ\" target=\"_blank\">Tercer<\/a><\/i><\/span><\/li>\n<li><span style=\"font-family: &quot;verdana&quot; , sans-serif;\"><i><a href=\"https:\/\/youtu.be\/hl4fmzvTI2A\" target=\"_blank\">Quart<\/a><\/i><\/span><\/li>\n<li><span style=\"font-family: &quot;verdana&quot; , sans-serif;\"><i>Cicle Superior: <a href=\"https:\/\/youtu.be\/kXi7163Psrk\" target=\"_blank\">1a part<\/a> i <a href=\"https:\/\/youtu.be\/ldBYS3nXLno\" target=\"_blank\">2a part<\/a><\/i><\/span><\/li>\n<\/ul>\n","protected":false},"excerpt":{"rendered":"<p>Aquest any a l&#8217;escola hem celebrat la Castanyada ballant unes danses tradicionals catalanes, i despr\u00e9s hem fet un bon berenar amb castanyes que ens han torrat els pares.Ha fet molt bon temps i ens ho hem passat la mar de b\u00e9!!Si voleu veure algunes fotos&hellip;  <a href=\"https:\/\/agora.xtec.cat\/escolabacdecerdanya\/festes\/castanyada\/celebrem-la-castanyada-2\/\" title=\"Read CELEBREM LA CASTANYADA!\">Llegeix m\u00e9s\u00bb<\/a><\/p>\n","protected":false},"author":1,"featured_media":0,"comment_status":"open","ping_status":"closed","sticky":false,"template":"","format":"standard","meta":{"_bbp_topic_count":0,"_bbp_reply_count":0,"_bbp_total_topic_count":0,"_bbp_total_reply_count":0,"_bbp_voice_count":0,"_bbp_anonymous_reply_count":0,"_bbp_topic_count_hidden":0,"_bbp_reply_count_hidden":0,"_bbp_forum_subforum_count":0,"footnotes":""},"categories":[78],"tags":[],"class_list":["post-521","post","type-post","status-publish","format-standard","hentry","category-castanyada"],"post_mailing_queue_ids":[],"_links":{"self":[{"href":"https:\/\/agora.xtec.cat\/escolabacdecerdanya\/wp-json\/wp\/v2\/posts\/521","targetHints":{"allow":["GET"]}}],"collection":[{"href":"https:\/\/agora.xtec.cat\/escolabacdecerdanya\/wp-json\/wp\/v2\/posts"}],"about":[{"href":"https:\/\/agora.xtec.cat\/escolabacdecerdanya\/wp-json\/wp\/v2\/types\/post"}],"author":[{"embeddable":true,"href":"https:\/\/agora.xtec.cat\/escolabacdecerdanya\/wp-json\/wp\/v2\/users\/1"}],"replies":[{"embeddable":true,"href":"https:\/\/agora.xtec.cat\/escolabacdecerdanya\/wp-json\/wp\/v2\/comments?post=521"}],"version-history":[{"count":0,"href":"https:\/\/agora.xtec.cat\/escolabacdecerdanya\/wp-json\/wp\/v2\/posts\/521\/revisions"}],"wp:attachment":[{"href":"https:\/\/agora.xtec.cat\/escolabacdecerdanya\/wp-json\/wp\/v2\/media?parent=521"}],"wp:term":[{"taxonomy":"category","embeddable":true,"href":"https:\/\/agora.xtec.cat\/escolabacdecerdanya\/wp-json\/wp\/v2\/categories?post=521"},{"taxonomy":"post_tag","embeddable":true,"href":"https:\/\/agora.xtec.cat\/escolabacdecerdanya\/wp-json\/wp\/v2\/tags?post=521"}],"curies":[{"name":"wp","href":"https:\/\/api.w.org\/{rel}","templated":true}]}}