{"id":5204,"date":"2023-02-03T13:13:42","date_gmt":"2023-02-03T12:13:42","guid":{"rendered":"https:\/\/agora.xtec.cat\/escolabacdecerdanya\/?p=5204"},"modified":"2023-02-03T13:13:47","modified_gmt":"2023-02-03T12:13:47","slug":"claustre-per-la-transformacio-educativa","status":"publish","type":"post","link":"https:\/\/agora.xtec.cat\/escolabacdecerdanya\/general\/claustre-per-la-transformacio-educativa\/","title":{"rendered":"Claustre per la Transformaci\u00f3 Educativa"},"content":{"rendered":"<p>Aquest dimecres, el claustre de l&#8217;escola ens vam reunir per treballar entorn la transformaci\u00f3 educativa.\u00a0 Concretament vam estar debatent i treballant al voltant dels 6 VECTORS del nou curr\u00edculum.<\/p>\n<p>Si vosaltres tamb\u00e9 en voleu saber m\u00e9s cliqueu els seg\u00fcents enlla\u00e7os i podreu veure uns v\u00eddeos informatius.<\/p>\n<ul>\n<li><a href=\"https:\/\/youtu.be\/N_rVmonppe4\" target=\"_blank\" rel=\"noopener\"><strong>Aprenentatges competencials<\/strong><\/a><\/li>\n<li><a href=\"https:\/\/youtu.be\/twywE3QgwcQ\" target=\"_blank\" rel=\"noopener\"><strong>Perspectiva de g\u00e8nere<\/strong><\/a><\/li>\n<li><a href=\"https:\/\/youtu.be\/N_W3U7E_IJA\" target=\"_blank\" rel=\"noopener\"><strong>Benestar emocional<\/strong><\/a><\/li>\n<li><a href=\"https:\/\/youtu.be\/1TmvpygMR7s\" target=\"_blank\" rel=\"noopener\"><strong>Ciutadania democr\u00e0tica i consci\u00e8ncia global<\/strong><\/a><\/li>\n<li><a href=\"https:\/\/youtu.be\/igGNDZW54X4\" target=\"_blank\" rel=\"noopener\"><strong>Qualitat de l\u2019educaci\u00f3 de les lleng\u00fces\u00a0<\/strong><\/a><\/li>\n<li><a href=\"https:\/\/youtu.be\/jF6ZHrPgTik\" target=\"_blank\" rel=\"noopener\"><strong>Universalitat del curr\u00edculum\u00a0<\/strong><\/a><\/li>\n<\/ul>\n<p>&nbsp;<\/p>\n<p><a href=\"https:\/\/agora.xtec.cat\/escolabacdecerdanya\/wp-content\/uploads\/usu1753\/2023\/02\/IMG-20230203-WA0003.jpg\"><img loading=\"lazy\" decoding=\"async\" class=\"alignnone wp-image-5205\" src=\"https:\/\/agora.xtec.cat\/escolabacdecerdanya\/wp-content\/uploads\/usu1753\/2023\/02\/IMG-20230203-WA0003-1024x768.jpg\" alt=\"\" width=\"595\" height=\"446\" srcset=\"https:\/\/agora.xtec.cat\/escolabacdecerdanya\/wp-content\/uploads\/usu1753\/2023\/02\/IMG-20230203-WA0003-1024x768.jpg 1024w, https:\/\/agora.xtec.cat\/escolabacdecerdanya\/wp-content\/uploads\/usu1753\/2023\/02\/IMG-20230203-WA0003-300x225.jpg 300w, https:\/\/agora.xtec.cat\/escolabacdecerdanya\/wp-content\/uploads\/usu1753\/2023\/02\/IMG-20230203-WA0003-768x576.jpg 768w, https:\/\/agora.xtec.cat\/escolabacdecerdanya\/wp-content\/uploads\/usu1753\/2023\/02\/IMG-20230203-WA0003-200x150.jpg 200w, https:\/\/agora.xtec.cat\/escolabacdecerdanya\/wp-content\/uploads\/usu1753\/2023\/02\/IMG-20230203-WA0003.jpg 1448w\" sizes=\"auto, (max-width: 595px) 100vw, 595px\" \/><\/a> <a href=\"https:\/\/agora.xtec.cat\/escolabacdecerdanya\/wp-content\/uploads\/usu1753\/2023\/02\/IMG-20230203-WA0002.jpg\"><img loading=\"lazy\" decoding=\"async\" class=\"alignnone wp-image-5206\" src=\"https:\/\/agora.xtec.cat\/escolabacdecerdanya\/wp-content\/uploads\/usu1753\/2023\/02\/IMG-20230203-WA0002-1024x768.jpg\" alt=\"\" width=\"594\" height=\"446\" srcset=\"https:\/\/agora.xtec.cat\/escolabacdecerdanya\/wp-content\/uploads\/usu1753\/2023\/02\/IMG-20230203-WA0002-1024x768.jpg 1024w, https:\/\/agora.xtec.cat\/escolabacdecerdanya\/wp-content\/uploads\/usu1753\/2023\/02\/IMG-20230203-WA0002-300x225.jpg 300w, https:\/\/agora.xtec.cat\/escolabacdecerdanya\/wp-content\/uploads\/usu1753\/2023\/02\/IMG-20230203-WA0002-768x576.jpg 768w, https:\/\/agora.xtec.cat\/escolabacdecerdanya\/wp-content\/uploads\/usu1753\/2023\/02\/IMG-20230203-WA0002-200x150.jpg 200w, https:\/\/agora.xtec.cat\/escolabacdecerdanya\/wp-content\/uploads\/usu1753\/2023\/02\/IMG-20230203-WA0002.jpg 1448w\" sizes=\"auto, (max-width: 594px) 100vw, 594px\" \/><\/a> <a href=\"https:\/\/agora.xtec.cat\/escolabacdecerdanya\/wp-content\/uploads\/usu1753\/2023\/02\/IMG-20230203-WA0004.jpg\"><img loading=\"lazy\" decoding=\"async\" class=\"alignnone wp-image-5207\" src=\"https:\/\/agora.xtec.cat\/escolabacdecerdanya\/wp-content\/uploads\/usu1753\/2023\/02\/IMG-20230203-WA0004-1024x768.jpg\" alt=\"\" width=\"595\" height=\"446\" srcset=\"https:\/\/agora.xtec.cat\/escolabacdecerdanya\/wp-content\/uploads\/usu1753\/2023\/02\/IMG-20230203-WA0004-1024x768.jpg 1024w, https:\/\/agora.xtec.cat\/escolabacdecerdanya\/wp-content\/uploads\/usu1753\/2023\/02\/IMG-20230203-WA0004-300x225.jpg 300w, https:\/\/agora.xtec.cat\/escolabacdecerdanya\/wp-content\/uploads\/usu1753\/2023\/02\/IMG-20230203-WA0004-768x576.jpg 768w, https:\/\/agora.xtec.cat\/escolabacdecerdanya\/wp-content\/uploads\/usu1753\/2023\/02\/IMG-20230203-WA0004-200x150.jpg 200w, https:\/\/agora.xtec.cat\/escolabacdecerdanya\/wp-content\/uploads\/usu1753\/2023\/02\/IMG-20230203-WA0004.jpg 1448w\" sizes=\"auto, (max-width: 595px) 100vw, 595px\" \/><\/a><\/p>\n","protected":false},"excerpt":{"rendered":"<p>Aquest dimecres, el claustre de l&#8217;escola ens vam reunir per treballar entorn la transformaci\u00f3 educativa.\u00a0 Concretament vam estar debatent i treballant al voltant dels 6 VECTORS del nou curr\u00edculum.<br \/>\nSi vosaltres tamb\u00e9 en voleu saber m\u00e9s cliqueu els seg\u00fcents enlla\u00e7os i podreu veure uns v\u00eddeos informatius.<\/p>\n<ul>\n<li><a&hellip;  <a href=\"https:\/\/agora.xtec.cat\/escolabacdecerdanya\/general\/claustre-per-la-transformacio-educativa\/\" title=\"Read Claustre per la Transformaci\u00f3 Educativa\">Llegeix m\u00e9s\u00bb<\/a><br \/>\n","protected":false},"author":32,"featured_media":5207,"comment_status":"open","ping_status":"closed","sticky":false,"template":"","format":"standard","meta":{"_bbp_topic_count":0,"_bbp_reply_count":0,"_bbp_total_topic_count":0,"_bbp_total_reply_count":0,"_bbp_voice_count":0,"_bbp_anonymous_reply_count":0,"_bbp_topic_count_hidden":0,"_bbp_reply_count_hidden":0,"_bbp_forum_subforum_count":0,"footnotes":""},"categories":[1,61,4],"tags":[],"class_list":["post-5204","post","type-post","status-publish","format-standard","has-post-thumbnail","hentry","category-general","category-novetats","category-portada"],"post_mailing_queue_ids":[],"_links":{"self":[{"href":"https:\/\/agora.xtec.cat\/escolabacdecerdanya\/wp-json\/wp\/v2\/posts\/5204","targetHints":{"allow":["GET"]}}],"collection":[{"href":"https:\/\/agora.xtec.cat\/escolabacdecerdanya\/wp-json\/wp\/v2\/posts"}],"about":[{"href":"https:\/\/agora.xtec.cat\/escolabacdecerdanya\/wp-json\/wp\/v2\/types\/post"}],"author":[{"embeddable":true,"href":"https:\/\/agora.xtec.cat\/escolabacdecerdanya\/wp-json\/wp\/v2\/users\/32"}],"replies":[{"embeddable":true,"href":"https:\/\/agora.xtec.cat\/escolabacdecerdanya\/wp-json\/wp\/v2\/comments?post=5204"}],"version-history":[{"count":1,"href":"https:\/\/agora.xtec.cat\/escolabacdecerdanya\/wp-json\/wp\/v2\/posts\/5204\/revisions"}],"predecessor-version":[{"id":5209,"href":"https:\/\/agora.xtec.cat\/escolabacdecerdanya\/wp-json\/wp\/v2\/posts\/5204\/revisions\/5209"}],"wp:featuredmedia":[{"embeddable":true,"href":"https:\/\/agora.xtec.cat\/escolabacdecerdanya\/wp-json\/wp\/v2\/media\/5207"}],"wp:attachment":[{"href":"https:\/\/agora.xtec.cat\/escolabacdecerdanya\/wp-json\/wp\/v2\/media?parent=5204"}],"wp:term":[{"taxonomy":"category","embeddable":true,"href":"https:\/\/agora.xtec.cat\/escolabacdecerdanya\/wp-json\/wp\/v2\/categories?post=5204"},{"taxonomy":"post_tag","embeddable":true,"href":"https:\/\/agora.xtec.cat\/escolabacdecerdanya\/wp-json\/wp\/v2\/tags?post=5204"}],"curies":[{"name":"wp","href":"https:\/\/api.w.org\/{rel}","templated":true}]}}