{"id":520,"date":"2016-11-16T17:41:00","date_gmt":"2016-11-16T16:41:00","guid":{"rendered":"http:\/\/agora.xtec.cat\/escolabacdecerdanya\/general\/la-volta-al-mon-en-80-dies\/"},"modified":"2016-11-16T17:41:00","modified_gmt":"2016-11-16T16:41:00","slug":"la-volta-al-mon-en-80-dies","status":"publish","type":"post","link":"https:\/\/agora.xtec.cat\/escolabacdecerdanya\/setman-cultural\/la-volta-al-mon-en-80-dies\/","title":{"rendered":"LA VOLTA AL M\u00d3N EN 80 DIES"},"content":{"rendered":"<p><span style=\"font-family: Verdana, sans-serif;\">La setmana passada vam celebrar la <b><i><u>18a Setmana Cultural<\/u><\/i><\/b> a l&#8217;escola, i aquest any els i les alumnes de l&#8217;escola van fer un llarg viatge seguint el cam\u00ed que va rec\u00f3rrer el <b>senyor Fogg<\/b> a l&#8217;aventura de <span style=\"color: red;\"><b>&#8220;La volta al m\u00f3n en 80 dies&#8221;<\/b><\/span>.&nbsp;<\/span><br \/><span style=\"font-family: Verdana, sans-serif;\"><br \/><\/span><span style=\"font-family: Verdana, sans-serif;\">Voleu viatjar amb ells?&nbsp;<\/span><br \/><span style=\"font-family: Verdana, sans-serif;\"><br \/><\/span><span style=\"font-family: Verdana, sans-serif;\">Doncs aqu\u00ed podreu veure algunes de les activitats que van fer al llarg d&#8217;aquest emocionant viatge! <\/span><br \/><span style=\"font-family: Verdana, sans-serif;\"><br \/><\/span><\/p>\n<div style=\"clear: both; text-align: center;\"><a href=\"https:\/\/goo.gl\/photos\/PfiUWZEvezzR2ET28\" target=\"_blank\"><img loading=\"lazy\" decoding=\"async\" border=\"0\" height=\"240\" src=\"https:\/\/4.bp.blogspot.com\/-djRfwDgGgc0\/WCxXvWkf9oI\/AAAAAAAAJG4\/s4RqL5gM6UYjY8E4VENKy29QOrdaRAEvgCLcB\/s320\/IMG_0074.JPG\" width=\"320\" \/><\/a><\/div>\n<div style=\"clear: both; text-align: center;\"><\/div>\n","protected":false},"excerpt":{"rendered":"<p>La setmana passada vam celebrar la 18a Setmana Cultural a l&#8217;escola, i aquest any els i les alumnes de l&#8217;escola van fer un llarg viatge seguint el cam\u00ed que va rec\u00f3rrer el senyor Fogg a l&#8217;aventura de &#8220;La volta al m\u00f3n en 80 dies&#8221;.&nbsp;Voleu viatjar&hellip;  <a href=\"https:\/\/agora.xtec.cat\/escolabacdecerdanya\/setman-cultural\/la-volta-al-mon-en-80-dies\/\" title=\"Read LA VOLTA AL M\u00d3N EN 80 DIES\">Llegeix m\u00e9s\u00bb<\/a><\/p>\n","protected":false},"author":1,"featured_media":0,"comment_status":"open","ping_status":"closed","sticky":false,"template":"","format":"standard","meta":{"_bbp_topic_count":0,"_bbp_reply_count":0,"_bbp_total_topic_count":0,"_bbp_total_reply_count":0,"_bbp_voice_count":0,"_bbp_anonymous_reply_count":0,"_bbp_topic_count_hidden":0,"_bbp_reply_count_hidden":0,"_bbp_forum_subforum_count":0,"footnotes":""},"categories":[79],"tags":[],"class_list":["post-520","post","type-post","status-publish","format-standard","hentry","category-setman-cultural"],"post_mailing_queue_ids":[],"_links":{"self":[{"href":"https:\/\/agora.xtec.cat\/escolabacdecerdanya\/wp-json\/wp\/v2\/posts\/520","targetHints":{"allow":["GET"]}}],"collection":[{"href":"https:\/\/agora.xtec.cat\/escolabacdecerdanya\/wp-json\/wp\/v2\/posts"}],"about":[{"href":"https:\/\/agora.xtec.cat\/escolabacdecerdanya\/wp-json\/wp\/v2\/types\/post"}],"author":[{"embeddable":true,"href":"https:\/\/agora.xtec.cat\/escolabacdecerdanya\/wp-json\/wp\/v2\/users\/1"}],"replies":[{"embeddable":true,"href":"https:\/\/agora.xtec.cat\/escolabacdecerdanya\/wp-json\/wp\/v2\/comments?post=520"}],"version-history":[{"count":0,"href":"https:\/\/agora.xtec.cat\/escolabacdecerdanya\/wp-json\/wp\/v2\/posts\/520\/revisions"}],"wp:attachment":[{"href":"https:\/\/agora.xtec.cat\/escolabacdecerdanya\/wp-json\/wp\/v2\/media?parent=520"}],"wp:term":[{"taxonomy":"category","embeddable":true,"href":"https:\/\/agora.xtec.cat\/escolabacdecerdanya\/wp-json\/wp\/v2\/categories?post=520"},{"taxonomy":"post_tag","embeddable":true,"href":"https:\/\/agora.xtec.cat\/escolabacdecerdanya\/wp-json\/wp\/v2\/tags?post=520"}],"curies":[{"name":"wp","href":"https:\/\/api.w.org\/{rel}","templated":true}]}}