{"id":5181,"date":"2023-01-27T11:48:31","date_gmt":"2023-01-27T10:48:31","guid":{"rendered":"https:\/\/agora.xtec.cat\/escolabacdecerdanya\/?p=5181"},"modified":"2023-04-12T10:07:07","modified_gmt":"2023-04-12T08:07:07","slug":"aules-renovades-amb-la-beca-de-la-fundacio-bosch-aymerich","status":"publish","type":"post","link":"https:\/\/agora.xtec.cat\/escolabacdecerdanya\/general\/aules-renovades-amb-la-beca-de-la-fundacio-bosch-aymerich\/","title":{"rendered":"AULES RENOVADES AMB LA BECA DE LA FUNDACI\u00d3 BOSCH AYMERICH"},"content":{"rendered":"<p><img loading=\"lazy\" decoding=\"async\" class=\"wp-image-4975 alignleft\" src=\"https:\/\/agora.xtec.cat\/escolabacdecerdanya\/wp-content\/uploads\/usu1753\/2022\/10\/classe-nova1.jpg\" alt=\"\" width=\"251\" height=\"188\" srcset=\"https:\/\/agora.xtec.cat\/escolabacdecerdanya\/wp-content\/uploads\/usu1753\/2022\/10\/classe-nova1.jpg 1008w, https:\/\/agora.xtec.cat\/escolabacdecerdanya\/wp-content\/uploads\/usu1753\/2022\/10\/classe-nova1-300x225.jpg 300w, https:\/\/agora.xtec.cat\/escolabacdecerdanya\/wp-content\/uploads\/usu1753\/2022\/10\/classe-nova1-768x576.jpg 768w, https:\/\/agora.xtec.cat\/escolabacdecerdanya\/wp-content\/uploads\/usu1753\/2022\/10\/classe-nova1-200x150.jpg 200w\" sizes=\"auto, (max-width: 251px) 100vw, 251px\" \/><img loading=\"lazy\" decoding=\"async\" class=\"\" src=\"https:\/\/mail.google.com\/mail\/u\/0?ui=2&amp;ik=d25828d182&amp;attid=0.1&amp;permmsgid=msg-f:1762265506775911881&amp;th=1874d3243b4d4dc9&amp;view=fimg&amp;fur=ip&amp;sz=s0-l75-ft&amp;attbid=ANGjdJ9CN1wAXhrIdp9Vs79TDmLoDj2-OaN1n-UXjaNHiCs_q6qXP8mJL7eBYQKUGvsC3XxkCwK85qWVmdxTfW6IKjobCepcoiHfS8w13ohqCIXRqvdcSJSJiUnXO9M&amp;disp=emb\" alt=\"Un dibujo de un perro\n\nDescripci\u00f3n generada autom\u00e1ticamente con confianza media\" width=\"231\" height=\"72\" \/>\u00a0 <strong>Fundaci\u00f3 Bosch Aymerich<\/strong><\/p>\n<p>Com ja sabeu estem fent obres de millora a les aules de la nostra escola&#8230; Durant el primer trimestre van quedar acabades les aules de cicle inicial, en una segona fase s&#8217;han pogut acabar totes les aules del pis de dalt i els terres d&#8217;educaci\u00f3 infantil. Encara falten els prestatges nous de les aules d&#8217;infantil i alguna altra coseta per\u00f2 el canvi \u00e9s molt positiu.<\/p>\n<p><strong>Volem donar les gr\u00e0cies m\u00e9s sinceres a la Fundaci\u00f3 Bosch Aymerich<\/strong> per la beca que ens han concedit i que est\u00e0 fent possible tot aix\u00f2. Tamb\u00e9 volem fer arribar el nostre <strong>agra\u00efment a l&#8217;equip de govern de l&#8217;Ajuntament d&#8217;Alp<\/strong> que ens van animar i ajudar amb els tr\u00e0mits de petici\u00f3 de la beca.<\/p>\n<p>Us adjuntem la informaci\u00f3 de la <a href=\"https:\/\/fundacioboschaymerich.org\/collaboracions-i-projectes\/remodelacio-aules-escola-bac-de-cerdanya-alp\/\">Beca concedida per la Fundaci\u00f3 Bosch Aymerich<\/a>.<\/p>\n<p style=\"text-align: center;\"><strong>I aqu\u00ed teniu els canvis!\u00a0<\/strong><\/p>\n<p><a href=\"https:\/\/agora.xtec.cat\/escolabacdecerdanya\/wp-content\/uploads\/usu1753\/2022\/10\/classe-nova1.jpg\">\u00a0<\/a><a href=\"https:\/\/agora.xtec.cat\/escolabacdecerdanya\/wp-content\/uploads\/usu1753\/2023\/01\/IMG-20230127-WA0009.jpg\"><img loading=\"lazy\" decoding=\"async\" class=\"alignnone wp-image-5183\" src=\"https:\/\/agora.xtec.cat\/escolabacdecerdanya\/wp-content\/uploads\/usu1753\/2023\/01\/IMG-20230127-WA0009-1024x1024.jpg\" alt=\"\" width=\"234\" height=\"234\" srcset=\"https:\/\/agora.xtec.cat\/escolabacdecerdanya\/wp-content\/uploads\/usu1753\/2023\/01\/IMG-20230127-WA0009-1024x1024.jpg 1024w, https:\/\/agora.xtec.cat\/escolabacdecerdanya\/wp-content\/uploads\/usu1753\/2023\/01\/IMG-20230127-WA0009-300x300.jpg 300w, https:\/\/agora.xtec.cat\/escolabacdecerdanya\/wp-content\/uploads\/usu1753\/2023\/01\/IMG-20230127-WA0009-150x150.jpg 150w, https:\/\/agora.xtec.cat\/escolabacdecerdanya\/wp-content\/uploads\/usu1753\/2023\/01\/IMG-20230127-WA0009-768x768.jpg 768w, https:\/\/agora.xtec.cat\/escolabacdecerdanya\/wp-content\/uploads\/usu1753\/2023\/01\/IMG-20230127-WA0009-1536x1536.jpg 1536w, https:\/\/agora.xtec.cat\/escolabacdecerdanya\/wp-content\/uploads\/usu1753\/2023\/01\/IMG-20230127-WA0009.jpg 2048w\" sizes=\"auto, (max-width: 234px) 100vw, 234px\" \/>\u00a0\u00a0<\/a> <a href=\"https:\/\/agora.xtec.cat\/escolabacdecerdanya\/wp-content\/uploads\/usu1753\/2023\/01\/IMG-20230127-WA0007.jpg\"><img loading=\"lazy\" decoding=\"async\" class=\"alignnone wp-image-5185\" src=\"https:\/\/agora.xtec.cat\/escolabacdecerdanya\/wp-content\/uploads\/usu1753\/2023\/01\/IMG-20230127-WA0007-1024x1024.jpg\" alt=\"\" width=\"232\" height=\"232\" srcset=\"https:\/\/agora.xtec.cat\/escolabacdecerdanya\/wp-content\/uploads\/usu1753\/2023\/01\/IMG-20230127-WA0007-1024x1024.jpg 1024w, https:\/\/agora.xtec.cat\/escolabacdecerdanya\/wp-content\/uploads\/usu1753\/2023\/01\/IMG-20230127-WA0007-300x300.jpg 300w, https:\/\/agora.xtec.cat\/escolabacdecerdanya\/wp-content\/uploads\/usu1753\/2023\/01\/IMG-20230127-WA0007-150x150.jpg 150w, https:\/\/agora.xtec.cat\/escolabacdecerdanya\/wp-content\/uploads\/usu1753\/2023\/01\/IMG-20230127-WA0007-768x768.jpg 768w, https:\/\/agora.xtec.cat\/escolabacdecerdanya\/wp-content\/uploads\/usu1753\/2023\/01\/IMG-20230127-WA0007-1536x1536.jpg 1536w, https:\/\/agora.xtec.cat\/escolabacdecerdanya\/wp-content\/uploads\/usu1753\/2023\/01\/IMG-20230127-WA0007.jpg 2048w\" sizes=\"auto, (max-width: 232px) 100vw, 232px\" \/>\u00a0 <\/a>\u00a0 <a href=\"https:\/\/agora.xtec.cat\/escolabacdecerdanya\/wp-content\/uploads\/usu1753\/2023\/01\/IMG-20230127-WA0008.jpg\"><img loading=\"lazy\" decoding=\"async\" class=\"alignnone wp-image-5184\" src=\"https:\/\/agora.xtec.cat\/escolabacdecerdanya\/wp-content\/uploads\/usu1753\/2023\/01\/IMG-20230127-WA0008-1024x1024.jpg\" alt=\"\" width=\"232\" height=\"232\" srcset=\"https:\/\/agora.xtec.cat\/escolabacdecerdanya\/wp-content\/uploads\/usu1753\/2023\/01\/IMG-20230127-WA0008-1024x1024.jpg 1024w, https:\/\/agora.xtec.cat\/escolabacdecerdanya\/wp-content\/uploads\/usu1753\/2023\/01\/IMG-20230127-WA0008-300x300.jpg 300w, https:\/\/agora.xtec.cat\/escolabacdecerdanya\/wp-content\/uploads\/usu1753\/2023\/01\/IMG-20230127-WA0008-150x150.jpg 150w, https:\/\/agora.xtec.cat\/escolabacdecerdanya\/wp-content\/uploads\/usu1753\/2023\/01\/IMG-20230127-WA0008-768x768.jpg 768w, https:\/\/agora.xtec.cat\/escolabacdecerdanya\/wp-content\/uploads\/usu1753\/2023\/01\/IMG-20230127-WA0008-1536x1536.jpg 1536w, https:\/\/agora.xtec.cat\/escolabacdecerdanya\/wp-content\/uploads\/usu1753\/2023\/01\/IMG-20230127-WA0008.jpg 2048w\" sizes=\"auto, (max-width: 232px) 100vw, 232px\" \/> \u00a0 <\/a><a href=\"https:\/\/agora.xtec.cat\/escolabacdecerdanya\/wp-content\/uploads\/usu1753\/2023\/01\/IMG-20230127-WA0006.jpg\"><img loading=\"lazy\" decoding=\"async\" class=\"wp-image-5186 alignnone\" src=\"https:\/\/agora.xtec.cat\/escolabacdecerdanya\/wp-content\/uploads\/usu1753\/2023\/01\/IMG-20230127-WA0006-1024x1024.jpg\" alt=\"\" width=\"233\" height=\"233\" srcset=\"https:\/\/agora.xtec.cat\/escolabacdecerdanya\/wp-content\/uploads\/usu1753\/2023\/01\/IMG-20230127-WA0006-1024x1024.jpg 1024w, https:\/\/agora.xtec.cat\/escolabacdecerdanya\/wp-content\/uploads\/usu1753\/2023\/01\/IMG-20230127-WA0006-300x300.jpg 300w, https:\/\/agora.xtec.cat\/escolabacdecerdanya\/wp-content\/uploads\/usu1753\/2023\/01\/IMG-20230127-WA0006-150x150.jpg 150w, https:\/\/agora.xtec.cat\/escolabacdecerdanya\/wp-content\/uploads\/usu1753\/2023\/01\/IMG-20230127-WA0006-768x768.jpg 768w, https:\/\/agora.xtec.cat\/escolabacdecerdanya\/wp-content\/uploads\/usu1753\/2023\/01\/IMG-20230127-WA0006-1536x1536.jpg 1536w, https:\/\/agora.xtec.cat\/escolabacdecerdanya\/wp-content\/uploads\/usu1753\/2023\/01\/IMG-20230127-WA0006.jpg 2048w\" sizes=\"auto, (max-width: 233px) 100vw, 233px\" \/><\/a><a href=\"https:\/\/agora.xtec.cat\/escolabacdecerdanya\/wp-content\/uploads\/usu1753\/2023\/01\/IMG-20230127-WA0004.jpg\"><img loading=\"lazy\" decoding=\"async\" class=\"alignnone wp-image-5187\" src=\"https:\/\/agora.xtec.cat\/escolabacdecerdanya\/wp-content\/uploads\/usu1753\/2023\/01\/IMG-20230127-WA0004-1024x1024.jpg\" alt=\"\" width=\"236\" height=\"236\" srcset=\"https:\/\/agora.xtec.cat\/escolabacdecerdanya\/wp-content\/uploads\/usu1753\/2023\/01\/IMG-20230127-WA0004-1024x1024.jpg 1024w, https:\/\/agora.xtec.cat\/escolabacdecerdanya\/wp-content\/uploads\/usu1753\/2023\/01\/IMG-20230127-WA0004-300x300.jpg 300w, https:\/\/agora.xtec.cat\/escolabacdecerdanya\/wp-content\/uploads\/usu1753\/2023\/01\/IMG-20230127-WA0004-150x150.jpg 150w, https:\/\/agora.xtec.cat\/escolabacdecerdanya\/wp-content\/uploads\/usu1753\/2023\/01\/IMG-20230127-WA0004-768x768.jpg 768w, https:\/\/agora.xtec.cat\/escolabacdecerdanya\/wp-content\/uploads\/usu1753\/2023\/01\/IMG-20230127-WA0004-1536x1536.jpg 1536w, https:\/\/agora.xtec.cat\/escolabacdecerdanya\/wp-content\/uploads\/usu1753\/2023\/01\/IMG-20230127-WA0004.jpg 2048w\" sizes=\"auto, (max-width: 236px) 100vw, 236px\" \/>\u00a0 \u00a0 <\/a><a href=\"https:\/\/agora.xtec.cat\/escolabacdecerdanya\/wp-content\/uploads\/usu1753\/2023\/01\/IMG-20230127-WA0003.jpg\"><img loading=\"lazy\" decoding=\"async\" class=\"alignnone wp-image-5188\" src=\"https:\/\/agora.xtec.cat\/escolabacdecerdanya\/wp-content\/uploads\/usu1753\/2023\/01\/IMG-20230127-WA0003-1024x1024.jpg\" alt=\"\" width=\"230\" height=\"230\" srcset=\"https:\/\/agora.xtec.cat\/escolabacdecerdanya\/wp-content\/uploads\/usu1753\/2023\/01\/IMG-20230127-WA0003-1024x1024.jpg 1024w, https:\/\/agora.xtec.cat\/escolabacdecerdanya\/wp-content\/uploads\/usu1753\/2023\/01\/IMG-20230127-WA0003-300x300.jpg 300w, https:\/\/agora.xtec.cat\/escolabacdecerdanya\/wp-content\/uploads\/usu1753\/2023\/01\/IMG-20230127-WA0003-150x150.jpg 150w, https:\/\/agora.xtec.cat\/escolabacdecerdanya\/wp-content\/uploads\/usu1753\/2023\/01\/IMG-20230127-WA0003-768x768.jpg 768w, https:\/\/agora.xtec.cat\/escolabacdecerdanya\/wp-content\/uploads\/usu1753\/2023\/01\/IMG-20230127-WA0003-1536x1536.jpg 1536w, https:\/\/agora.xtec.cat\/escolabacdecerdanya\/wp-content\/uploads\/usu1753\/2023\/01\/IMG-20230127-WA0003.jpg 2048w\" sizes=\"auto, (max-width: 230px) 100vw, 230px\" \/>\u00a0 \u00a0 <\/a><a href=\"https:\/\/agora.xtec.cat\/escolabacdecerdanya\/wp-content\/uploads\/usu1753\/2023\/01\/IMG-20230127-WA0005.jpg\"><img loading=\"lazy\" decoding=\"async\" class=\"alignnone wp-image-5189\" src=\"https:\/\/agora.xtec.cat\/escolabacdecerdanya\/wp-content\/uploads\/usu1753\/2023\/01\/IMG-20230127-WA0005-1024x1024.jpg\" alt=\"\" width=\"234\" height=\"234\" srcset=\"https:\/\/agora.xtec.cat\/escolabacdecerdanya\/wp-content\/uploads\/usu1753\/2023\/01\/IMG-20230127-WA0005-1024x1024.jpg 1024w, https:\/\/agora.xtec.cat\/escolabacdecerdanya\/wp-content\/uploads\/usu1753\/2023\/01\/IMG-20230127-WA0005-300x300.jpg 300w, https:\/\/agora.xtec.cat\/escolabacdecerdanya\/wp-content\/uploads\/usu1753\/2023\/01\/IMG-20230127-WA0005-150x150.jpg 150w, https:\/\/agora.xtec.cat\/escolabacdecerdanya\/wp-content\/uploads\/usu1753\/2023\/01\/IMG-20230127-WA0005-768x768.jpg 768w, https:\/\/agora.xtec.cat\/escolabacdecerdanya\/wp-content\/uploads\/usu1753\/2023\/01\/IMG-20230127-WA0005-1536x1536.jpg 1536w, https:\/\/agora.xtec.cat\/escolabacdecerdanya\/wp-content\/uploads\/usu1753\/2023\/01\/IMG-20230127-WA0005.jpg 2048w\" sizes=\"auto, (max-width: 234px) 100vw, 234px\" \/> \u00a0<\/a><\/p>\n","protected":false},"excerpt":{"rendered":"<p>\u00a0 Fundaci\u00f3 Bosch Aymerich<br \/>\nCom ja sabeu estem fent obres de millora a les aules de la nostra escola&#8230; Durant el primer trimestre van quedar acabades les aules de cicle inicial, en una segona fase s&#8217;han pogut acabar totes les aules del pis de dalt i&hellip;  <a href=\"https:\/\/agora.xtec.cat\/escolabacdecerdanya\/general\/aules-renovades-amb-la-beca-de-la-fundacio-bosch-aymerich\/\" title=\"Read AULES RENOVADES AMB LA BECA DE LA FUNDACI\u00d3 BOSCH AYMERICH\">Llegeix m\u00e9s\u00bb<\/a><\/p>\n","protected":false},"author":8,"featured_media":4975,"comment_status":"open","ping_status":"closed","sticky":false,"template":"","format":"standard","meta":{"_bbp_topic_count":0,"_bbp_reply_count":0,"_bbp_total_topic_count":0,"_bbp_total_reply_count":0,"_bbp_voice_count":0,"_bbp_anonymous_reply_count":0,"_bbp_topic_count_hidden":0,"_bbp_reply_count_hidden":0,"_bbp_forum_subforum_count":0,"footnotes":""},"categories":[1,61,4],"tags":[],"class_list":["post-5181","post","type-post","status-publish","format-standard","has-post-thumbnail","hentry","category-general","category-novetats","category-portada"],"post_mailing_queue_ids":[],"_links":{"self":[{"href":"https:\/\/agora.xtec.cat\/escolabacdecerdanya\/wp-json\/wp\/v2\/posts\/5181","targetHints":{"allow":["GET"]}}],"collection":[{"href":"https:\/\/agora.xtec.cat\/escolabacdecerdanya\/wp-json\/wp\/v2\/posts"}],"about":[{"href":"https:\/\/agora.xtec.cat\/escolabacdecerdanya\/wp-json\/wp\/v2\/types\/post"}],"author":[{"embeddable":true,"href":"https:\/\/agora.xtec.cat\/escolabacdecerdanya\/wp-json\/wp\/v2\/users\/8"}],"replies":[{"embeddable":true,"href":"https:\/\/agora.xtec.cat\/escolabacdecerdanya\/wp-json\/wp\/v2\/comments?post=5181"}],"version-history":[{"count":3,"href":"https:\/\/agora.xtec.cat\/escolabacdecerdanya\/wp-json\/wp\/v2\/posts\/5181\/revisions"}],"predecessor-version":[{"id":5501,"href":"https:\/\/agora.xtec.cat\/escolabacdecerdanya\/wp-json\/wp\/v2\/posts\/5181\/revisions\/5501"}],"wp:featuredmedia":[{"embeddable":true,"href":"https:\/\/agora.xtec.cat\/escolabacdecerdanya\/wp-json\/wp\/v2\/media\/4975"}],"wp:attachment":[{"href":"https:\/\/agora.xtec.cat\/escolabacdecerdanya\/wp-json\/wp\/v2\/media?parent=5181"}],"wp:term":[{"taxonomy":"category","embeddable":true,"href":"https:\/\/agora.xtec.cat\/escolabacdecerdanya\/wp-json\/wp\/v2\/categories?post=5181"},{"taxonomy":"post_tag","embeddable":true,"href":"https:\/\/agora.xtec.cat\/escolabacdecerdanya\/wp-json\/wp\/v2\/tags?post=5181"}],"curies":[{"name":"wp","href":"https:\/\/api.w.org\/{rel}","templated":true}]}}