{"id":5151,"date":"2023-01-11T11:28:38","date_gmt":"2023-01-11T10:28:38","guid":{"rendered":"https:\/\/agora.xtec.cat\/escolabacdecerdanya\/?p=5151"},"modified":"2023-01-11T11:39:55","modified_gmt":"2023-01-11T10:39:55","slug":"festival-de-nadal-2","status":"publish","type":"post","link":"https:\/\/agora.xtec.cat\/escolabacdecerdanya\/general\/festival-de-nadal-2\/","title":{"rendered":"FESTIVAL DE NADAL"},"content":{"rendered":"<p>Per acabar el trimestre, aquest any hem fet un festival ple de poemes, can\u00e7ons i teatre!<\/p>\n<p>Els alumnes d&#8217;Educaci\u00f3 Infantil ens van recitar els seus poemes i van acabar amb una can\u00e7\u00f3 conjunta. Els alumnes de 1r a 4rt van obsequiar-nos amb unes can\u00e7ons tradicionals de Nadal amb diferents idiomes i, finalment, els m\u00e9s grans de l&#8217;escola ens van representar uns pastorets d&#8217;all\u00f2 m\u00e9s originals.<\/p>\n<p>Voleu veure que b\u00e9 ho van fer?<\/p>\n<p>Doncs cliqueu sobre la <em><strong>IMATGE<\/strong> <\/em>i busqueu l&#8217;\u00e0lbum on posa <em><strong>FESTIVAL DE NADAL<\/strong><\/em>, all\u00e0 hi trobareu els v\u00eddeos.<\/p>\n<p><a href=\"https:\/\/agora.xtec.cat\/escolabacdecerdanya\/albums-de-fotos\/escola\/\"><img loading=\"lazy\" decoding=\"async\" class=\"alignnone size-large wp-image-5152\" src=\"https:\/\/agora.xtec.cat\/escolabacdecerdanya\/wp-content\/uploads\/usu1753\/2023\/01\/festival-nadal-1024x768.jpg\" alt=\"\" width=\"1024\" height=\"768\" srcset=\"https:\/\/agora.xtec.cat\/escolabacdecerdanya\/wp-content\/uploads\/usu1753\/2023\/01\/festival-nadal-1024x768.jpg 1024w, https:\/\/agora.xtec.cat\/escolabacdecerdanya\/wp-content\/uploads\/usu1753\/2023\/01\/festival-nadal-300x225.jpg 300w, https:\/\/agora.xtec.cat\/escolabacdecerdanya\/wp-content\/uploads\/usu1753\/2023\/01\/festival-nadal-768x576.jpg 768w, https:\/\/agora.xtec.cat\/escolabacdecerdanya\/wp-content\/uploads\/usu1753\/2023\/01\/festival-nadal-1536x1152.jpg 1536w, https:\/\/agora.xtec.cat\/escolabacdecerdanya\/wp-content\/uploads\/usu1753\/2023\/01\/festival-nadal-200x150.jpg 200w, https:\/\/agora.xtec.cat\/escolabacdecerdanya\/wp-content\/uploads\/usu1753\/2023\/01\/festival-nadal.jpg 1672w\" sizes=\"auto, (max-width: 1024px) 100vw, 1024px\" \/><\/a><\/p>\n","protected":false},"excerpt":{"rendered":"<p>Per acabar el trimestre, aquest any hem fet un festival ple de poemes, can\u00e7ons i teatre!<br \/>\nEls alumnes d&#8217;Educaci\u00f3 Infantil ens van recitar els seus poemes i van acabar amb una can\u00e7\u00f3 conjunta. Els alumnes de 1r a 4rt van obsequiar-nos amb unes can\u00e7ons tradicionals de&hellip;  <a href=\"https:\/\/agora.xtec.cat\/escolabacdecerdanya\/general\/festival-de-nadal-2\/\" title=\"Read FESTIVAL DE NADAL\">Llegeix m\u00e9s\u00bb<\/a><\/p>\n","protected":false},"author":3,"featured_media":5152,"comment_status":"open","ping_status":"closed","sticky":false,"template":"","format":"standard","meta":{"_bbp_topic_count":0,"_bbp_reply_count":0,"_bbp_total_topic_count":0,"_bbp_total_reply_count":0,"_bbp_voice_count":0,"_bbp_anonymous_reply_count":0,"_bbp_topic_count_hidden":0,"_bbp_reply_count_hidden":0,"_bbp_forum_subforum_count":0,"footnotes":""},"categories":[10,11,12,13,14,15,104,105,76,103,161,1,69,61,3,8,9,4],"tags":[251,170],"class_list":["post-5151","post","type-post","status-publish","format-standard","has-post-thumbnail","hentry","category-1r","category-2n","category-3r","category-4t","category-5e","category-6e","category-inicial","category-mitja","category-cicle-superior","category-infantil-2","category-festes","category-general","category-nadal","category-novetats","category-p3","category-p4","category-p5","category-portada","tag-festival-nadal","tag-nadal"],"post_mailing_queue_ids":[],"_links":{"self":[{"href":"https:\/\/agora.xtec.cat\/escolabacdecerdanya\/wp-json\/wp\/v2\/posts\/5151","targetHints":{"allow":["GET"]}}],"collection":[{"href":"https:\/\/agora.xtec.cat\/escolabacdecerdanya\/wp-json\/wp\/v2\/posts"}],"about":[{"href":"https:\/\/agora.xtec.cat\/escolabacdecerdanya\/wp-json\/wp\/v2\/types\/post"}],"author":[{"embeddable":true,"href":"https:\/\/agora.xtec.cat\/escolabacdecerdanya\/wp-json\/wp\/v2\/users\/3"}],"replies":[{"embeddable":true,"href":"https:\/\/agora.xtec.cat\/escolabacdecerdanya\/wp-json\/wp\/v2\/comments?post=5151"}],"version-history":[{"count":1,"href":"https:\/\/agora.xtec.cat\/escolabacdecerdanya\/wp-json\/wp\/v2\/posts\/5151\/revisions"}],"predecessor-version":[{"id":5153,"href":"https:\/\/agora.xtec.cat\/escolabacdecerdanya\/wp-json\/wp\/v2\/posts\/5151\/revisions\/5153"}],"wp:featuredmedia":[{"embeddable":true,"href":"https:\/\/agora.xtec.cat\/escolabacdecerdanya\/wp-json\/wp\/v2\/media\/5152"}],"wp:attachment":[{"href":"https:\/\/agora.xtec.cat\/escolabacdecerdanya\/wp-json\/wp\/v2\/media?parent=5151"}],"wp:term":[{"taxonomy":"category","embeddable":true,"href":"https:\/\/agora.xtec.cat\/escolabacdecerdanya\/wp-json\/wp\/v2\/categories?post=5151"},{"taxonomy":"post_tag","embeddable":true,"href":"https:\/\/agora.xtec.cat\/escolabacdecerdanya\/wp-json\/wp\/v2\/tags?post=5151"}],"curies":[{"name":"wp","href":"https:\/\/api.w.org\/{rel}","templated":true}]}}