{"id":5142,"date":"2022-12-22T18:31:43","date_gmt":"2022-12-22T17:31:43","guid":{"rendered":"https:\/\/agora.xtec.cat\/escolabacdecerdanya\/?p=5142"},"modified":"2022-12-22T18:35:54","modified_gmt":"2022-12-22T17:35:54","slug":"a-lescola-celebrem-les-festes-de-nadal","status":"publish","type":"post","link":"https:\/\/agora.xtec.cat\/escolabacdecerdanya\/general\/a-lescola-celebrem-les-festes-de-nadal\/","title":{"rendered":"A L&#8217;ESCOLA CELEBREM LES FESTES DE NADAL !"},"content":{"rendered":"<p>Per acabar el trimestre i comen\u00e7ar a gaudir de les <strong>festes de Nadal<\/strong> hem realitzat diverses activitats a l&#8217;escola.<\/p>\n<p>Hem realitzat el <strong>festival<\/strong> de final de trimestre on cada curs ha recitat un poema, ha cantat una can\u00e7\u00f3 o ha interpretat un paper dins l&#8217;obra de teatre. Hem cagat el <strong>Ti\u00f3<\/strong> amb molta il\u00b7lusi\u00f3. Ens ha visitat la <strong>patgessa dels Reis Mags<\/strong> de l&#8217;Orient a qui hem demanat salut per tothom, que tothom tingui amics i fins i tot jocs per la classe,&#8230;<\/p>\n<p>Han sigut un dies plens d&#8217;emocions i d&#8217;alegria. Ara toca descansar.<\/p>\n<p><strong>Bones festes a tothom<\/strong> i ens veiem a la tornada!\ud83c\udf8a\ud83c\udf89\ud83d\ude4b<\/p>\n<p><strong>Cliqueu la imatge<\/strong> per veure les fotos<a href=\"https:\/\/agora.xtec.cat\/escolabacdecerdanya\/albums-de-fotos\/escola\/\"><img loading=\"lazy\" decoding=\"async\" class=\"aligncenter wp-image-5143 size-medium\" src=\"https:\/\/agora.xtec.cat\/escolabacdecerdanya\/wp-content\/uploads\/usu1753\/2022\/12\/IMG_20221221_095749-300x276.jpg\" alt=\"\" width=\"300\" height=\"276\" srcset=\"https:\/\/agora.xtec.cat\/escolabacdecerdanya\/wp-content\/uploads\/usu1753\/2022\/12\/IMG_20221221_095749-300x276.jpg 300w, https:\/\/agora.xtec.cat\/escolabacdecerdanya\/wp-content\/uploads\/usu1753\/2022\/12\/IMG_20221221_095749-1024x941.jpg 1024w, https:\/\/agora.xtec.cat\/escolabacdecerdanya\/wp-content\/uploads\/usu1753\/2022\/12\/IMG_20221221_095749-768x706.jpg 768w, https:\/\/agora.xtec.cat\/escolabacdecerdanya\/wp-content\/uploads\/usu1753\/2022\/12\/IMG_20221221_095749-1536x1412.jpg 1536w, https:\/\/agora.xtec.cat\/escolabacdecerdanya\/wp-content\/uploads\/usu1753\/2022\/12\/IMG_20221221_095749.jpg 1762w\" sizes=\"auto, (max-width: 300px) 100vw, 300px\" \/><\/a><\/p>\n","protected":false},"excerpt":{"rendered":"<p>Per acabar el trimestre i comen\u00e7ar a gaudir de les festes de Nadal hem realitzat diverses activitats a l&#8217;escola.<br \/>\nHem realitzat el festival de final de trimestre on cada curs ha recitat un poema, ha cantat una can\u00e7\u00f3 o ha interpretat un paper dins l&#8217;obra de&hellip;  <a href=\"https:\/\/agora.xtec.cat\/escolabacdecerdanya\/general\/a-lescola-celebrem-les-festes-de-nadal\/\" title=\"Read A L&#8217;ESCOLA CELEBREM LES FESTES DE NADAL !\">Llegeix m\u00e9s\u00bb<\/a><\/p>\n","protected":false},"author":6,"featured_media":0,"comment_status":"open","ping_status":"closed","sticky":false,"template":"","format":"standard","meta":{"_bbp_topic_count":0,"_bbp_reply_count":0,"_bbp_total_topic_count":0,"_bbp_total_reply_count":0,"_bbp_voice_count":0,"_bbp_anonymous_reply_count":0,"_bbp_topic_count_hidden":0,"_bbp_reply_count_hidden":0,"_bbp_forum_subforum_count":0,"footnotes":""},"categories":[239,240,161,243,242,241,1,69,4],"tags":[],"class_list":["post-5142","post","type-post","status-publish","format-standard","hentry","category-album-de-fotos","category-cicle-inicial","category-festes","category-ft-cicle-inicial","category-ft-cicle-mitja","category-ft-cicle-superior","category-general","category-nadal","category-portada"],"post_mailing_queue_ids":[],"_links":{"self":[{"href":"https:\/\/agora.xtec.cat\/escolabacdecerdanya\/wp-json\/wp\/v2\/posts\/5142","targetHints":{"allow":["GET"]}}],"collection":[{"href":"https:\/\/agora.xtec.cat\/escolabacdecerdanya\/wp-json\/wp\/v2\/posts"}],"about":[{"href":"https:\/\/agora.xtec.cat\/escolabacdecerdanya\/wp-json\/wp\/v2\/types\/post"}],"author":[{"embeddable":true,"href":"https:\/\/agora.xtec.cat\/escolabacdecerdanya\/wp-json\/wp\/v2\/users\/6"}],"replies":[{"embeddable":true,"href":"https:\/\/agora.xtec.cat\/escolabacdecerdanya\/wp-json\/wp\/v2\/comments?post=5142"}],"version-history":[{"count":4,"href":"https:\/\/agora.xtec.cat\/escolabacdecerdanya\/wp-json\/wp\/v2\/posts\/5142\/revisions"}],"predecessor-version":[{"id":5150,"href":"https:\/\/agora.xtec.cat\/escolabacdecerdanya\/wp-json\/wp\/v2\/posts\/5142\/revisions\/5150"}],"wp:attachment":[{"href":"https:\/\/agora.xtec.cat\/escolabacdecerdanya\/wp-json\/wp\/v2\/media?parent=5142"}],"wp:term":[{"taxonomy":"category","embeddable":true,"href":"https:\/\/agora.xtec.cat\/escolabacdecerdanya\/wp-json\/wp\/v2\/categories?post=5142"},{"taxonomy":"post_tag","embeddable":true,"href":"https:\/\/agora.xtec.cat\/escolabacdecerdanya\/wp-json\/wp\/v2\/tags?post=5142"}],"curies":[{"name":"wp","href":"https:\/\/api.w.org\/{rel}","templated":true}]}}