{"id":5133,"date":"2023-04-19T18:20:36","date_gmt":"2023-04-19T16:20:36","guid":{"rendered":"https:\/\/agora.xtec.cat\/escolabacdecerdanya\/?p=5133"},"modified":"2023-04-20T13:40:31","modified_gmt":"2023-04-20T11:40:31","slug":"lhort","status":"publish","type":"post","link":"https:\/\/agora.xtec.cat\/escolabacdecerdanya\/general\/lhort\/","title":{"rendered":"L&#8217;HORT"},"content":{"rendered":"<p><a href=\"https:\/\/agora.xtec.cat\/escolabacdecerdanya\/wp-content\/uploads\/usu1753\/2023\/04\/IMG-20220927-WA0025.jpg\"><img loading=\"lazy\" decoding=\"async\" class=\" wp-image-5588 alignleft\" src=\"https:\/\/agora.xtec.cat\/escolabacdecerdanya\/wp-content\/uploads\/usu1753\/2023\/04\/IMG-20220927-WA0025-768x1024.jpg\" alt=\"\" width=\"246\" height=\"328\" srcset=\"https:\/\/agora.xtec.cat\/escolabacdecerdanya\/wp-content\/uploads\/usu1753\/2023\/04\/IMG-20220927-WA0025-768x1024.jpg 768w, https:\/\/agora.xtec.cat\/escolabacdecerdanya\/wp-content\/uploads\/usu1753\/2023\/04\/IMG-20220927-WA0025-225x300.jpg 225w, https:\/\/agora.xtec.cat\/escolabacdecerdanya\/wp-content\/uploads\/usu1753\/2023\/04\/IMG-20220927-WA0025-1152x1536.jpg 1152w, https:\/\/agora.xtec.cat\/escolabacdecerdanya\/wp-content\/uploads\/usu1753\/2023\/04\/IMG-20220927-WA0025.jpg 1536w\" sizes=\"auto, (max-width: 246px) 100vw, 246px\" \/><\/a>Aquest curs els i les alumnes de tercer estem preparant i treballant l&#8217;hort. L&#8217;hem netejat i hem plantat espinacs i alls. Ara ens toca regar-lo! L&#8217;estem cuidant molt perqu\u00e8 ens agrada for\u00e7a anar-lo a veure i estem molt engrescats i engrescades de veure qu\u00e8 sortir\u00e0 amb el nostre esfor\u00e7. Hem anat a plantar amb altres cursos amb el planter que ens han fet, ens ho hem passat molt b\u00e9 tot treballant a l&#8217;hort!<\/p>\n<p><a href=\"https:\/\/agora.xtec.cat\/escolabacdecerdanya\/albums-de-fotos\/cicle-mitja\/\">FOTOS DE L&#8217;HORT<\/a><\/p>\n<p><a href=\"https:\/\/agora.xtec.cat\/escolabacdecerdanya\/albums-de-fotos\/cicle-mitja\/\"><img loading=\"lazy\" decoding=\"async\" class=\"wp-image-5539 alignright\" src=\"https:\/\/agora.xtec.cat\/escolabacdecerdanya\/wp-content\/uploads\/usu1753\/2023\/04\/foto-hort-1024x1024.jpg\" alt=\"\" width=\"227\" height=\"227\" srcset=\"https:\/\/agora.xtec.cat\/escolabacdecerdanya\/wp-content\/uploads\/usu1753\/2023\/04\/foto-hort-1024x1024.jpg 1024w, https:\/\/agora.xtec.cat\/escolabacdecerdanya\/wp-content\/uploads\/usu1753\/2023\/04\/foto-hort-300x300.jpg 300w, https:\/\/agora.xtec.cat\/escolabacdecerdanya\/wp-content\/uploads\/usu1753\/2023\/04\/foto-hort-150x150.jpg 150w, https:\/\/agora.xtec.cat\/escolabacdecerdanya\/wp-content\/uploads\/usu1753\/2023\/04\/foto-hort-768x768.jpg 768w, https:\/\/agora.xtec.cat\/escolabacdecerdanya\/wp-content\/uploads\/usu1753\/2023\/04\/foto-hort.jpg 1512w\" sizes=\"auto, (max-width: 227px) 100vw, 227px\" \/><\/a><\/p>\n<p><a href=\"https:\/\/agora.xtec.cat\/escolabacdecerdanya\/wp-content\/uploads\/usu1753\/2023\/04\/IMG-20220927-WA0024.jpg\"><img loading=\"lazy\" decoding=\"async\" class=\"wp-image-5587 alignleft\" src=\"https:\/\/agora.xtec.cat\/escolabacdecerdanya\/wp-content\/uploads\/usu1753\/2023\/04\/IMG-20220927-WA0024-1024x768.jpg\" alt=\"\" width=\"223\" height=\"167\" srcset=\"https:\/\/agora.xtec.cat\/escolabacdecerdanya\/wp-content\/uploads\/usu1753\/2023\/04\/IMG-20220927-WA0024-1024x768.jpg 1024w, https:\/\/agora.xtec.cat\/escolabacdecerdanya\/wp-content\/uploads\/usu1753\/2023\/04\/IMG-20220927-WA0024-300x225.jpg 300w, https:\/\/agora.xtec.cat\/escolabacdecerdanya\/wp-content\/uploads\/usu1753\/2023\/04\/IMG-20220927-WA0024-768x576.jpg 768w, https:\/\/agora.xtec.cat\/escolabacdecerdanya\/wp-content\/uploads\/usu1753\/2023\/04\/IMG-20220927-WA0024-1536x1152.jpg 1536w, https:\/\/agora.xtec.cat\/escolabacdecerdanya\/wp-content\/uploads\/usu1753\/2023\/04\/IMG-20220927-WA0024-200x150.jpg 200w, https:\/\/agora.xtec.cat\/escolabacdecerdanya\/wp-content\/uploads\/usu1753\/2023\/04\/IMG-20220927-WA0024.jpg 2048w\" sizes=\"auto, (max-width: 223px) 100vw, 223px\" \/><\/a> <a href=\"https:\/\/agora.xtec.cat\/escolabacdecerdanya\/wp-content\/uploads\/usu1753\/2023\/04\/IMG-20220927-WA0026.jpg\"><img loading=\"lazy\" decoding=\"async\" class=\"wp-image-5589 alignleft\" src=\"https:\/\/agora.xtec.cat\/escolabacdecerdanya\/wp-content\/uploads\/usu1753\/2023\/04\/IMG-20220927-WA0026-768x1024.jpg\" alt=\"\" width=\"206\" height=\"275\" srcset=\"https:\/\/agora.xtec.cat\/escolabacdecerdanya\/wp-content\/uploads\/usu1753\/2023\/04\/IMG-20220927-WA0026-768x1024.jpg 768w, https:\/\/agora.xtec.cat\/escolabacdecerdanya\/wp-content\/uploads\/usu1753\/2023\/04\/IMG-20220927-WA0026-225x300.jpg 225w, https:\/\/agora.xtec.cat\/escolabacdecerdanya\/wp-content\/uploads\/usu1753\/2023\/04\/IMG-20220927-WA0026-1152x1536.jpg 1152w, https:\/\/agora.xtec.cat\/escolabacdecerdanya\/wp-content\/uploads\/usu1753\/2023\/04\/IMG-20220927-WA0026.jpg 1536w\" sizes=\"auto, (max-width: 206px) 100vw, 206px\" \/><\/a><img loading=\"lazy\" decoding=\"async\" class=\"wp-image-5586 alignnone\" src=\"https:\/\/agora.xtec.cat\/escolabacdecerdanya\/wp-content\/uploads\/usu1753\/2023\/04\/IMG-20220922-WA0006-1024x768.jpg\" alt=\"\" width=\"277\" height=\"208\" srcset=\"https:\/\/agora.xtec.cat\/escolabacdecerdanya\/wp-content\/uploads\/usu1753\/2023\/04\/IMG-20220922-WA0006-1024x768.jpg 1024w, https:\/\/agora.xtec.cat\/escolabacdecerdanya\/wp-content\/uploads\/usu1753\/2023\/04\/IMG-20220922-WA0006-300x225.jpg 300w, https:\/\/agora.xtec.cat\/escolabacdecerdanya\/wp-content\/uploads\/usu1753\/2023\/04\/IMG-20220922-WA0006-768x576.jpg 768w, https:\/\/agora.xtec.cat\/escolabacdecerdanya\/wp-content\/uploads\/usu1753\/2023\/04\/IMG-20220922-WA0006-1536x1152.jpg 1536w, https:\/\/agora.xtec.cat\/escolabacdecerdanya\/wp-content\/uploads\/usu1753\/2023\/04\/IMG-20220922-WA0006-200x150.jpg 200w, https:\/\/agora.xtec.cat\/escolabacdecerdanya\/wp-content\/uploads\/usu1753\/2023\/04\/IMG-20220922-WA0006.jpg 1600w\" sizes=\"auto, (max-width: 277px) 100vw, 277px\" \/> <a href=\"https:\/\/agora.xtec.cat\/escolabacdecerdanya\/wp-content\/uploads\/usu1753\/2023\/04\/072A1F9B-D51E-46CB-8287-C71F792DF559.jpeg\"><img loading=\"lazy\" decoding=\"async\" class=\"wp-image-5583 alignright\" src=\"https:\/\/agora.xtec.cat\/escolabacdecerdanya\/wp-content\/uploads\/usu1753\/2023\/04\/072A1F9B-D51E-46CB-8287-C71F792DF559.jpeg\" alt=\"\" width=\"263\" height=\"197\" srcset=\"https:\/\/agora.xtec.cat\/escolabacdecerdanya\/wp-content\/uploads\/usu1753\/2023\/04\/072A1F9B-D51E-46CB-8287-C71F792DF559.jpeg 1024w, https:\/\/agora.xtec.cat\/escolabacdecerdanya\/wp-content\/uploads\/usu1753\/2023\/04\/072A1F9B-D51E-46CB-8287-C71F792DF559-300x225.jpeg 300w, https:\/\/agora.xtec.cat\/escolabacdecerdanya\/wp-content\/uploads\/usu1753\/2023\/04\/072A1F9B-D51E-46CB-8287-C71F792DF559-768x576.jpeg 768w, https:\/\/agora.xtec.cat\/escolabacdecerdanya\/wp-content\/uploads\/usu1753\/2023\/04\/072A1F9B-D51E-46CB-8287-C71F792DF559-200x150.jpeg 200w\" sizes=\"auto, (max-width: 263px) 100vw, 263px\" \/><\/a><img loading=\"lazy\" decoding=\"async\" class=\"wp-image-5582 alignleft\" src=\"https:\/\/agora.xtec.cat\/escolabacdecerdanya\/wp-content\/uploads\/usu1753\/2023\/04\/2DE9E104-E0F6-42F4-9760-12DAC91DDF5A.jpeg\" alt=\"\" width=\"243\" height=\"182\" srcset=\"https:\/\/agora.xtec.cat\/escolabacdecerdanya\/wp-content\/uploads\/usu1753\/2023\/04\/2DE9E104-E0F6-42F4-9760-12DAC91DDF5A.jpeg 1024w, https:\/\/agora.xtec.cat\/escolabacdecerdanya\/wp-content\/uploads\/usu1753\/2023\/04\/2DE9E104-E0F6-42F4-9760-12DAC91DDF5A-300x225.jpeg 300w, https:\/\/agora.xtec.cat\/escolabacdecerdanya\/wp-content\/uploads\/usu1753\/2023\/04\/2DE9E104-E0F6-42F4-9760-12DAC91DDF5A-768x576.jpeg 768w, https:\/\/agora.xtec.cat\/escolabacdecerdanya\/wp-content\/uploads\/usu1753\/2023\/04\/2DE9E104-E0F6-42F4-9760-12DAC91DDF5A-200x150.jpeg 200w\" sizes=\"auto, (max-width: 243px) 100vw, 243px\" \/><\/p>\n","protected":false},"excerpt":{"rendered":"<p><a href=\"https:\/\/agora.xtec.cat\/escolabacdecerdanya\/wp-content\/uploads\/usu1753\/2023\/04\/IMG-20220927-WA0025.jpg\"><\/a>Aquest curs els i les alumnes de tercer estem preparant i treballant l&#8217;hort. L&#8217;hem netejat i hem plantat espinacs i alls. Ara ens toca regar-lo! L&#8217;estem cuidant molt perqu\u00e8 ens agrada for\u00e7a anar-lo a veure i estem molt engrescats i engrescades de veure qu\u00e8&hellip;  <a href=\"https:\/\/agora.xtec.cat\/escolabacdecerdanya\/general\/lhort\/\" title=\"Read L&#8217;HORT\">Llegeix m\u00e9s\u00bb<\/a><\/p>\n","protected":false},"author":18,"featured_media":5539,"comment_status":"open","ping_status":"closed","sticky":false,"template":"","format":"standard","meta":{"_bbp_topic_count":0,"_bbp_reply_count":0,"_bbp_total_topic_count":0,"_bbp_total_reply_count":0,"_bbp_voice_count":0,"_bbp_anonymous_reply_count":0,"_bbp_topic_count_hidden":0,"_bbp_reply_count_hidden":0,"_bbp_forum_subforum_count":0,"footnotes":""},"categories":[12,242,1,4],"tags":[],"class_list":["post-5133","post","type-post","status-publish","format-standard","has-post-thumbnail","hentry","category-3r","category-ft-cicle-mitja","category-general","category-portada"],"post_mailing_queue_ids":[],"_links":{"self":[{"href":"https:\/\/agora.xtec.cat\/escolabacdecerdanya\/wp-json\/wp\/v2\/posts\/5133","targetHints":{"allow":["GET"]}}],"collection":[{"href":"https:\/\/agora.xtec.cat\/escolabacdecerdanya\/wp-json\/wp\/v2\/posts"}],"about":[{"href":"https:\/\/agora.xtec.cat\/escolabacdecerdanya\/wp-json\/wp\/v2\/types\/post"}],"author":[{"embeddable":true,"href":"https:\/\/agora.xtec.cat\/escolabacdecerdanya\/wp-json\/wp\/v2\/users\/18"}],"replies":[{"embeddable":true,"href":"https:\/\/agora.xtec.cat\/escolabacdecerdanya\/wp-json\/wp\/v2\/comments?post=5133"}],"version-history":[{"count":3,"href":"https:\/\/agora.xtec.cat\/escolabacdecerdanya\/wp-json\/wp\/v2\/posts\/5133\/revisions"}],"predecessor-version":[{"id":5591,"href":"https:\/\/agora.xtec.cat\/escolabacdecerdanya\/wp-json\/wp\/v2\/posts\/5133\/revisions\/5591"}],"wp:featuredmedia":[{"embeddable":true,"href":"https:\/\/agora.xtec.cat\/escolabacdecerdanya\/wp-json\/wp\/v2\/media\/5539"}],"wp:attachment":[{"href":"https:\/\/agora.xtec.cat\/escolabacdecerdanya\/wp-json\/wp\/v2\/media?parent=5133"}],"wp:term":[{"taxonomy":"category","embeddable":true,"href":"https:\/\/agora.xtec.cat\/escolabacdecerdanya\/wp-json\/wp\/v2\/categories?post=5133"},{"taxonomy":"post_tag","embeddable":true,"href":"https:\/\/agora.xtec.cat\/escolabacdecerdanya\/wp-json\/wp\/v2\/tags?post=5133"}],"curies":[{"name":"wp","href":"https:\/\/api.w.org\/{rel}","templated":true}]}}