{"id":512,"date":"2017-01-17T16:02:00","date_gmt":"2017-01-17T15:02:00","guid":{"rendered":"http:\/\/agora.xtec.cat\/escolabacdecerdanya\/general\/a-jugar-amb-la-neu\/"},"modified":"2017-01-17T16:02:00","modified_gmt":"2017-01-17T15:02:00","slug":"a-jugar-amb-la-neu","status":"publish","type":"post","link":"https:\/\/agora.xtec.cat\/escolabacdecerdanya\/general\/a-jugar-amb-la-neu\/","title":{"rendered":"A JUGAR AMB LA NEU!!"},"content":{"rendered":"<p><span style=\"font-family: &quot;verdana&quot; , sans-serif;\">Aprofitant la gran nevada d&#8217;ahir avui he tornat a sortir a jugar amb la neu, per\u00f2 aquesta vegada tamb\u00e9 han pogut sortit els m\u00e9s petits del cole perqu\u00e8 ja anaven tots ben equipats.&nbsp;<\/span><br \/><span style=\"font-family: &quot;verdana&quot; , sans-serif;\">Han quedat ben rebossats!!<\/span><\/p>\n<div style=\"clear: both; text-align: center;\"><a href=\"https:\/\/goo.gl\/photos\/zHrDRrdepoyxq6gm7\" target=\"_blank\"><img loading=\"lazy\" decoding=\"async\" border=\"0\" height=\"240\" src=\"https:\/\/2.bp.blogspot.com\/-k55F_pU00Wo\/WH4jJjH6izI\/AAAAAAAAKEs\/um3nR5w3MT4q9bba__Sb6iYTfTwDG8skQCLcB\/s320\/IMG_0600.JPG\" width=\"320\" \/><\/a><\/div>\n<p><span style=\"font-family: &quot;verdana&quot; , sans-serif;\">I a m\u00e9s a m\u00e9s, ens han visitats uns periodistes de TV3 i han entrevistat la directora. Ha sigut un pati d&#8217;all\u00f2 m\u00e9s entretingut!!<\/span><br \/><span style=\"font-family: &quot;verdana&quot; , sans-serif;\"><br \/><\/span><\/p>\n<div style=\"clear: both; text-align: center;\"><a href=\"https:\/\/1.bp.blogspot.com\/-jwY3yS-u7cU\/WH4jy2o5V9I\/AAAAAAAAKE4\/DAV8D-6X_JUPaP6wgcdGcD8evPnGtZ5xgCLcB\/s1600\/IMG_0596.JPG\" style=\"margin-left: 1em; margin-right: 1em;\"><img loading=\"lazy\" decoding=\"async\" border=\"0\" height=\"240\" src=\"https:\/\/1.bp.blogspot.com\/-jwY3yS-u7cU\/WH4jy2o5V9I\/AAAAAAAAKE4\/DAV8D-6X_JUPaP6wgcdGcD8evPnGtZ5xgCLcB\/s320\/IMG_0596.JPG\" width=\"320\" \/><\/a><\/div>\n<p><span style=\"font-family: &quot;verdana&quot; , sans-serif;\"><br \/><\/span><\/p>\n","protected":false},"excerpt":{"rendered":"<p>Aprofitant la gran nevada d&#8217;ahir avui he tornat a sortir a jugar amb la neu, per\u00f2 aquesta vegada tamb\u00e9 han pogut sortit els m\u00e9s petits del cole perqu\u00e8 ja anaven tots ben equipats.&nbsp;Han quedat ben rebossats!!<br \/>\n<a href=\"https:\/\/goo.gl\/photos\/zHrDRrdepoyxq6gm7\" target=\"_blank\"><\/a><br \/>\nI a m\u00e9s a m\u00e9s, ens han visitats&hellip;  <a href=\"https:\/\/agora.xtec.cat\/escolabacdecerdanya\/general\/a-jugar-amb-la-neu\/\" title=\"Read A JUGAR AMB LA NEU!!\">Llegeix m\u00e9s\u00bb<\/a><\/p>\n","protected":false},"author":1,"featured_media":0,"comment_status":"open","ping_status":"closed","sticky":false,"template":"","format":"standard","meta":{"_bbp_topic_count":0,"_bbp_reply_count":0,"_bbp_total_topic_count":0,"_bbp_total_reply_count":0,"_bbp_voice_count":0,"_bbp_anonymous_reply_count":0,"_bbp_topic_count_hidden":0,"_bbp_reply_count_hidden":0,"_bbp_forum_subforum_count":0,"footnotes":""},"categories":[1],"tags":[],"class_list":["post-512","post","type-post","status-publish","format-standard","hentry","category-general"],"post_mailing_queue_ids":[],"_links":{"self":[{"href":"https:\/\/agora.xtec.cat\/escolabacdecerdanya\/wp-json\/wp\/v2\/posts\/512","targetHints":{"allow":["GET"]}}],"collection":[{"href":"https:\/\/agora.xtec.cat\/escolabacdecerdanya\/wp-json\/wp\/v2\/posts"}],"about":[{"href":"https:\/\/agora.xtec.cat\/escolabacdecerdanya\/wp-json\/wp\/v2\/types\/post"}],"author":[{"embeddable":true,"href":"https:\/\/agora.xtec.cat\/escolabacdecerdanya\/wp-json\/wp\/v2\/users\/1"}],"replies":[{"embeddable":true,"href":"https:\/\/agora.xtec.cat\/escolabacdecerdanya\/wp-json\/wp\/v2\/comments?post=512"}],"version-history":[{"count":0,"href":"https:\/\/agora.xtec.cat\/escolabacdecerdanya\/wp-json\/wp\/v2\/posts\/512\/revisions"}],"wp:attachment":[{"href":"https:\/\/agora.xtec.cat\/escolabacdecerdanya\/wp-json\/wp\/v2\/media?parent=512"}],"wp:term":[{"taxonomy":"category","embeddable":true,"href":"https:\/\/agora.xtec.cat\/escolabacdecerdanya\/wp-json\/wp\/v2\/categories?post=512"},{"taxonomy":"post_tag","embeddable":true,"href":"https:\/\/agora.xtec.cat\/escolabacdecerdanya\/wp-json\/wp\/v2\/tags?post=512"}],"curies":[{"name":"wp","href":"https:\/\/api.w.org\/{rel}","templated":true}]}}