{"id":511,"date":"2017-01-24T14:48:00","date_gmt":"2017-01-24T13:48:00","guid":{"rendered":"http:\/\/agora.xtec.cat\/escolabacdecerdanya\/general\/i-ara-esqui-de-fons\/"},"modified":"2017-01-24T14:48:00","modified_gmt":"2017-01-24T13:48:00","slug":"i-ara-esqui-de-fons","status":"publish","type":"post","link":"https:\/\/agora.xtec.cat\/escolabacdecerdanya\/esqui\/i-ara-esqui-de-fons\/","title":{"rendered":"I ARA&#8230;ESQU\u00cd DE FONS!"},"content":{"rendered":"<p><span style=\"font-family: Verdana, sans-serif;\">I com cada any, despr\u00e9s de la setmana d&#8217;esqu\u00ed alp\u00ed i snowboard, ens toca practicar l&#8217;esqu\u00ed de fons els de Prim\u00e0ria i les baixades en tirneu els d&#8217;infantil.<\/span><br \/><span style=\"font-family: Verdana, sans-serif;\"><br \/><\/span><span style=\"font-family: Verdana, sans-serif;\">Aquest any la neu est\u00e0 espectacular i hem disfrutat d&#8217;all\u00f2 m\u00e9s, tant alumnes com mestres!<\/span><\/p>\n<div style=\"clear: both; text-align: center;\"><a href=\"https:\/\/goo.gl\/photos\/yu7o3c1nfzyYYZkS6\" target=\"_blank\"><img loading=\"lazy\" decoding=\"async\" border=\"0\" height=\"240\" src=\"https:\/\/4.bp.blogspot.com\/-w6LrcERBHgE\/WIdNH-O1x1I\/AAAAAAAAKKE\/gkTblQSbUhwM2LdInk4nHfyRRdaac1Q2QCLcB\/s320\/IMG_0662.JPG\" width=\"320\" \/><\/a><\/div>\n<p><\/p>\n","protected":false},"excerpt":{"rendered":"<p>I com cada any, despr\u00e9s de la setmana d&#8217;esqu\u00ed alp\u00ed i snowboard, ens toca practicar l&#8217;esqu\u00ed de fons els de Prim\u00e0ria i les baixades en tirneu els d&#8217;infantil.Aquest any la neu est\u00e0 espectacular i hem disfrutat d&#8217;all\u00f2 m\u00e9s, tant alumnes com mestres!<br \/>\n<a href=\"https:\/\/goo.gl\/photos\/yu7o3c1nfzyYYZkS6\" target=\"_blank\"><\/a><\/p>\n","protected":false},"author":1,"featured_media":0,"comment_status":"open","ping_status":"closed","sticky":false,"template":"","format":"standard","meta":{"_bbp_topic_count":0,"_bbp_reply_count":0,"_bbp_total_topic_count":0,"_bbp_total_reply_count":0,"_bbp_voice_count":0,"_bbp_anonymous_reply_count":0,"_bbp_topic_count_hidden":0,"_bbp_reply_count_hidden":0,"_bbp_forum_subforum_count":0,"footnotes":""},"categories":[68,86],"tags":[],"class_list":["post-511","post","type-post","status-publish","format-standard","hentry","category-esqui","category-sortida"],"post_mailing_queue_ids":[],"_links":{"self":[{"href":"https:\/\/agora.xtec.cat\/escolabacdecerdanya\/wp-json\/wp\/v2\/posts\/511","targetHints":{"allow":["GET"]}}],"collection":[{"href":"https:\/\/agora.xtec.cat\/escolabacdecerdanya\/wp-json\/wp\/v2\/posts"}],"about":[{"href":"https:\/\/agora.xtec.cat\/escolabacdecerdanya\/wp-json\/wp\/v2\/types\/post"}],"author":[{"embeddable":true,"href":"https:\/\/agora.xtec.cat\/escolabacdecerdanya\/wp-json\/wp\/v2\/users\/1"}],"replies":[{"embeddable":true,"href":"https:\/\/agora.xtec.cat\/escolabacdecerdanya\/wp-json\/wp\/v2\/comments?post=511"}],"version-history":[{"count":0,"href":"https:\/\/agora.xtec.cat\/escolabacdecerdanya\/wp-json\/wp\/v2\/posts\/511\/revisions"}],"wp:attachment":[{"href":"https:\/\/agora.xtec.cat\/escolabacdecerdanya\/wp-json\/wp\/v2\/media?parent=511"}],"wp:term":[{"taxonomy":"category","embeddable":true,"href":"https:\/\/agora.xtec.cat\/escolabacdecerdanya\/wp-json\/wp\/v2\/categories?post=511"},{"taxonomy":"post_tag","embeddable":true,"href":"https:\/\/agora.xtec.cat\/escolabacdecerdanya\/wp-json\/wp\/v2\/tags?post=511"}],"curies":[{"name":"wp","href":"https:\/\/api.w.org\/{rel}","templated":true}]}}