{"id":5105,"date":"2022-12-13T09:29:47","date_gmt":"2022-12-13T08:29:47","guid":{"rendered":"https:\/\/agora.xtec.cat\/escolabacdecerdanya\/?p=5105"},"modified":"2022-12-13T09:29:47","modified_gmt":"2022-12-13T08:29:47","slug":"la-quina-nadalenca-de-lescola","status":"publish","type":"post","link":"https:\/\/agora.xtec.cat\/escolabacdecerdanya\/general\/la-quina-nadalenca-de-lescola\/","title":{"rendered":"LA QUINA NADALENCA DE L&#8217;ESCOLA!"},"content":{"rendered":"<p>Divendres passat vam fer la quina de nadal de l&#8217;escola i va tornar a ser tot un \u00e8xit!<a href=\"https:\/\/agora.xtec.cat\/escolabacdecerdanya\/wp-content\/uploads\/usu1753\/2022\/12\/IMG-20221210-WA0011.jpg\"><img loading=\"lazy\" decoding=\"async\" class=\"wp-image-5111 alignleft\" src=\"https:\/\/agora.xtec.cat\/escolabacdecerdanya\/wp-content\/uploads\/usu1753\/2022\/12\/IMG-20221210-WA0011-1024x1024.jpg\" alt=\"\" width=\"221\" height=\"221\" srcset=\"https:\/\/agora.xtec.cat\/escolabacdecerdanya\/wp-content\/uploads\/usu1753\/2022\/12\/IMG-20221210-WA0011-1024x1024.jpg 1024w, https:\/\/agora.xtec.cat\/escolabacdecerdanya\/wp-content\/uploads\/usu1753\/2022\/12\/IMG-20221210-WA0011-300x300.jpg 300w, https:\/\/agora.xtec.cat\/escolabacdecerdanya\/wp-content\/uploads\/usu1753\/2022\/12\/IMG-20221210-WA0011-150x150.jpg 150w, https:\/\/agora.xtec.cat\/escolabacdecerdanya\/wp-content\/uploads\/usu1753\/2022\/12\/IMG-20221210-WA0011-768x768.jpg 768w, https:\/\/agora.xtec.cat\/escolabacdecerdanya\/wp-content\/uploads\/usu1753\/2022\/12\/IMG-20221210-WA0011.jpg 1512w\" sizes=\"auto, (max-width: 221px) 100vw, 221px\" \/><\/a> <a href=\"https:\/\/agora.xtec.cat\/escolabacdecerdanya\/wp-content\/uploads\/usu1753\/2022\/12\/IMG-20221210-WA0002.jpg\"><img loading=\"lazy\" decoding=\"async\" class=\"wp-image-5112 alignright\" src=\"https:\/\/agora.xtec.cat\/escolabacdecerdanya\/wp-content\/uploads\/usu1753\/2022\/12\/IMG-20221210-WA0002-1024x1024.jpg\" alt=\"\" width=\"220\" height=\"220\" srcset=\"https:\/\/agora.xtec.cat\/escolabacdecerdanya\/wp-content\/uploads\/usu1753\/2022\/12\/IMG-20221210-WA0002-1024x1024.jpg 1024w, https:\/\/agora.xtec.cat\/escolabacdecerdanya\/wp-content\/uploads\/usu1753\/2022\/12\/IMG-20221210-WA0002-300x300.jpg 300w, https:\/\/agora.xtec.cat\/escolabacdecerdanya\/wp-content\/uploads\/usu1753\/2022\/12\/IMG-20221210-WA0002-150x150.jpg 150w, https:\/\/agora.xtec.cat\/escolabacdecerdanya\/wp-content\/uploads\/usu1753\/2022\/12\/IMG-20221210-WA0002-768x768.jpg 768w, https:\/\/agora.xtec.cat\/escolabacdecerdanya\/wp-content\/uploads\/usu1753\/2022\/12\/IMG-20221210-WA0002.jpg 1512w\" sizes=\"auto, (max-width: 220px) 100vw, 220px\" \/><\/a><\/p>\n<p>Vam vendre tots els cartrons i encara ens en van faltar i tot! la gent va demostrar que tenia ganes de trobar-se, de fer caliu i de col\u00b7laborar amb l&#8217;escola&#8230; l&#8217;escola de tots. Com sempre els lots van ser espectaculars, com no podia ser d&#8217;altra manera amb el munt de col\u00b7laboradors que tenim. \u00c9s un goig veure com any rera any col\u00b7laboren moltes fam\u00edlies de l&#8217;escola i segueixen fent aportacions amb alegria fam\u00edlies d&#8217;exalumnes i moltes altres empreses. Una petita expedici\u00f3 de mares<\/p>\n<p><a href=\"https:\/\/agora.xtec.cat\/escolabacdecerdanya\/wp-content\/uploads\/usu1753\/2022\/12\/IMG-20221210-WA0010.jpg\"><img loading=\"lazy\" decoding=\"async\" class=\"wp-image-5110 alignleft\" src=\"https:\/\/agora.xtec.cat\/escolabacdecerdanya\/wp-content\/uploads\/usu1753\/2022\/12\/IMG-20221210-WA0010-1024x1024.jpg\" alt=\"\" width=\"263\" height=\"263\" srcset=\"https:\/\/agora.xtec.cat\/escolabacdecerdanya\/wp-content\/uploads\/usu1753\/2022\/12\/IMG-20221210-WA0010-1024x1024.jpg 1024w, https:\/\/agora.xtec.cat\/escolabacdecerdanya\/wp-content\/uploads\/usu1753\/2022\/12\/IMG-20221210-WA0010-300x300.jpg 300w, https:\/\/agora.xtec.cat\/escolabacdecerdanya\/wp-content\/uploads\/usu1753\/2022\/12\/IMG-20221210-WA0010-150x150.jpg 150w, https:\/\/agora.xtec.cat\/escolabacdecerdanya\/wp-content\/uploads\/usu1753\/2022\/12\/IMG-20221210-WA0010-768x768.jpg 768w, https:\/\/agora.xtec.cat\/escolabacdecerdanya\/wp-content\/uploads\/usu1753\/2022\/12\/IMG-20221210-WA0010.jpg 1512w\" sizes=\"auto, (max-width: 263px) 100vw, 263px\" \/><\/a><a href=\"https:\/\/agora.xtec.cat\/escolabacdecerdanya\/wp-content\/uploads\/usu1753\/2022\/12\/IMG-20221210-WA0003.jpg\"><img loading=\"lazy\" decoding=\"async\" class=\"wp-image-5108 alignleft\" src=\"https:\/\/agora.xtec.cat\/escolabacdecerdanya\/wp-content\/uploads\/usu1753\/2022\/12\/IMG-20221210-WA0003-1024x1024.jpg\" alt=\"\" width=\"266\" height=\"266\" srcset=\"https:\/\/agora.xtec.cat\/escolabacdecerdanya\/wp-content\/uploads\/usu1753\/2022\/12\/IMG-20221210-WA0003-1024x1024.jpg 1024w, https:\/\/agora.xtec.cat\/escolabacdecerdanya\/wp-content\/uploads\/usu1753\/2022\/12\/IMG-20221210-WA0003-300x300.jpg 300w, https:\/\/agora.xtec.cat\/escolabacdecerdanya\/wp-content\/uploads\/usu1753\/2022\/12\/IMG-20221210-WA0003-150x150.jpg 150w, https:\/\/agora.xtec.cat\/escolabacdecerdanya\/wp-content\/uploads\/usu1753\/2022\/12\/IMG-20221210-WA0003-768x768.jpg 768w, https:\/\/agora.xtec.cat\/escolabacdecerdanya\/wp-content\/uploads\/usu1753\/2022\/12\/IMG-20221210-WA0003.jpg 1512w\" sizes=\"auto, (max-width: 266px) 100vw, 266px\" \/><\/a>i algun <a href=\"https:\/\/agora.xtec.cat\/escolabacdecerdanya\/wp-content\/uploads\/usu1753\/2022\/12\/IMG-20221210-WA0013.jpg\"><img loading=\"lazy\" decoding=\"async\" class=\"wp-image-5106 alignleft\" src=\"https:\/\/agora.xtec.cat\/escolabacdecerdanya\/wp-content\/uploads\/usu1753\/2022\/12\/IMG-20221210-WA0013-473x1024.jpg\" alt=\"\" width=\"122\" height=\"264\" srcset=\"https:\/\/agora.xtec.cat\/escolabacdecerdanya\/wp-content\/uploads\/usu1753\/2022\/12\/IMG-20221210-WA0013-473x1024.jpg 473w, https:\/\/agora.xtec.cat\/escolabacdecerdanya\/wp-content\/uploads\/usu1753\/2022\/12\/IMG-20221210-WA0013-138x300.jpg 138w, https:\/\/agora.xtec.cat\/escolabacdecerdanya\/wp-content\/uploads\/usu1753\/2022\/12\/IMG-20221210-WA0013-768x1664.jpg 768w, https:\/\/agora.xtec.cat\/escolabacdecerdanya\/wp-content\/uploads\/usu1753\/2022\/12\/IMG-20221210-WA0013-709x1536.jpg 709w, https:\/\/agora.xtec.cat\/escolabacdecerdanya\/wp-content\/uploads\/usu1753\/2022\/12\/IMG-20221210-WA0013.jpg 945w\" sizes=\"auto, (max-width: 122px) 100vw, 122px\" \/><\/a>pare van treballar com formiguetes per fer possible aquesta activitat&#8230; una feinada que mai podrem agrair prou. Tamb\u00e9 hem de donar les gr\u00e0cies a l&#8217;Ajuntament d&#8217;Alp per cedir-nos l&#8217;espai i muntar-nos les taules, cadires, escenari,&#8230; a l&#8217;Edi per oferir-se a cantar la quina i a la Matil de la Llibreria Canal per haver-nos ajudat amb la venda anticipada de cartrons.<\/p>\n<p>Moltes gr\u00e0cies a tots els que ho fem possible!&#8230; l&#8217;any vinent hi tornarem!<\/p>\n<div style=\"width: 640px;\" class=\"wp-video\"><!--[if lt IE 9]><script>document.createElement('video');<\/script><![endif]-->\n<video class=\"wp-video-shortcode\" id=\"video-5105-1\" width=\"640\" height=\"352\" preload=\"metadata\" controls=\"controls\"><source type=\"video\/mp4\" src=\"https:\/\/agora.xtec.cat\/escolabacdecerdanya\/wp-content\/uploads\/usu1753\/2022\/12\/VID-20221210-WA0012.mp4?_=1\" \/><a href=\"https:\/\/agora.xtec.cat\/escolabacdecerdanya\/wp-content\/uploads\/usu1753\/2022\/12\/VID-20221210-WA0012.mp4\">https:\/\/agora.xtec.cat\/escolabacdecerdanya\/wp-content\/uploads\/usu1753\/2022\/12\/VID-20221210-WA0012.mp4<\/a><\/video><\/div>\n","protected":false},"excerpt":{"rendered":"<p>Divendres passat vam fer la quina de nadal de l&#8217;escola i va tornar a ser tot un \u00e8xit!<a href=\"https:\/\/agora.xtec.cat\/escolabacdecerdanya\/wp-content\/uploads\/usu1753\/2022\/12\/IMG-20221210-WA0011.jpg\"><\/a> <a href=\"https:\/\/agora.xtec.cat\/escolabacdecerdanya\/wp-content\/uploads\/usu1753\/2022\/12\/IMG-20221210-WA0002.jpg\"><\/a><br \/>\nVam vendre tots els cartrons i encara ens en van faltar i tot! la gent va demostrar que tenia ganes de trobar-se, de fer caliu&hellip;  <a href=\"https:\/\/agora.xtec.cat\/escolabacdecerdanya\/general\/la-quina-nadalenca-de-lescola\/\" title=\"Read LA QUINA NADALENCA DE L&#8217;ESCOLA!\">Llegeix m\u00e9s\u00bb<\/a><\/p>\n","protected":false},"author":8,"featured_media":5108,"comment_status":"open","ping_status":"closed","sticky":false,"template":"","format":"standard","meta":{"_bbp_topic_count":0,"_bbp_reply_count":0,"_bbp_total_topic_count":0,"_bbp_total_reply_count":0,"_bbp_voice_count":0,"_bbp_anonymous_reply_count":0,"_bbp_topic_count_hidden":0,"_bbp_reply_count_hidden":0,"_bbp_forum_subforum_count":0,"footnotes":""},"categories":[60,161,1,69,61,4,70],"tags":[],"class_list":["post-5105","post","type-post","status-publish","format-standard","has-post-thumbnail","hentry","category-families","category-festes","category-general","category-nadal","category-novetats","category-portada","category-quina"],"post_mailing_queue_ids":[],"_links":{"self":[{"href":"https:\/\/agora.xtec.cat\/escolabacdecerdanya\/wp-json\/wp\/v2\/posts\/5105","targetHints":{"allow":["GET"]}}],"collection":[{"href":"https:\/\/agora.xtec.cat\/escolabacdecerdanya\/wp-json\/wp\/v2\/posts"}],"about":[{"href":"https:\/\/agora.xtec.cat\/escolabacdecerdanya\/wp-json\/wp\/v2\/types\/post"}],"author":[{"embeddable":true,"href":"https:\/\/agora.xtec.cat\/escolabacdecerdanya\/wp-json\/wp\/v2\/users\/8"}],"replies":[{"embeddable":true,"href":"https:\/\/agora.xtec.cat\/escolabacdecerdanya\/wp-json\/wp\/v2\/comments?post=5105"}],"version-history":[{"count":1,"href":"https:\/\/agora.xtec.cat\/escolabacdecerdanya\/wp-json\/wp\/v2\/posts\/5105\/revisions"}],"predecessor-version":[{"id":5113,"href":"https:\/\/agora.xtec.cat\/escolabacdecerdanya\/wp-json\/wp\/v2\/posts\/5105\/revisions\/5113"}],"wp:featuredmedia":[{"embeddable":true,"href":"https:\/\/agora.xtec.cat\/escolabacdecerdanya\/wp-json\/wp\/v2\/media\/5108"}],"wp:attachment":[{"href":"https:\/\/agora.xtec.cat\/escolabacdecerdanya\/wp-json\/wp\/v2\/media?parent=5105"}],"wp:term":[{"taxonomy":"category","embeddable":true,"href":"https:\/\/agora.xtec.cat\/escolabacdecerdanya\/wp-json\/wp\/v2\/categories?post=5105"},{"taxonomy":"post_tag","embeddable":true,"href":"https:\/\/agora.xtec.cat\/escolabacdecerdanya\/wp-json\/wp\/v2\/tags?post=5105"}],"curies":[{"name":"wp","href":"https:\/\/api.w.org\/{rel}","templated":true}]}}