{"id":5086,"date":"2022-12-06T08:28:24","date_gmt":"2022-12-06T07:28:24","guid":{"rendered":"https:\/\/agora.xtec.cat\/escolabacdecerdanya\/?p=5086"},"modified":"2022-12-18T20:26:10","modified_gmt":"2022-12-18T19:26:10","slug":"la-fete-de-noel","status":"publish","type":"post","link":"https:\/\/agora.xtec.cat\/escolabacdecerdanya\/general\/la-fete-de-noel\/","title":{"rendered":"LA F\u00caTE DE NO\u00cbL A CICLE MITJ\u00c0"},"content":{"rendered":"<p><strong>J&#8217;arrive la f\u00eate de No\u00ebl !!<\/strong><\/p>\n<p><strong>Pour se pr\u00e9parer, dans la classe de 4i\u00e8me on a commenc\u00e9 a apprendre le <em>vocabulaire de No\u00ebl<\/em> et les <em>traditions fran\u00e7aises<\/em>. Pour mieux s&#8217;amuser on a fait un jeux avec de<em> mousse \u00e0 raser<\/em>. <\/strong><\/p>\n<p><strong>C&#8217;est chouette !!\u00a0 \ud83c\udf85\ud83c\udf85\ud83c\udf85\ud83c\udf85\ud83c\udf85\ud83c\udf85<\/strong><\/p>\n<p>(S&#8217;acosten les festes de Nadal !!<\/p>\n<p>Per tal de preparar-nos, a la classe de 4t hem comen\u00e7at a aprendre vocabulari de Nadal i les tradicions franceses. Per divertir-nos hem fet un joc amb espuma d&#8217;afaitar.<\/p>\n<p>Qu\u00e8 divertit !! ) \ud83c\udf85\ud83c\udf85\ud83c\udf85\ud83c\udf85\ud83c\udf85\ud83c\udf85<\/p>\n<p>Si voleu veure les imatges cliqueu <a href=\"https:\/\/agora.xtec.cat\/escolabacdecerdanya\/albums-de-fotos\/cicle-mitja\/\">aqu\u00ed<\/a><\/p>\n<p><a href=\"https:\/\/agora.xtec.cat\/escolabacdecerdanya\/wp-content\/uploads\/usu1753\/2022\/12\/20221205_155510-2-scaled.jpg\"><img loading=\"lazy\" decoding=\"async\" class=\"aligncenter wp-image-5087\" src=\"https:\/\/agora.xtec.cat\/escolabacdecerdanya\/wp-content\/uploads\/usu1753\/2022\/12\/20221205_155510-2-1024x768.jpg\" alt=\"\" width=\"297\" height=\"223\" srcset=\"https:\/\/agora.xtec.cat\/escolabacdecerdanya\/wp-content\/uploads\/usu1753\/2022\/12\/20221205_155510-2-1024x768.jpg 1024w, https:\/\/agora.xtec.cat\/escolabacdecerdanya\/wp-content\/uploads\/usu1753\/2022\/12\/20221205_155510-2-300x225.jpg 300w, https:\/\/agora.xtec.cat\/escolabacdecerdanya\/wp-content\/uploads\/usu1753\/2022\/12\/20221205_155510-2-768x576.jpg 768w, https:\/\/agora.xtec.cat\/escolabacdecerdanya\/wp-content\/uploads\/usu1753\/2022\/12\/20221205_155510-2-1536x1152.jpg 1536w, https:\/\/agora.xtec.cat\/escolabacdecerdanya\/wp-content\/uploads\/usu1753\/2022\/12\/20221205_155510-2-2048x1536.jpg 2048w, https:\/\/agora.xtec.cat\/escolabacdecerdanya\/wp-content\/uploads\/usu1753\/2022\/12\/20221205_155510-2-200x150.jpg 200w\" sizes=\"auto, (max-width: 297px) 100vw, 297px\" \/><\/a><\/p>\n<p>&nbsp;<\/p>\n","protected":false},"excerpt":{"rendered":"<p>J&#8217;arrive la f\u00eate de No\u00ebl !!<br \/>\nPour se pr\u00e9parer, dans la classe de 4i\u00e8me on a commenc\u00e9 a apprendre le vocabulaire de No\u00ebl et les traditions fran\u00e7aises. Pour mieux s&#8217;amuser on a fait un jeux avec de mousse \u00e0 raser.<br \/>\nC&#8217;est chouette !!\u00a0 \ud83c\udf85\ud83c\udf85\ud83c\udf85\ud83c\udf85\ud83c\udf85\ud83c\udf85<br \/>\n(S&#8217;acosten les festes&hellip;  <a href=\"https:\/\/agora.xtec.cat\/escolabacdecerdanya\/general\/la-fete-de-noel\/\" title=\"Read LA F\u00caTE DE NO\u00cbL A CICLE MITJ\u00c0\">Llegeix m\u00e9s\u00bb<\/a><\/p>\n","protected":false},"author":6,"featured_media":0,"comment_status":"open","ping_status":"closed","sticky":false,"template":"","format":"standard","meta":{"_bbp_topic_count":0,"_bbp_reply_count":0,"_bbp_total_topic_count":0,"_bbp_total_reply_count":0,"_bbp_voice_count":0,"_bbp_anonymous_reply_count":0,"_bbp_topic_count_hidden":0,"_bbp_reply_count_hidden":0,"_bbp_forum_subforum_count":0,"footnotes":""},"categories":[13,239,105,161,156,242,1,162,69,61,4],"tags":[],"class_list":["post-5086","post","type-post","status-publish","format-standard","hentry","category-4t","category-album-de-fotos","category-mitja","category-festes","category-francais","category-ft-cicle-mitja","category-general","category-llengues-estrangeres","category-nadal","category-novetats","category-portada"],"post_mailing_queue_ids":[],"_links":{"self":[{"href":"https:\/\/agora.xtec.cat\/escolabacdecerdanya\/wp-json\/wp\/v2\/posts\/5086","targetHints":{"allow":["GET"]}}],"collection":[{"href":"https:\/\/agora.xtec.cat\/escolabacdecerdanya\/wp-json\/wp\/v2\/posts"}],"about":[{"href":"https:\/\/agora.xtec.cat\/escolabacdecerdanya\/wp-json\/wp\/v2\/types\/post"}],"author":[{"embeddable":true,"href":"https:\/\/agora.xtec.cat\/escolabacdecerdanya\/wp-json\/wp\/v2\/users\/6"}],"replies":[{"embeddable":true,"href":"https:\/\/agora.xtec.cat\/escolabacdecerdanya\/wp-json\/wp\/v2\/comments?post=5086"}],"version-history":[{"count":3,"href":"https:\/\/agora.xtec.cat\/escolabacdecerdanya\/wp-json\/wp\/v2\/posts\/5086\/revisions"}],"predecessor-version":[{"id":5141,"href":"https:\/\/agora.xtec.cat\/escolabacdecerdanya\/wp-json\/wp\/v2\/posts\/5086\/revisions\/5141"}],"wp:attachment":[{"href":"https:\/\/agora.xtec.cat\/escolabacdecerdanya\/wp-json\/wp\/v2\/media?parent=5086"}],"wp:term":[{"taxonomy":"category","embeddable":true,"href":"https:\/\/agora.xtec.cat\/escolabacdecerdanya\/wp-json\/wp\/v2\/categories?post=5086"},{"taxonomy":"post_tag","embeddable":true,"href":"https:\/\/agora.xtec.cat\/escolabacdecerdanya\/wp-json\/wp\/v2\/tags?post=5086"}],"curies":[{"name":"wp","href":"https:\/\/api.w.org\/{rel}","templated":true}]}}