{"id":5061,"date":"2022-11-25T17:52:37","date_gmt":"2022-11-25T16:52:37","guid":{"rendered":"https:\/\/agora.xtec.cat\/escolabacdecerdanya\/?p=5061"},"modified":"2022-11-25T18:41:42","modified_gmt":"2022-11-25T17:41:42","slug":"inauguracio-de-l-skate-park-dalp","status":"publish","type":"post","link":"https:\/\/agora.xtec.cat\/escolabacdecerdanya\/general\/inauguracio-de-l-skate-park-dalp\/","title":{"rendered":"INAUGURACI\u00d3 DE L&#8217; SKATE PARK D&#8217;ALP !"},"content":{"rendered":"<p>Ahir al mat\u00ed tota la mainada i mestres de l&#8217;escola vam anar a la inauguraci\u00f3 de l&#8217;Skate Park d&#8217;Alp!<a href=\"https:\/\/agora.xtec.cat\/escolabacdecerdanya\/wp-content\/uploads\/usu1753\/2022\/11\/IMG-20221125-WA0008.jpg\"><img loading=\"lazy\" decoding=\"async\" class=\"wp-image-5062 alignright\" src=\"https:\/\/agora.xtec.cat\/escolabacdecerdanya\/wp-content\/uploads\/usu1753\/2022\/11\/IMG-20221125-WA0008-1024x1024.jpg\" alt=\"\" width=\"235\" height=\"235\" srcset=\"https:\/\/agora.xtec.cat\/escolabacdecerdanya\/wp-content\/uploads\/usu1753\/2022\/11\/IMG-20221125-WA0008-1024x1024.jpg 1024w, https:\/\/agora.xtec.cat\/escolabacdecerdanya\/wp-content\/uploads\/usu1753\/2022\/11\/IMG-20221125-WA0008-300x300.jpg 300w, https:\/\/agora.xtec.cat\/escolabacdecerdanya\/wp-content\/uploads\/usu1753\/2022\/11\/IMG-20221125-WA0008-150x150.jpg 150w, https:\/\/agora.xtec.cat\/escolabacdecerdanya\/wp-content\/uploads\/usu1753\/2022\/11\/IMG-20221125-WA0008-768x768.jpg 768w, https:\/\/agora.xtec.cat\/escolabacdecerdanya\/wp-content\/uploads\/usu1753\/2022\/11\/IMG-20221125-WA0008.jpg 1512w\" sizes=\"auto, (max-width: 235px) 100vw, 235px\" \/><\/a><\/p>\n<p>Quan vam arribar l&#8217;equip de govern d&#8217;Alp ens esperaven amb coca i xocolata per esmorzar.\u00a0 Mentrestant ens van presentar un grup de nois i noies que saben patinar molt b\u00e9. <a href=\"https:\/\/agora.xtec.cat\/escolabacdecerdanya\/wp-content\/uploads\/usu1753\/2022\/11\/IMG-20221125-WA0012.jpg\"><img loading=\"lazy\" decoding=\"async\" class=\"wp-image-5063 alignleft\" src=\"https:\/\/agora.xtec.cat\/escolabacdecerdanya\/wp-content\/uploads\/usu1753\/2022\/11\/IMG-20221125-WA0012-1024x1024.jpg\" alt=\"\" width=\"233\" height=\"233\" srcset=\"https:\/\/agora.xtec.cat\/escolabacdecerdanya\/wp-content\/uploads\/usu1753\/2022\/11\/IMG-20221125-WA0012-1024x1024.jpg 1024w, https:\/\/agora.xtec.cat\/escolabacdecerdanya\/wp-content\/uploads\/usu1753\/2022\/11\/IMG-20221125-WA0012-300x300.jpg 300w, https:\/\/agora.xtec.cat\/escolabacdecerdanya\/wp-content\/uploads\/usu1753\/2022\/11\/IMG-20221125-WA0012-150x150.jpg 150w, https:\/\/agora.xtec.cat\/escolabacdecerdanya\/wp-content\/uploads\/usu1753\/2022\/11\/IMG-20221125-WA0012-768x768.jpg 768w, https:\/\/agora.xtec.cat\/escolabacdecerdanya\/wp-content\/uploads\/usu1753\/2022\/11\/IMG-20221125-WA0012.jpg 1512w\" sizes=\"auto, (max-width: 233px) 100vw, 233px\" \/><\/a>Ells ens van explicar un munt de coses que hem de tenir en compte a l&#8217;hora de patinar en un skate park; \u00e9s molt important protegir-nos b\u00e9 (sobre tot genolls, mans i el cap amb un casc ben ajustat). Tamb\u00e9 cal tenir en compte que si estem sols al park podem patinar com vulguem per\u00f2 si hi ha altres persones hem d&#8217;acordar unes normes per no fer-nos mal entre nosaltres.<\/p>\n<p>Despr\u00e9s vam fer una volta de reconeixement al circu\u00eft i ens van fer un munt de demostracions de diferents maneres de patinar&#8230; <a href=\"https:\/\/agora.xtec.cat\/escolabacdecerdanya\/wp-content\/uploads\/usu1753\/2022\/11\/IMG-20221125-WA0010.jpg\"><img loading=\"lazy\" decoding=\"async\" class=\"wp-image-5065 alignleft\" src=\"https:\/\/agora.xtec.cat\/escolabacdecerdanya\/wp-content\/uploads\/usu1753\/2022\/11\/IMG-20221125-WA0010-1024x1024.jpg\" alt=\"\" width=\"213\" height=\"213\" srcset=\"https:\/\/agora.xtec.cat\/escolabacdecerdanya\/wp-content\/uploads\/usu1753\/2022\/11\/IMG-20221125-WA0010-1024x1024.jpg 1024w, https:\/\/agora.xtec.cat\/escolabacdecerdanya\/wp-content\/uploads\/usu1753\/2022\/11\/IMG-20221125-WA0010-300x300.jpg 300w, https:\/\/agora.xtec.cat\/escolabacdecerdanya\/wp-content\/uploads\/usu1753\/2022\/11\/IMG-20221125-WA0010-150x150.jpg 150w, https:\/\/agora.xtec.cat\/escolabacdecerdanya\/wp-content\/uploads\/usu1753\/2022\/11\/IMG-20221125-WA0010-768x768.jpg 768w, https:\/\/agora.xtec.cat\/escolabacdecerdanya\/wp-content\/uploads\/usu1753\/2022\/11\/IMG-20221125-WA0010.jpg 1512w\" sizes=\"auto, (max-width: 213px) 100vw, 213px\" \/><\/a> <a href=\"https:\/\/agora.xtec.cat\/escolabacdecerdanya\/wp-content\/uploads\/usu1753\/2022\/11\/IMG-20221125-WA0007.jpg\"><img loading=\"lazy\" decoding=\"async\" class=\"wp-image-5064 alignleft\" src=\"https:\/\/agora.xtec.cat\/escolabacdecerdanya\/wp-content\/uploads\/usu1753\/2022\/11\/IMG-20221125-WA0007-1024x1024.jpg\" alt=\"\" width=\"214\" height=\"214\" srcset=\"https:\/\/agora.xtec.cat\/escolabacdecerdanya\/wp-content\/uploads\/usu1753\/2022\/11\/IMG-20221125-WA0007-1024x1024.jpg 1024w, https:\/\/agora.xtec.cat\/escolabacdecerdanya\/wp-content\/uploads\/usu1753\/2022\/11\/IMG-20221125-WA0007-300x300.jpg 300w, https:\/\/agora.xtec.cat\/escolabacdecerdanya\/wp-content\/uploads\/usu1753\/2022\/11\/IMG-20221125-WA0007-150x150.jpg 150w, https:\/\/agora.xtec.cat\/escolabacdecerdanya\/wp-content\/uploads\/usu1753\/2022\/11\/IMG-20221125-WA0007-768x768.jpg 768w, https:\/\/agora.xtec.cat\/escolabacdecerdanya\/wp-content\/uploads\/usu1753\/2022\/11\/IMG-20221125-WA0007.jpg 1512w\" sizes=\"auto, (max-width: 214px) 100vw, 214px\" \/><\/a>Per acabar van sortejar diferents skates, cascs i proteccions entre els nens i nenes de l&#8217;escola! &#8230; va ser una gran sorpresa.<a href=\"https:\/\/agora.xtec.cat\/escolabacdecerdanya\/wp-content\/uploads\/usu1753\/2022\/11\/IMG-20221125-WA0011.jpg\"><img loading=\"lazy\" decoding=\"async\" class=\"wp-image-5066 alignright\" src=\"https:\/\/agora.xtec.cat\/escolabacdecerdanya\/wp-content\/uploads\/usu1753\/2022\/11\/IMG-20221125-WA0011-1024x1024.jpg\" alt=\"\" width=\"258\" height=\"258\" srcset=\"https:\/\/agora.xtec.cat\/escolabacdecerdanya\/wp-content\/uploads\/usu1753\/2022\/11\/IMG-20221125-WA0011-1024x1024.jpg 1024w, https:\/\/agora.xtec.cat\/escolabacdecerdanya\/wp-content\/uploads\/usu1753\/2022\/11\/IMG-20221125-WA0011-300x300.jpg 300w, https:\/\/agora.xtec.cat\/escolabacdecerdanya\/wp-content\/uploads\/usu1753\/2022\/11\/IMG-20221125-WA0011-150x150.jpg 150w, https:\/\/agora.xtec.cat\/escolabacdecerdanya\/wp-content\/uploads\/usu1753\/2022\/11\/IMG-20221125-WA0011-768x768.jpg 768w, https:\/\/agora.xtec.cat\/escolabacdecerdanya\/wp-content\/uploads\/usu1753\/2022\/11\/IMG-20221125-WA0011.jpg 1512w\" sizes=\"auto, (max-width: 258px) 100vw, 258px\" \/><\/a><\/p>\n<p><a href=\"https:\/\/agora.xtec.cat\/escolabacdecerdanya\/albums-de-fotos\/escola\/\">Us deixem l&#8217;enlla\u00e7<\/a> a les imatges i v\u00eddeos de la inauguraci\u00f3.<\/p>\n<p>&nbsp;<\/p>\n","protected":false},"excerpt":{"rendered":"<p>Ahir al mat\u00ed tota la mainada i mestres de l&#8217;escola vam anar a la inauguraci\u00f3 de l&#8217;Skate Park d&#8217;Alp!<a href=\"https:\/\/agora.xtec.cat\/escolabacdecerdanya\/wp-content\/uploads\/usu1753\/2022\/11\/IMG-20221125-WA0008.jpg\"><\/a><br \/>\nQuan vam arribar l&#8217;equip de govern d&#8217;Alp ens esperaven amb coca i xocolata per esmorzar.\u00a0 Mentrestant ens van presentar un grup de nois i noies que&hellip;  <a href=\"https:\/\/agora.xtec.cat\/escolabacdecerdanya\/general\/inauguracio-de-l-skate-park-dalp\/\" title=\"Read INAUGURACI\u00d3 DE L&#8217; SKATE PARK D&#8217;ALP !\">Llegeix m\u00e9s\u00bb<\/a><\/p>\n","protected":false},"author":8,"featured_media":5064,"comment_status":"open","ping_status":"closed","sticky":false,"template":"","format":"standard","meta":{"_bbp_topic_count":0,"_bbp_reply_count":0,"_bbp_total_topic_count":0,"_bbp_total_reply_count":0,"_bbp_voice_count":0,"_bbp_anonymous_reply_count":0,"_bbp_topic_count_hidden":0,"_bbp_reply_count_hidden":0,"_bbp_forum_subforum_count":0,"footnotes":""},"categories":[239,1,61,4,86],"tags":[],"class_list":["post-5061","post","type-post","status-publish","format-standard","has-post-thumbnail","hentry","category-album-de-fotos","category-general","category-novetats","category-portada","category-sortida"],"post_mailing_queue_ids":[],"_links":{"self":[{"href":"https:\/\/agora.xtec.cat\/escolabacdecerdanya\/wp-json\/wp\/v2\/posts\/5061","targetHints":{"allow":["GET"]}}],"collection":[{"href":"https:\/\/agora.xtec.cat\/escolabacdecerdanya\/wp-json\/wp\/v2\/posts"}],"about":[{"href":"https:\/\/agora.xtec.cat\/escolabacdecerdanya\/wp-json\/wp\/v2\/types\/post"}],"author":[{"embeddable":true,"href":"https:\/\/agora.xtec.cat\/escolabacdecerdanya\/wp-json\/wp\/v2\/users\/8"}],"replies":[{"embeddable":true,"href":"https:\/\/agora.xtec.cat\/escolabacdecerdanya\/wp-json\/wp\/v2\/comments?post=5061"}],"version-history":[{"count":2,"href":"https:\/\/agora.xtec.cat\/escolabacdecerdanya\/wp-json\/wp\/v2\/posts\/5061\/revisions"}],"predecessor-version":[{"id":5069,"href":"https:\/\/agora.xtec.cat\/escolabacdecerdanya\/wp-json\/wp\/v2\/posts\/5061\/revisions\/5069"}],"wp:featuredmedia":[{"embeddable":true,"href":"https:\/\/agora.xtec.cat\/escolabacdecerdanya\/wp-json\/wp\/v2\/media\/5064"}],"wp:attachment":[{"href":"https:\/\/agora.xtec.cat\/escolabacdecerdanya\/wp-json\/wp\/v2\/media?parent=5061"}],"wp:term":[{"taxonomy":"category","embeddable":true,"href":"https:\/\/agora.xtec.cat\/escolabacdecerdanya\/wp-json\/wp\/v2\/categories?post=5061"},{"taxonomy":"post_tag","embeddable":true,"href":"https:\/\/agora.xtec.cat\/escolabacdecerdanya\/wp-json\/wp\/v2\/tags?post=5061"}],"curies":[{"name":"wp","href":"https:\/\/api.w.org\/{rel}","templated":true}]}}