{"id":504,"date":"2017-03-01T11:46:00","date_gmt":"2017-03-01T10:46:00","guid":{"rendered":"http:\/\/agora.xtec.cat\/escolabacdecerdanya\/general\/anem-a-buscar-rostita\/"},"modified":"2017-03-01T11:46:00","modified_gmt":"2017-03-01T10:46:00","slug":"anem-a-buscar-rostita","status":"publish","type":"post","link":"https:\/\/agora.xtec.cat\/escolabacdecerdanya\/festes\/carnestoltes\/anem-a-buscar-rostita\/","title":{"rendered":"ANEM A BUSCAR ROSTITA!!"},"content":{"rendered":"<p><span style=\"font-family: &quot;verdana&quot; , sans-serif;\">Com cada any, el dijous llarder, a l&#8217;escola <b><span style=\"color: #cc0000;\">ens posem una disfressa i anem a buscar rostita!<\/span><\/b> Tot est\u00e0 ben vingut, des d&#8217;ous i botifarres a patates, sucs, galetes,&#8230;<\/span><br \/><span style=\"font-family: &quot;verdana&quot; , sans-serif;\">Aquest any, seguin la tem\u00e0tica de la <i>Setmana Cultural<\/i>, ens hem disfressat de llocs, voleu veure que guapos an\u00e0vem?&nbsp;<\/span><br \/><span style=\"font-family: &quot;verdana&quot; , sans-serif;\">Doncs cliqueu a la foto i ja veureu!!<\/span><br \/><span style=\"font-family: &quot;verdana&quot; , sans-serif;\"><br \/><\/span><\/p>\n<div style=\"clear: both; text-align: center;\"><a href=\"https:\/\/goo.gl\/photos\/oX1QpjpqAY5FGyYbA\" target=\"_blank\"><img loading=\"lazy\" decoding=\"async\" border=\"0\" height=\"240\" src=\"https:\/\/1.bp.blogspot.com\/-h1Ti7SCypno\/WLaYZc9QOjI\/AAAAAAAAKgs\/8EbhDgOZQEMI2K4F1djoAOyt0X5DQAwoQCLcB\/s320\/IMG_1480.JPG\" width=\"320\" \/><\/a><\/div>\n<p><span style=\"font-family: &quot;verdana&quot; , sans-serif;\"><br \/><\/span><span style=\"font-family: &quot;verdana&quot; , sans-serif;\"><br \/><\/span><span style=\"font-family: &quot;verdana&quot; , sans-serif;\">Tamb\u00e9 volem agra\u00efr els magn\u00edfics esmorzars que ens feu, tant a Alp com amb el rostitabus, aquest any a la Molina.&nbsp;<\/span><\/p>\n<div style=\"text-align: center;\"><span style=\"font-family: &quot;verdana&quot; , sans-serif;\"><span style=\"color: red; font-size: large;\"><b><br \/><\/b><\/span><\/span><\/div>\n<div style=\"text-align: center;\"><span style=\"font-family: &quot;verdana&quot; , sans-serif;\"><span style=\"color: red; font-size: large;\"><b>Mil gr\u00e0cies!!<\/b><\/span><\/span><\/div>\n<p><\/p>\n","protected":false},"excerpt":{"rendered":"<p>Com cada any, el dijous llarder, a l&#8217;escola ens posem una disfressa i anem a buscar rostita! Tot est\u00e0 ben vingut, des d&#8217;ous i botifarres a patates, sucs, galetes,&#8230;Aquest any, seguin la tem\u00e0tica de la Setmana Cultural, ens hem disfressat de llocs, voleu veure que&hellip;  <a href=\"https:\/\/agora.xtec.cat\/escolabacdecerdanya\/festes\/carnestoltes\/anem-a-buscar-rostita\/\" title=\"Read ANEM A BUSCAR ROSTITA!!\">Llegeix m\u00e9s\u00bb<\/a><\/p>\n","protected":false},"author":1,"featured_media":0,"comment_status":"open","ping_status":"closed","sticky":false,"template":"","format":"standard","meta":{"_bbp_topic_count":0,"_bbp_reply_count":0,"_bbp_total_topic_count":0,"_bbp_total_reply_count":0,"_bbp_voice_count":0,"_bbp_anonymous_reply_count":0,"_bbp_topic_count_hidden":0,"_bbp_reply_count_hidden":0,"_bbp_forum_subforum_count":0,"footnotes":""},"categories":[65],"tags":[],"class_list":["post-504","post","type-post","status-publish","format-standard","hentry","category-carnestoltes"],"post_mailing_queue_ids":[],"_links":{"self":[{"href":"https:\/\/agora.xtec.cat\/escolabacdecerdanya\/wp-json\/wp\/v2\/posts\/504","targetHints":{"allow":["GET"]}}],"collection":[{"href":"https:\/\/agora.xtec.cat\/escolabacdecerdanya\/wp-json\/wp\/v2\/posts"}],"about":[{"href":"https:\/\/agora.xtec.cat\/escolabacdecerdanya\/wp-json\/wp\/v2\/types\/post"}],"author":[{"embeddable":true,"href":"https:\/\/agora.xtec.cat\/escolabacdecerdanya\/wp-json\/wp\/v2\/users\/1"}],"replies":[{"embeddable":true,"href":"https:\/\/agora.xtec.cat\/escolabacdecerdanya\/wp-json\/wp\/v2\/comments?post=504"}],"version-history":[{"count":0,"href":"https:\/\/agora.xtec.cat\/escolabacdecerdanya\/wp-json\/wp\/v2\/posts\/504\/revisions"}],"wp:attachment":[{"href":"https:\/\/agora.xtec.cat\/escolabacdecerdanya\/wp-json\/wp\/v2\/media?parent=504"}],"wp:term":[{"taxonomy":"category","embeddable":true,"href":"https:\/\/agora.xtec.cat\/escolabacdecerdanya\/wp-json\/wp\/v2\/categories?post=504"},{"taxonomy":"post_tag","embeddable":true,"href":"https:\/\/agora.xtec.cat\/escolabacdecerdanya\/wp-json\/wp\/v2\/tags?post=504"}],"curies":[{"name":"wp","href":"https:\/\/api.w.org\/{rel}","templated":true}]}}